{"id":34146,"date":"2025-10-29T09:25:13","date_gmt":"2025-10-29T09:25:13","guid":{"rendered":"https:\/\/www.europesays.com\/lv\/34146\/"},"modified":"2025-10-29T09:25:13","modified_gmt":"2025-10-29T09:25:13","slug":"video-a-gutmanis-un-a-kausenieks-informeja-ventspils-pilsetas-infrastrukturas-uzlabojumiem-28-10-2025-ventspils","status":"publish","type":"post","link":"https:\/\/www.europesays.com\/lv\/34146\/","title":{"rendered":"VIDEO: A.G\u016btmanis un A.Kausenieks inform\u0113ja Ventspils pils\u0113tas infrastrukt\u016bras uzlabojumiem &#8211; 28.10.2025. &#8211; Ventspils"},"content":{"rendered":"<ol>\n<li><a href=\"https:\/\/news.google.com\/rss\/articles\/CBMixgFBVV95cUxPN3hxRl9ySkpnSWozbW5yWUpIV1ZWNG51VmxTVUY5X28zR3dpY2xfV25OODJrWGtBaVUwRlREN0xEOC1NRGRkRXpzYUxQdlRtVnFraXI4SmpMeXpqdThIY3ZEZTJsNGZGa0M0cnJkOE9OckdWOWk3cGpuQzh4N0NCSmRXdWZ1THJOWjB2OUVMUV9HdUlkNTE5elk3eU02TGxGTDU2S3hyLUZsT0IzNXlDMDF3Vm4wai01T0lJam1iTzlMMkRPVnc?oc=5\" target=\"_blank\" rel=\"nofollow noopener\">VIDEO: A.G\u016btmanis un A.Kausenieks inform\u0113ja Ventspils pils\u0113tas infrastrukt\u016bras uzlabojumiem &#8211; 28.10.2025.<\/a>&nbsp;&nbsp;Ventspils<\/li>\n<li><a href=\"https:\/\/news.google.com\/rss\/articles\/CBMiwwFBVV95cUxOdkwtby1GcDBqcGRvVmZVbS1lLXVkNHpvRXJ3VTZkdERwNEE5SXhUMEF6cDJHOUh0Q19vVDZCcTZVSjJqWDM1UmhKVVZET08tUEROWjdZeGZHeFpQOE1ud0YtVnVabklzWnRDb0FGcndjeWR3NmFEWTBnRnEwSFl4bEJfNUNjRDFoNm96UVRrWjVpOFdVX09TNjlhSzV1UkUtUUJrMWZSNUdkZmU1QmkxWG85di1JZlY2ZHF0aGtzd3dXTEk?oc=5\" target=\"_blank\" rel=\"nofollow noopener\">Atbild\u0113s uz iedz\u012bvot\u0101ju jaut\u0101jumiem par t\u0113mu \u201cPils\u0113tas labiek\u0101rto\u0161ana un infrastrukt\u016bras att\u012bst\u012bba\u201d<\/a>&nbsp;&nbsp;Ventspils<\/li>\n<li><a href=\"https:\/\/news.google.com\/rss\/articles\/CBMikwFBVV95cUxQOEJKY2dEcklPM256eUJ4cGJIUVBpR3BMNDNMc0xfUkVlNDlfRnBYUFQ4bGxKNVhhU1pfeFpCcG53SHhpbHpzNXNXRFlnV3AxMk82b01uZmI4Mk5NVmJQbkppUFpZZWRSeVFwYXdrQUg4UzdoLTk4OGZxT19lZG9qS0Exd0R3eDBhZWtSSjItYXJ6RmM?oc=5\" target=\"_blank\" rel=\"nofollow noopener\">VIDEO: A. G\u016btmanis par Ventspils pils\u0113tas aktualit\u0101t\u0113m 28.10.2025.<\/a>&nbsp;&nbsp;Ventspils<\/li>\n<li><a href=\"https:\/\/news.google.com\/rss\/articles\/CBMiqAFBVV95cUxPRHZ1X28zYkpncWxGV3gySXZ1Ykx2QWhVXzdFUjdaVkZwekp6ektRb0lxVHJ4NWZIMWRxbExpZ1JTWnd5S0FRV3lrSEh3UjRXYlhOdXFKM1lsU3k3amR2RkZwWTBCR0ZqdVRwUkVhZC1XY29TZ3NKOTVNWmZRU01wVDBfS1BZN3JPZWlvNUF1V3RaN3RHY25hWEdmRHJsSGJ3cTFMSGlZOC0?oc=5\" target=\"_blank\" rel=\"nofollow noopener\">Tie\u0161raid\u0113 b\u016bs skat\u0101ma Ventspils valstspils\u0113tas pa\u0161vald\u012bbas preses konference<\/a>&nbsp;&nbsp;Ventspils<\/li>\n<\/ol>\n","protected":false},"excerpt":{"rendered":"VIDEO: A.G\u016btmanis un A.Kausenieks inform\u0113ja Ventspils pils\u0113tas infrastrukt\u016bras uzlabojumiem &#8211; 28.10.2025.&nbsp;&nbsp;Ventspils Atbild\u0113s uz iedz\u012bvot\u0101ju jaut\u0101jumiem par t\u0113mu \u201cPils\u0113tas&hellip;\n","protected":false},"author":2,"featured_media":34147,"comment_status":"","ping_status":"","sticky":false,"template":"","format":"standard","meta":{"footnotes":""},"categories":[12],"tags":[23,28,29,32,33,22,30,31,35,39,38,36,37,34,40,20,26,27,24,25,21],"class_list":{"0":"post-34146","1":"post","2":"type-post","3":"status-publish","4":"format-standard","5":"has-post-thumbnail","7":"category-latvija","8":"tag-aktualitates","9":"tag-breaking-news","10":"tag-breakingnews","11":"tag-featured-news","12":"tag-featurednews","13":"tag-headlines","14":"tag-latest-news","15":"tag-latestnews","16":"tag-latvia","17":"tag-latvian","18":"tag-latviesu","19":"tag-latviesu-valoda","20":"tag-latviesuvaloda","21":"tag-latvija","22":"tag-lv","23":"tag-news","24":"tag-popularakas-zinas","25":"tag-popularakaszinas","26":"tag-top-stories","27":"tag-topstories","28":"tag-zinas"},"share_on_mastodon":{"url":"https:\/\/pubeurope.com\/@lv\/115456738953943421","error":""},"_links":{"self":[{"href":"https:\/\/www.europesays.com\/lv\/wp-json\/wp\/v2\/posts\/34146","targetHints":{"allow":["GET"]}}],"collection":[{"href":"https:\/\/www.europesays.com\/lv\/wp-json\/wp\/v2\/posts"}],"about":[{"href":"https:\/\/www.europesays.com\/lv\/wp-json\/wp\/v2\/types\/post"}],"author":[{"embeddable":true,"href":"https:\/\/www.europesays.com\/lv\/wp-json\/wp\/v2\/users\/2"}],"replies":[{"embeddable":true,"href":"https:\/\/www.europesays.com\/lv\/wp-json\/wp\/v2\/comments?post=34146"}],"version-history":[{"count":0,"href":"https:\/\/www.europesays.com\/lv\/wp-json\/wp\/v2\/posts\/34146\/revisions"}],"wp:featuredmedia":[{"embeddable":true,"href":"https:\/\/www.europesays.com\/lv\/wp-json\/wp\/v2\/media\/34147"}],"wp:attachment":[{"href":"https:\/\/www.europesays.com\/lv\/wp-json\/wp\/v2\/media?parent=34146"}],"wp:term":[{"taxonomy":"category","embeddable":true,"href":"https:\/\/www.europesays.com\/lv\/wp-json\/wp\/v2\/categories?post=34146"},{"taxonomy":"post_tag","embeddable":true,"href":"https:\/\/www.europesays.com\/lv\/wp-json\/wp\/v2\/tags?post=34146"}],"curies":[{"name":"wp","href":"https:\/\/api.w.org\/{rel}","templated":true}]}}