{"id":34157,"date":"2025-10-29T09:38:09","date_gmt":"2025-10-29T09:38:09","guid":{"rendered":"https:\/\/www.europesays.com\/lv\/34157\/"},"modified":"2025-10-29T09:38:09","modified_gmt":"2025-10-29T09:38:09","slug":"cernobilas-suni-kapec-paradijusies-dzivnieki-ar-zilu-kazoku","status":"publish","type":"post","link":"https:\/\/www.europesays.com\/lv\/34157\/","title":{"rendered":"\u010cernobi\u013cas su\u0146i: k\u0101p\u0113c par\u0101d\u012bju\u0161ies dz\u012bvnieki ar zilu ka\u017eoku"},"content":{"rendered":"<p class=\"descr\">Viet\u0113jie iedz\u012bvot\u0101ji ir neizpratn\u0113 p\u0113c tam, kad \u010cernobi\u013cas apk\u0101rtn\u0113  paman\u012bta su\u0146u grupa \u2013 da\u017ei no tiem p\u0113c gadiem ilgas dz\u012bves atomelektrostacijas tuvum\u0101 ir ieguvu\u0161i d\u012bvainu zilu nokr\u0101su, raksta \u201cDaily Star\u201d.<\/p>\n<p>Ir iem\u016b\u017ein\u0101ti vair\u0101ki \u010cernobi\u013c\u0101 dz\u012bvojo\u0161i su\u0146i, kuru ka\u017eoks ir k\u013cuvis zils &#8211; 38 gadus p\u0113c kodolkatastrofas labdar\u012bbas darbinieku komanda atkl\u0101ja tr\u012bs su\u0146us, kuru ka\u017eoks bija ieguvis nedabisku, \u0161ok\u0113jo\u0161i zilu kr\u0101su.<\/p>\n<p>Video, kas public\u0113ts internet\u0101, redzams viens dz\u012bvnieks, kur\u0161 izskat\u0101s piln\u012bgi zils, blakus citiem su\u0146iem, kuriem, \u0161\u0137iet, ir dab\u012bgas kr\u0101sas ka\u017eoks. Apk\u0101rtn\u0113 paman\u012bti v\u0113l divi \u201czilie su\u0146i\u201d.<\/p>\n<p>Videoierakstu \u0161om\u0113nes uz\u0146\u0113ma organiz\u0101cija &#8220;Dogs of Chernobyl&#8221;, kas ir saist\u012bta ar bezpe\u013c\u0146as organiz\u0101ciju &#8220;Clean Futures Fund&#8221;, kas str\u0101d\u0101 \u0161aj\u0101 apgabal\u0101, lai steriliz\u0113tu, kastr\u0113tu un vakcin\u0113tu klai\u0146ojo\u0161us su\u0146us, kas dz\u012bvo \u0161aj\u0101 zon\u0101.<\/p>\n<p>Katru gadu \u0161aj\u0101 apgabal\u0101 ierodas komanda, lai sniegtu medic\u012bnisko apr\u016bpi un p\u0101rtiku aptuveni 700 su\u0146iem, kas dz\u012bvo \u010cernobi\u013c\u0101. <\/p>\n<p>P\u0101rst\u0101vis sac\u012bja: \u201cM\u0113s pa\u0161laik \u0137eram su\u0146us steriliz\u0101cijai, un m\u0113s sastap\u0101m tr\u012bs su\u0146us, kas bija piln\u012bgi zili.<\/p>\n<p>M\u0113s neesam \u012bsti p\u0101rliecin\u0101ti, kas notiek. Tuv\u0113jie iedz\u012bvot\u0101ji mums jaut\u0101, k\u0101p\u0113c su\u0146i k\u013cuvu\u0161i zili, jo v\u0113l pag\u0101ju\u0161aj\u0101 ned\u0113\u013c\u0101 tie t\u0101di nebija.<\/p>\n<p>Visticam\u0101k, vi\u0146i non\u0101k saskar\u0113 ar k\u0101du \u0137\u012bmisku vielu.<\/p>\n<p>\u0160\u0137iet, ka dz\u012bvnieki ir \u013coti akt\u012bvi un veseli, ta\u010du \u0161obr\u012bd mums nav izdevies vi\u0146us notvert.\u201d<\/p>\n<p>Fonds 2017. gad\u0101 uzs\u0101ka programmu \u201c\u010cernobi\u013cas su\u0146i\u201d, lai pal\u012bdz\u0113tu r\u016bp\u0113ties par m\u0101jdz\u012bvnieku p\u0113cn\u0101c\u0113jiem, kuri tika pamesti 80. gados p\u0113c kodolkatastrofas.<\/p>\n<p>\u0160\u012b m\u0113ne\u0161a s\u0101kum\u0101 pamestaj\u0101 elektrostacij\u0101 tika izsludin\u0101ta \u0101rk\u0101rtas situ\u0101cija Krievijas ap\u0161audes d\u0113\u013c.<\/p>\n<p>Ukrainas vald\u012bba zi\u0146oja par <a href=\"https:\/\/nra.lv\/baltija\/lietuva\/503157-panika-aptiekas-izperk-kalija-jodida-tabletes.htm\" data-item-link=\"true\" data-item-id=\"503157\" rel=\"nofollow noopener\" target=\"_blank\">\u201c\u0101rk\u0101rtas situ\u0101ciju\u201d kodolobjekt\u0101<\/a> saist\u012bb\u0101 ar elektroener\u0123ijas padeves p\u0101rtraukumu jaunaj\u0101 dro\u0161aj\u0101 norobe\u017eojuma strukt\u016br\u0101. <\/p>\n<p>\t\t\t\t\t\tinfo<\/p>\n<p>Uzzini pirmais<br \/>kas interesants noticis Latvij\u0101 un pasaul\u0113,<br \/>pievienojoties mums <a href=\"https:\/\/t.me\/neatkariga\" rel=\"nofollow\">Telegram<\/a> vai <a href=\"https:\/\/whatsapp.com\/channel\/0029VaMLFUH5K3zLU5s4wm3y\" rel=\"nofollow noopener\" target=\"_blank\">Whatsapp<\/a> kan\u0101l\u0101<\/p>\n","protected":false},"excerpt":{"rendered":"Viet\u0113jie iedz\u012bvot\u0101ji ir neizpratn\u0113 p\u0113c tam, kad \u010cernobi\u013cas apk\u0101rtn\u0113 paman\u012bta su\u0146u grupa \u2013 da\u017ei no tiem p\u0113c gadiem&hellip;\n","protected":false},"author":2,"featured_media":34158,"comment_status":"","ping_status":"","sticky":false,"template":"","format":"standard","meta":{"footnotes":""},"categories":[5],"tags":[23,28,29,32,33,22,30,31,35,39,38,36,37,34,40,20,26,27,24,25,21],"class_list":{"0":"post-34157","1":"post","2":"type-post","3":"status-publish","4":"format-standard","5":"has-post-thumbnail","7":"category-aktualitates","8":"tag-aktualitates","9":"tag-breaking-news","10":"tag-breakingnews","11":"tag-featured-news","12":"tag-featurednews","13":"tag-headlines","14":"tag-latest-news","15":"tag-latestnews","16":"tag-latvia","17":"tag-latvian","18":"tag-latviesu","19":"tag-latviesu-valoda","20":"tag-latviesuvaloda","21":"tag-latvija","22":"tag-lv","23":"tag-news","24":"tag-popularakas-zinas","25":"tag-popularakaszinas","26":"tag-top-stories","27":"tag-topstories","28":"tag-zinas"},"share_on_mastodon":{"url":"https:\/\/pubeurope.com\/@lv\/115456789927398703","error":""},"_links":{"self":[{"href":"https:\/\/www.europesays.com\/lv\/wp-json\/wp\/v2\/posts\/34157","targetHints":{"allow":["GET"]}}],"collection":[{"href":"https:\/\/www.europesays.com\/lv\/wp-json\/wp\/v2\/posts"}],"about":[{"href":"https:\/\/www.europesays.com\/lv\/wp-json\/wp\/v2\/types\/post"}],"author":[{"embeddable":true,"href":"https:\/\/www.europesays.com\/lv\/wp-json\/wp\/v2\/users\/2"}],"replies":[{"embeddable":true,"href":"https:\/\/www.europesays.com\/lv\/wp-json\/wp\/v2\/comments?post=34157"}],"version-history":[{"count":0,"href":"https:\/\/www.europesays.com\/lv\/wp-json\/wp\/v2\/posts\/34157\/revisions"}],"wp:featuredmedia":[{"embeddable":true,"href":"https:\/\/www.europesays.com\/lv\/wp-json\/wp\/v2\/media\/34158"}],"wp:attachment":[{"href":"https:\/\/www.europesays.com\/lv\/wp-json\/wp\/v2\/media?parent=34157"}],"wp:term":[{"taxonomy":"category","embeddable":true,"href":"https:\/\/www.europesays.com\/lv\/wp-json\/wp\/v2\/categories?post=34157"},{"taxonomy":"post_tag","embeddable":true,"href":"https:\/\/www.europesays.com\/lv\/wp-json\/wp\/v2\/tags?post=34157"}],"curies":[{"name":"wp","href":"https:\/\/api.w.org\/{rel}","templated":true}]}}