{"id":34168,"date":"2025-10-29T09:50:15","date_gmt":"2025-10-29T09:50:15","guid":{"rendered":"https:\/\/www.europesays.com\/lv\/34168\/"},"modified":"2025-10-29T09:50:15","modified_gmt":"2025-10-29T09:50:15","slug":"precejusies-paslaik-vel-neesmu-santa","status":"publish","type":"post","link":"https:\/\/www.europesays.com\/lv\/34168\/","title":{"rendered":"\u00abPrec\u0113jusies pa\u0161laik v\u0113l neesmu.\u00bb \u2014 Santa"},"content":{"rendered":"<p>Pag\u0101ju\u0161aj\u0101 ned\u0113\u013c\u0101 Laura Vizla, kas ar Kristapu kop\u0101 bija aptuveni tr\u012bs gadus, R\u012bgas modes ned\u0113\u013c\u0101 apmekl\u0113ja teju vai visas skates.<\/p>\n<p>        <a href=\"https:\/\/www.europesays.com\/lv\/wp-content\/uploads\/2025\/10\/94b3b171a02a.jpg\"><img decoding=\"async\" alt=\"Laura Vizla.\" class=\"no-convert\" src=\"https:\/\/www.europesays.com\/lv\/wp-content\/uploads\/2025\/10\/94b3b171a02a.jpg\"\/><\/a><\/p>\n<p> Foto: Picture Agency<\/p>\n<p>Laura Vizla.<\/p>\n<p>Sarun\u0101 ar \u017eurn\u0101lu Priv\u0101t\u0101 Dz\u012bve Laura atzina: \u00abEsmu \u013coti laim\u012bga. Izvand\u012bjusies pa pasauli k\u0101 Spr\u012bd\u012btis, esmu atgriezusies m\u0101j\u0101s. Latvija ir \u013coti laba zeme. Te ir skaista daba, svaigs un t\u012brs gaiss un \u013coti inteli\u0123enti cilv\u0113ki. Latvij\u0101 dz\u012bvot ir dro\u0161i un mier\u012bgi. Esmu \u0161eit dzimusi, te ir manas saknes. Man vajag Latvijas me\u017eus, j\u016bru un p\u013cavas, kur vasar\u0101s varu s\u0113d\u0113t un p\u012bt J\u0101\u0146u vainagus.\u00bb<\/p>\n<p>Vaic\u0101ta, vai vi\u0146as sirds \u0161obr\u012bd pieder k\u0101dam citam v\u012brietim, 27 gadus vec\u0101 sieviete \u013cauj noprast, ka glu\u017ei br\u012bva vi\u0146a nav.<\/p>\n<blockquote><p>&#13;<\/p>\n<p>Smejoties Laura atbild: \u00abNu, prec\u0113jusies es pa\u0161laik v\u0113l neesmu.\u00bb<\/p>\n<p>&#13;\n<\/p><\/blockquote>\n<p>Uz jaut\u0101jumu, vai vi\u0146\u0101 m\u0101jo sapnis par balto k\u0101zu kleitu un j\u0101v\u0101rda teik\u0161anu vien\u012bgajam un \u012bstajam, Laura saka: \u00abJa god\u012bgi, tagad uz \u0161\u0101d\u0101m liet\u0101m nekoncentr\u0113jos. \u0160obr\u012bd visu uzman\u012bbu piev\u0113r\u0161u savai iek\u0161\u0113jai pasaulei, kas man ir \u013coti dzi\u013ca un interesanta. Viss p\u0101r\u0113jais notiks tad, kad tam b\u016bs laiks.\u00bb<\/p>\n<p>\u00abPatlaban es \u013coti daudz rakstu,\u00bb teic 27 gadus vec\u0101 Vizla un atkl\u0101j \u2013 \u0161obr\u012bd str\u0101d\u0101jot pie savas pirm\u0101s gr\u0101matas. T\u0101 b\u016b\u0161ot autobiogr\u0101fiska un v\u0113st\u012b\u0161ot par Lauras pa\u0161as piedz\u012bvoto. \u00abMan ir \u013coti kr\u0101\u0161\u0146a un bag\u0101ta emocion\u0101l\u0101 pasaule. Ir izdevies atrast to kan\u0101lu, caur kuru var palaist \u0101r\u0101 visu iek\u0161\u0101 eso\u0161o,\u00bb st\u0101sta Laura un piebilst: \u00ab\u0160obr\u012bd man \u013coti raiti un viegli padodas rakst\u012b\u0161ana. Rakstu ang\u013cu valod\u0101, bet gr\u0101mata b\u016bs ar\u012b latviski,\u00bb skaidro Vizla, kura k\u0101d\u0101 br\u012bd\u012b paveikto atr\u0101d\u012b\u0161ot ar\u012b pla\u0161\u0101kai sabiedr\u012bbai.<\/p>\n<p>Pla\u0161\u0101k lasiet \u017eurn\u0101la\u00a0Priv\u0101t\u0101 Dz\u012bve\u00a0jaun\u0101kaj\u0101 numur\u0101!<\/p>\n<p>&#13;<\/p>\n<ul>&#13;<\/p>\n<li>R\u0113zija nosl\u0113gusi \u012bpa\u0161u vieno\u0161anos ar v\u012bru \u00a0 \u00a0\u00a0<\/li>\n<p>&#13;<\/p>\n<li>Pauls atgrie\u017eas uz skatuves\u00a0<\/li>\n<p>&#13;<\/p>\n<li>Dzelz\u012btis atmetis dzer\u0161anu<\/li>\n<p>&#13;<\/p>\n<li>Porzi\u0146\u0123a bijus\u012b m\u012b\u013cot\u0101 raksta gr\u0101matu<\/li>\n<p>&#13;<\/p>\n<li>Mistika ap Ilm\u0101ra Dze\u0146a n\u0101vi<\/li>\n<p>&#13;<\/p>\n<li>Deput\u0101ts Kulbergs atkal uz kru\u0137iem<\/li>\n<p>&#13;\n<\/ul>\n<p>Ieg\u0101d\u0101ties izdevumu<\/p>\n<p>\t&#13;<br \/>\n\t&#13;<br \/>\n\t\t<a href=\"https:\/\/www.manizurnali.lv\/izdevumi\/privata-dzive?utm_source=santa.lv&amp;utm_medium=admin&amp;utm_campaign=santa.lv-raksta-bloks\" target=\"_blank\" aria-label=\"Ieg\u0101d\u0101ties izdevumu\" rel=\"nofollow noopener\">\t\t<img decoding=\"async\" class=\"no-convert\" data-init=\"lazy-image\" src=\"https:\/\/www.europesays.com\/lv\/wp-content\/uploads\/2025\/10\/1761731415_982_176154993268ff1e6c27b60.jpg\" alt=\"Priv\u0101t\u0101 Dz\u012bve nr43\" style=\"margin-top: 15px;\"\/>&#13;<br \/>\n\t\t<\/a>\t&#13;<br \/>\n&#13;\n<\/p>\n<p>\u00a0<\/p>\n","protected":false},"excerpt":{"rendered":"Pag\u0101ju\u0161aj\u0101 ned\u0113\u013c\u0101 Laura Vizla, kas ar Kristapu kop\u0101 bija aptuveni tr\u012bs gadus, R\u012bgas modes ned\u0113\u013c\u0101 apmekl\u0113ja teju vai&hellip;\n","protected":false},"author":2,"featured_media":34169,"comment_status":"","ping_status":"","sticky":false,"template":"","format":"standard","meta":{"footnotes":""},"categories":[5],"tags":[23,28,29,32,33,22,30,31,35,39,38,36,37,34,40,20,26,27,24,25,21],"class_list":{"0":"post-34168","1":"post","2":"type-post","3":"status-publish","4":"format-standard","5":"has-post-thumbnail","7":"category-aktualitates","8":"tag-aktualitates","9":"tag-breaking-news","10":"tag-breakingnews","11":"tag-featured-news","12":"tag-featurednews","13":"tag-headlines","14":"tag-latest-news","15":"tag-latestnews","16":"tag-latvia","17":"tag-latvian","18":"tag-latviesu","19":"tag-latviesu-valoda","20":"tag-latviesuvaloda","21":"tag-latvija","22":"tag-lv","23":"tag-news","24":"tag-popularakas-zinas","25":"tag-popularakaszinas","26":"tag-top-stories","27":"tag-topstories","28":"tag-zinas"},"share_on_mastodon":{"url":"https:\/\/pubeurope.com\/@lv\/115456837183522144","error":""},"_links":{"self":[{"href":"https:\/\/www.europesays.com\/lv\/wp-json\/wp\/v2\/posts\/34168","targetHints":{"allow":["GET"]}}],"collection":[{"href":"https:\/\/www.europesays.com\/lv\/wp-json\/wp\/v2\/posts"}],"about":[{"href":"https:\/\/www.europesays.com\/lv\/wp-json\/wp\/v2\/types\/post"}],"author":[{"embeddable":true,"href":"https:\/\/www.europesays.com\/lv\/wp-json\/wp\/v2\/users\/2"}],"replies":[{"embeddable":true,"href":"https:\/\/www.europesays.com\/lv\/wp-json\/wp\/v2\/comments?post=34168"}],"version-history":[{"count":0,"href":"https:\/\/www.europesays.com\/lv\/wp-json\/wp\/v2\/posts\/34168\/revisions"}],"wp:featuredmedia":[{"embeddable":true,"href":"https:\/\/www.europesays.com\/lv\/wp-json\/wp\/v2\/media\/34169"}],"wp:attachment":[{"href":"https:\/\/www.europesays.com\/lv\/wp-json\/wp\/v2\/media?parent=34168"}],"wp:term":[{"taxonomy":"category","embeddable":true,"href":"https:\/\/www.europesays.com\/lv\/wp-json\/wp\/v2\/categories?post=34168"},{"taxonomy":"post_tag","embeddable":true,"href":"https:\/\/www.europesays.com\/lv\/wp-json\/wp\/v2\/tags?post=34168"}],"curies":[{"name":"wp","href":"https:\/\/api.w.org\/{rel}","templated":true}]}}