{"id":34176,"date":"2025-10-29T10:00:07","date_gmt":"2025-10-29T10:00:07","guid":{"rendered":"https:\/\/www.europesays.com\/lv\/34176\/"},"modified":"2025-10-29T10:00:07","modified_gmt":"2025-10-29T10:00:07","slug":"viesulvetra-melisa-sasniegusi-kubu-jauns-lv","status":"publish","type":"post","link":"https:\/\/www.europesays.com\/lv\/34176\/","title":{"rendered":"Viesu\u013cv\u0113tra &quot;Melisa&quot; sasniegusi Kubu &#8211; Jauns.lv"},"content":{"rendered":"<ol>\n<li><a href=\"https:\/\/news.google.com\/rss\/articles\/CBMifkFVX3lxTFBpVG5kQ2txSnNFcWNmVncwMFdwbFdVa3VzV2ZCZXJockJaYmNYNDFsLXc0c09TQ2Z5Z1ptVVd4Q0VLNjJzMGdpXzIycWowNDEtQUZwWG5wZmVyWUptOUIyZE5XMGVDT3BqM2p0dUJTZEZKaW1xV015WnU5ekxNUQ?oc=5\" target=\"_blank\" rel=\"nofollow noopener\">Viesu\u013cv\u0113tra &#8220;Melisa&#8221; sasniegusi Kubu<\/a>&nbsp;&nbsp;Jauns.lv<\/li>\n<li><a href=\"https:\/\/news.google.com\/rss\/articles\/CBMizAFBVV95cUxONTc5QXQ3SHJwMjM2T2cyWHpTeDFSblMyeUxvb3BYTjQ4VVJBdWRBd2ZER0puVnBVZFJuNmh4c1lkRGk5WDVSaHljbTAwWmFybEpDT0Y3OFlLTzJMWkRuZER0TnhmS1pkNkdTX0NMQzQ0NVdwVGcxbU9zc2ZycWZzLWVSd2xCTWdOLTBtZ1B4ajZieWZHbE5kZEhmX0tHbVdUVmVOT1h0Yl9SbXRadWp5d29VMVpmVU41Um42cmpaR0NidWNSMXhBVXFTcl8?oc=5\" target=\"_blank\" rel=\"nofollow noopener\">\u0160osezon sp\u0113c\u012bg\u0101k\u0101 v\u0113tra \u00abMelisa\u00bb Jamaik\u0101 pras\u012bjusi vair\u0101ku cilv\u0113ku dz\u012bv\u012bbu \/ Raksts<\/a>&nbsp;&nbsp;LSM<\/li>\n<li><a href=\"https:\/\/news.google.com\/rss\/articles\/CBMi1AFBVV95cUxQRjRobzhhb0Z6ZFdyNGVwZnZBTUNQMWY0OS1feGlhQlF2NGVGLWJ6SWtqNTVQTGVpcTRqRU9MTXVHcXBQU2tqak45TjZOTnQ0XzJ5MmlDVE4ySmJ3c01BOFBPeWxHZURKejkwMWVTZlRpVTJ6elhkY0p1M014WU9RYXpKS3pSYUxiMVN1WWFESkJrVWxLS2RRT0J1RllhYzVmeG5iNlMwYV9oNzg5RUJxeTJlaE5jbG1pZTlmZlE5Q0tpOGhNUVliX2J0UEVyanBmRjlsSA?oc=5\" target=\"_blank\" rel=\"nofollow noopener\">Gadsimta v\u0113tra Jamaik\u0101 rada pirmos post\u012bjumus un pl\u016bdus; iedz\u012bvot\u0101jus br\u012bdina uzman\u012bties ar\u012b no krokodiliem<\/a>&nbsp;&nbsp;tv3.lv<\/li>\n<li><a href=\"https:\/\/news.google.com\/rss\/articles\/CBMi4gJBVV95cUxOVkxjdHhwVnpVSU1vRVJQQXdIMll1WWQzLXNzZHpzTHhOTDBnT2hibVk4LVd0QmdBWUEwSWZIUWFaM3VIV0hmTkJkY0o5UmFUd1Y5bnlMTHN0elFpaXRVUDhOMDV5MUFUemlYRWp5MDlrLUd6RnMza0lCQVNQMHZhTFJ6NlFGOUlCVy1RSkNuNWRuYURteG90bm1WTkpFa1hfZnpBV295NkpldnlRejVpZnpjM005dnZIdjF3d09jSm9rTFJVZW5qOFZVYVk0MFVfaXlmZV91aDZ0LV9aRXc1SS0tdExya2c5RGl1N3E5U3hiNDdhdUxYbHY3SzNFVnBIbnhSVHBEODJka1dTT2lKTi1kWHlLSXB5dlZDeXd1TUxJTGFLbGhLRDQ1ZExfTzY1TTctZG5jbktZSGY4VUxKUGtQNHZqMi1ZbmtWOFhhR3RLUlBMWVpyVk54UXp5WG9kLXc?oc=5\" target=\"_blank\" rel=\"nofollow noopener\">Jamaiku posta v\u0113l nepieredz\u0113ta sp\u0113ka viesu\u013cv\u0113tra &#8220;Melisa&#8221;, pl\u016bdi var ienest krokodilus pils\u0113t\u0101s<\/a>&nbsp;&nbsp;Jauns.lv<\/li>\n<li><a href=\"https:\/\/news.google.com\/rss\/articles\/CBMiswFBVV95cUxQcGRJZWp3cEhvN2tBMUQzYVl5VllGM2t6QjI4dnE2NFM3Q1F1QThOX09XeFB1ckZoWjlwenF4SzFKZElLdi1SMk03bTh0Sjl2VEZtbzNZM3NXc1FuYjc4Qm1ZV21DaXVqN1JGb2ltZ3U3dmoyLWtKcERIZG9td2ZNa2xBWVQwUERqZ01RREV2VXo0NEJISWdnOEs3QkJtVnFfdERTWW5SRmFuT2V1NG9oNTBoOA?oc=5\" target=\"_blank\" rel=\"nofollow noopener\">VIDEO. Viesu\u013cv\u0113tru mednieki ielido \u201cMelisas\u201d ac\u012b \u2013 Jamaika gatavojas \u012bpa\u0161i posto\u0161am triecienam<\/a>&nbsp;&nbsp;LA.LV<\/li>\n<\/ol>\n","protected":false},"excerpt":{"rendered":"Viesu\u013cv\u0113tra &#8220;Melisa&#8221; sasniegusi Kubu&nbsp;&nbsp;Jauns.lv \u0160osezon sp\u0113c\u012bg\u0101k\u0101 v\u0113tra \u00abMelisa\u00bb Jamaik\u0101 pras\u012bjusi vair\u0101ku cilv\u0113ku dz\u012bv\u012bbu \/ Raksts&nbsp;&nbsp;LSM Gadsimta v\u0113tra Jamaik\u0101&hellip;\n","protected":false},"author":2,"featured_media":34177,"comment_status":"","ping_status":"","sticky":false,"template":"","format":"standard","meta":{"footnotes":""},"categories":[14],"tags":[23,57,28,29,32,33,22,30,31,35,39,38,36,37,34,40,20,26,27,24,25,54,55,56,21,58],"class_list":{"0":"post-34176","1":"post","2":"type-post","3":"status-publish","4":"format-standard","5":"has-post-thumbnail","7":"category-zinas-no-arvalstim","8":"tag-aktualitates","9":"tag-arvalstim","10":"tag-breaking-news","11":"tag-breakingnews","12":"tag-featured-news","13":"tag-featurednews","14":"tag-headlines","15":"tag-latest-news","16":"tag-latestnews","17":"tag-latvia","18":"tag-latvian","19":"tag-latviesu","20":"tag-latviesu-valoda","21":"tag-latviesuvaloda","22":"tag-latvija","23":"tag-lv","24":"tag-news","25":"tag-popularakas-zinas","26":"tag-popularakaszinas","27":"tag-top-stories","28":"tag-topstories","29":"tag-world","30":"tag-world-news","31":"tag-worldnews","32":"tag-zinas","33":"tag-zinas-no-arvalstim"},"share_on_mastodon":{"url":"https:\/\/pubeurope.com\/@lv\/115456876540522462","error":""},"_links":{"self":[{"href":"https:\/\/www.europesays.com\/lv\/wp-json\/wp\/v2\/posts\/34176","targetHints":{"allow":["GET"]}}],"collection":[{"href":"https:\/\/www.europesays.com\/lv\/wp-json\/wp\/v2\/posts"}],"about":[{"href":"https:\/\/www.europesays.com\/lv\/wp-json\/wp\/v2\/types\/post"}],"author":[{"embeddable":true,"href":"https:\/\/www.europesays.com\/lv\/wp-json\/wp\/v2\/users\/2"}],"replies":[{"embeddable":true,"href":"https:\/\/www.europesays.com\/lv\/wp-json\/wp\/v2\/comments?post=34176"}],"version-history":[{"count":0,"href":"https:\/\/www.europesays.com\/lv\/wp-json\/wp\/v2\/posts\/34176\/revisions"}],"wp:featuredmedia":[{"embeddable":true,"href":"https:\/\/www.europesays.com\/lv\/wp-json\/wp\/v2\/media\/34177"}],"wp:attachment":[{"href":"https:\/\/www.europesays.com\/lv\/wp-json\/wp\/v2\/media?parent=34176"}],"wp:term":[{"taxonomy":"category","embeddable":true,"href":"https:\/\/www.europesays.com\/lv\/wp-json\/wp\/v2\/categories?post=34176"},{"taxonomy":"post_tag","embeddable":true,"href":"https:\/\/www.europesays.com\/lv\/wp-json\/wp\/v2\/tags?post=34176"}],"curies":[{"name":"wp","href":"https:\/\/api.w.org\/{rel}","templated":true}]}}