{"id":34186,"date":"2025-10-29T10:08:11","date_gmt":"2025-10-29T10:08:11","guid":{"rendered":"https:\/\/www.europesays.com\/lv\/34186\/"},"modified":"2025-10-29T10:08:11","modified_gmt":"2025-10-29T10:08:11","slug":"tas-pats-notika-ar-prigozinu-kremli-briest-kaut-kas-vel-interesantaks-par-dumpi-vai-sazverestibu","status":"publish","type":"post","link":"https:\/\/www.europesays.com\/lv\/34186\/","title":{"rendered":"Tas pats notika ar Prigo\u017einu: Kreml\u012b briest kaut kas v\u0113l interesant\u0101ks par dumpi vai sazv\u0113rest\u012bbu"},"content":{"rendered":"<p>            Prigo\u017eins grib g\u0101zt Krievijas milit\u0101ro vad\u012bbu<\/p>\n<p>Krievij\u0101 gaid\u0101ms kaut kas v\u0113l interesant\u0101ks par dumpi un sazv\u0113rest\u012bbu, jo tagad ir pien\u0101cis laiks Putinam \u2013 \u0161\u0101du viedokli paudis politiskais strat\u0113\u0123is un biju\u0161ais telev\u012bzijas kan\u0101la TV5 direktors Mihails \u0160eitelmans intervij\u0101 ar \u017eurn\u0101listu Dmitriju Gordonu, zi\u0146o <a href=\"https:\/\/www.dialog.ua\/opinion\/323050_1761680733\" rel=\"nofollow noopener\" target=\"_blank\">Dialog.ua<\/a>.<\/p>\n<p>        Las\u012bt\u0101kie<br \/>\n        <a data-imagesrc=\"{&quot;300&quot;:&quot;https:\\\/\\\/lastatic.ams3.cdn.digitaloceanspaces.com\\\/2025\\\/10\\\/pexels-magda-ehlers-pexels-1329295-300x200.jpg&quot;,&quot;1024&quot;:&quot;https:\\\/\\\/lastatic.ams3.cdn.digitaloceanspaces.com\\\/2025\\\/10\\\/pexels-magda-ehlers-pexels-1329295-1024x683.jpg&quot;,&quot;1536&quot;:&quot;https:\\\/\\\/lastatic.ams3.cdn.digitaloceanspaces.com\\\/2025\\\/10\\\/pexels-magda-ehlers-pexels-1329295-1536x1024.jpg&quot;,&quot;500&quot;:&quot;https:\\\/\\\/lastatic.ams3.cdn.digitaloceanspaces.com\\\/2025\\\/10\\\/pexels-magda-ehlers-pexels-1329295-500x333.jpg&quot;,&quot;800&quot;:&quot;https:\\\/\\\/lastatic.ams3.cdn.digitaloceanspaces.com\\\/2025\\\/10\\\/pexels-magda-ehlers-pexels-1329295-800x533.jpg&quot;,&quot;2560&quot;:&quot;https:\\\/\\\/lastatic.ams3.cdn.digitaloceanspaces.com\\\/2025\\\/10\\\/pexels-magda-ehlers-pexels-1329295-scaled.jpg&quot;}\" data-focuspoint=\"&quot;&quot;\" data-p=\"2456926\" href=\"https:\/\/www.la.lv\/bagatiba-milestiba-vientuliba-atklaj-ko-tiesi-tava-telefona-numura-cipari-piesaista\" class=\"content-item lazy-load\" wp_automatic_readability=\"27\" rel=\"nofollow noopener\" target=\"_blank\"><\/p>\n<p>                                <img decoding=\"async\" src=\"\" alt=\"\" style=\"\" data-imageid=\"\"\/><\/p>\n<p>                                Kokteilis<\/p>\n<p>\n                                                Atkl\u0101j, ko tie\u0161i tava telefona numura cipari piesaista \u2013 bag\u0101t\u012bbu, m\u012blest\u012bbu vai prieku\n                            <\/p>\n<p><\/a><a data-imagesrc=\"{&quot;300&quot;:&quot;https:\\\/\\\/lastatic.ams3.cdn.digitaloceanspaces.com\\\/2025\\\/10\\\/Untitled-design-2-2-300x198.png&quot;,&quot;1024&quot;:&quot;https:\\\/\\\/lastatic.ams3.cdn.digitaloceanspaces.com\\\/2025\\\/10\\\/Untitled-design-2-2-1024x677.png&quot;,&quot;500&quot;:&quot;https:\\\/\\\/lastatic.ams3.cdn.digitaloceanspaces.com\\\/2025\\\/10\\\/Untitled-design-2-2-500x330.png&quot;,&quot;800&quot;:&quot;https:\\\/\\\/lastatic.ams3.cdn.digitaloceanspaces.com\\\/2025\\\/10\\\/Untitled-design-2-2-800x529.png&quot;,&quot;1342&quot;:&quot;https:\\\/\\\/lastatic.ams3.cdn.digitaloceanspaces.com\\\/2025\\\/10\\\/Untitled-design-2-2.png&quot;}\" data-focuspoint=\"&quot;&quot;\" data-p=\"2456965\" href=\"https:\/\/www.la.lv\/teica-kundzite-kura-brauca-bucoties-ar-putinu-vairas-vikes-freibergas-sacitais-par-stambulas-konvenciju-izraisa-viedoklu-viesulvetru\" class=\"content-item lazy-load\" wp_automatic_readability=\"27\" rel=\"nofollow noopener\" target=\"_blank\"><\/p>\n<p>                                <img decoding=\"async\" src=\"\" alt=\"\" style=\"\" data-imageid=\"\"\/><\/p>\n<p>                                            \u201cTeica kundz\u012bte, kura brauca bu\u010doties ar Putinu!\u201d Vairas V\u012b\u0137es-Freibergas sac\u012btais par Stambulas konvenciju izraisa viedok\u013cu viesu\u013cv\u0113tru<\/p>\n<p><\/a><a data-imagesrc=\"{&quot;300&quot;:&quot;https:\\\/\\\/lastatic.ams3.cdn.digitaloceanspaces.com\\\/2025\\\/04\\\/numerology-concept-with-woman-fu-300x224.jpg&quot;,&quot;1024&quot;:&quot;https:\\\/\\\/lastatic.ams3.cdn.digitaloceanspaces.com\\\/2025\\\/04\\\/numerology-concept-with-woman-fu-1024x764.jpg&quot;,&quot;768&quot;:&quot;https:\\\/\\\/lastatic.ams3.cdn.digitaloceanspaces.com\\\/2025\\\/04\\\/numerology-concept-with-woman-fu-768x573.jpg&quot;,&quot;1536&quot;:&quot;https:\\\/\\\/lastatic.ams3.cdn.digitaloceanspaces.com\\\/2025\\\/04\\\/numerology-concept-with-woman-fu-1536x1145.jpg&quot;,&quot;2048&quot;:&quot;https:\\\/\\\/lastatic.ams3.cdn.digitaloceanspaces.com\\\/2025\\\/04\\\/numerology-concept-with-woman-fu-2048x1527.jpg&quot;,&quot;200&quot;:&quot;https:\\\/\\\/lastatic.ams3.cdn.digitaloceanspaces.com\\\/2025\\\/04\\\/numerology-concept-with-woman-fu-200x149.jpg&quot;,&quot;400&quot;:&quot;https:\\\/\\\/lastatic.ams3.cdn.digitaloceanspaces.com\\\/2025\\\/04\\\/numerology-concept-with-woman-fu-400x298.jpg&quot;,&quot;500&quot;:&quot;https:\\\/\\\/lastatic.ams3.cdn.digitaloceanspaces.com\\\/2025\\\/04\\\/numerology-concept-with-woman-fu-500x373.jpg&quot;,&quot;800&quot;:&quot;https:\\\/\\\/lastatic.ams3.cdn.digitaloceanspaces.com\\\/2025\\\/04\\\/numerology-concept-with-woman-fu-800x597.jpg&quot;,&quot;1000&quot;:&quot;https:\\\/\\\/lastatic.ams3.cdn.digitaloceanspaces.com\\\/2025\\\/04\\\/numerology-concept-with-woman-fu-1000x746.jpg&quot;,&quot;2560&quot;:&quot;https:\\\/\\\/lastatic.ams3.cdn.digitaloceanspaces.com\\\/2025\\\/04\\\/numerology-concept-with-woman-fu-scaled.jpg&quot;}\" data-focuspoint=\"&quot;&quot;\" data-p=\"2455147\" href=\"https:\/\/www.la.lv\/saja-vecuma-jusu-dzive-mainisies-uz-visiem-laikiem-numerologi-atklajusi-formulu-ka-aprekinat-savu-liktenigo-bridi\" class=\"content-item lazy-load\" wp_automatic_readability=\"27\" rel=\"nofollow noopener\" target=\"_blank\"><\/p>\n<p>                                <img decoding=\"async\" src=\"\" alt=\"\" style=\"\" data-imageid=\"\"\/><\/p>\n<p>                                Kokteilis<\/p>\n<p>\n                                                \u0160aj\u0101 vecum\u0101 j\u016bsu dz\u012bve main\u012bsies uz visiem laikiem: numerologi atkl\u0101ju\u0161i formulu, k\u0101 apr\u0113\u0137in\u0101t savu likten\u012bgo br\u012bdi\n                            <\/p>\n<p><\/a><br \/>\n        <a class=\"read-more\" href=\"https:\/\/www.la.lv\/top\" rel=\"nofollow noopener\" target=\"_blank\">Las\u012bt citas zi\u0146as<\/a><\/p>\n<p>Mihails \u0160eitelmanis uzskata, ka Krievijas vara \u013coti baid\u0101s no sazv\u0113rest\u012bb\u0101m. Lai gan daudziem tas \u0161obr\u012bd \u0161\u0137iet neticami, valst\u012b briest jauns sazv\u0113rest\u012bbas m\u0113\u0123in\u0101jums, vi\u0146\u0161 pazi\u0146oja.<\/p>\n<p>Vi\u0146\u0161 atg\u0101din\u0101ja, ka divus m\u0113ne\u0161us pirms <a href=\"https:\/\/www.la.lv\/foto-ielas-tanki-bloketa-satiksme-vispareja-neizpratne-par-notiekoso-ka-sobrid-izskatas-krievija\" target=\"_blank\" rel=\"noopener nofollow\">Prigo\u017eina g\u0101jiena uz Maskavu<\/a> vi\u0146\u0161 jau bija paredz\u0113jis \u0161o notikumu.<\/p>\n<p>    CITI \u0160OBR\u012aD LASA<\/p>\n<p>\u201cPrigo\u017einam vien\u012bg\u0101 iesp\u0113ja, lai gl\u0101btu sevi, bija doties uz Maskavu \u2013 un vi\u0146\u0161 to ar\u012b izdar\u012bja. Toreiz m\u0113s zin\u0101j\u0101m v\u0101rdu: m\u0113s zin\u0101j\u0101m, ka tas b\u016bs Prigo\u017eins. \u0160odien m\u0113s v\u0101rdu nezin\u0101m, bet k\u0101ds n\u0101kamais dumpis noteikti b\u016bs vai, v\u0113l ticam\u0101k, tiks apspiesta k\u0101da eso\u0161a vai pat neeso\u0161a sazv\u0113rest\u012bba.<\/p>\n<p>Man \u0161\u0137iet, ka tagad Putinam ir laiks sar\u012bkot sazv\u0113rest\u012bbas atmasko\u0161anu. \u0100rstu vai meh\u0101ni\u0137u-kaitnieku sazv\u0113rest\u012bbu. Vi\u0146am vajag ielikt cietum\u0101 vai nogalin\u0101t sazv\u0113rniekus. Tie var\u0113tu b\u016bt milit\u0101risti vai, piem\u0113ram, \u201cRosteha\u201d milit\u0101ro r\u016bpn\u012bcu vad\u012bt\u0101js \u010cemezovs,\u201d pauda \u0160eitelmanis.<\/p>\n<p>T\u0101l\u0101k vi\u0146\u0161 izskaidroja, k\u0101p\u0113c Putinam steidzama sazv\u0113rest\u012bbas atmasko\u0161ana ir nepiecie\u0161ama.<\/p>\n<p>\u201cPutinam tas \u0161obr\u012bd ir vajadz\u012bgs person\u012bgi. T\u0101 b\u016bs sava veida upur\u0113\u0161ana, un ne tikai viena cilv\u0113ka \u2013 visa cilv\u0113ku grupa. Tas nepiecie\u0161ams, lai sabiedr\u012bbu atkal pamodin\u0101tu. Pirmk\u0101rt, lai citiem b\u016btu bail, otrk\u0101rt \u2013 lai nor\u0101d\u012btu, kur\u0161 vain\u012bgs, jo k\u0101ds noteikti ir vain\u012bgs.<\/p>\n<p>Putinam ir uzkr\u0101jies milz\u012bgs daudzums neizpild\u012btu sol\u012bjumu. Vi\u0146am k\u0101du vajag patais\u012bt par vain\u012bgo vis\u0101 \u0161aj\u0101 izg\u0101ztaj\u0101 haos\u0101,\u201d vi\u0146\u0161 skaidroja.<\/p>\n<p>T\u0113mas<\/p>\n<p>    SAIST\u012aTIE RAKSTI<\/p>\n","protected":false},"excerpt":{"rendered":"Prigo\u017eins grib g\u0101zt Krievijas milit\u0101ro vad\u012bbu Krievij\u0101 gaid\u0101ms kaut kas v\u0113l interesant\u0101ks par dumpi un sazv\u0113rest\u012bbu, jo tagad&hellip;\n","protected":false},"author":2,"featured_media":34187,"comment_status":"","ping_status":"","sticky":false,"template":"","format":"standard","meta":{"footnotes":""},"categories":[5],"tags":[23,28,29,32,33,22,30,31,35,39,38,36,37,34,40,20,26,27,24,25,21],"class_list":{"0":"post-34186","1":"post","2":"type-post","3":"status-publish","4":"format-standard","5":"has-post-thumbnail","7":"category-aktualitates","8":"tag-aktualitates","9":"tag-breaking-news","10":"tag-breakingnews","11":"tag-featured-news","12":"tag-featurednews","13":"tag-headlines","14":"tag-latest-news","15":"tag-latestnews","16":"tag-latvia","17":"tag-latvian","18":"tag-latviesu","19":"tag-latviesu-valoda","20":"tag-latviesuvaloda","21":"tag-latvija","22":"tag-lv","23":"tag-news","24":"tag-popularakas-zinas","25":"tag-popularakaszinas","26":"tag-top-stories","27":"tag-topstories","28":"tag-zinas"},"share_on_mastodon":{"url":"https:\/\/pubeurope.com\/@lv\/115456907872546030","error":""},"_links":{"self":[{"href":"https:\/\/www.europesays.com\/lv\/wp-json\/wp\/v2\/posts\/34186","targetHints":{"allow":["GET"]}}],"collection":[{"href":"https:\/\/www.europesays.com\/lv\/wp-json\/wp\/v2\/posts"}],"about":[{"href":"https:\/\/www.europesays.com\/lv\/wp-json\/wp\/v2\/types\/post"}],"author":[{"embeddable":true,"href":"https:\/\/www.europesays.com\/lv\/wp-json\/wp\/v2\/users\/2"}],"replies":[{"embeddable":true,"href":"https:\/\/www.europesays.com\/lv\/wp-json\/wp\/v2\/comments?post=34186"}],"version-history":[{"count":0,"href":"https:\/\/www.europesays.com\/lv\/wp-json\/wp\/v2\/posts\/34186\/revisions"}],"wp:featuredmedia":[{"embeddable":true,"href":"https:\/\/www.europesays.com\/lv\/wp-json\/wp\/v2\/media\/34187"}],"wp:attachment":[{"href":"https:\/\/www.europesays.com\/lv\/wp-json\/wp\/v2\/media?parent=34186"}],"wp:term":[{"taxonomy":"category","embeddable":true,"href":"https:\/\/www.europesays.com\/lv\/wp-json\/wp\/v2\/categories?post=34186"},{"taxonomy":"post_tag","embeddable":true,"href":"https:\/\/www.europesays.com\/lv\/wp-json\/wp\/v2\/tags?post=34186"}],"curies":[{"name":"wp","href":"https:\/\/api.w.org\/{rel}","templated":true}]}}