{"id":34204,"date":"2025-10-29T10:28:35","date_gmt":"2025-10-29T10:28:35","guid":{"rendered":"https:\/\/www.europesays.com\/lv\/34204\/"},"modified":"2025-10-29T10:28:35","modified_gmt":"2025-10-29T10:28:35","slug":"no-vijas-celminas-stipendijas-lidz-jaunam-teatra-pirmizradem-lente-lv","status":"publish","type":"post","link":"https:\/\/www.europesays.com\/lv\/34204\/","title":{"rendered":"no Vijas Celmi\u0146as stipendijas l\u012bdz jaun\u0101m te\u0101tra pirmizr\u0101d\u0113m\u00a0\u2014\u00a0Lente.lv"},"content":{"rendered":"<p>Aizvad\u012bt\u0101 ned\u0113\u013ca Latvijas kult\u016bras dz\u012bv\u0113 bija pies\u0101tin\u0101ta ar da\u017e\u0101diem notikumiem, sniedzot baud\u012bjumu gan pr\u0101tam, gan garam. S\u0101kot ar noz\u012bm\u012bgu atbalstu jaunajiem m\u0101ksliniekiem un beidzot ar jaun\u0101m te\u0101tra izr\u0101d\u0113m, kult\u016bras cien\u012bt\u0101jiem netr\u016bka iesp\u0113ju smelties iedvesmu un baud\u012bt augstv\u0113rt\u012bgu m\u0101kslu.<\/p>\n<p>Vijas Celmi\u0146as fonds un pirm\u0101 stipendijas pasnieg\u0161ana<\/p>\n<p>Ned\u0113\u013cas s\u0101kums iez\u012bm\u0113j\u0101s ar gaid\u012btu un noz\u012bm\u012bgu notikumu \u2013 pirmo reizi tika pasniegta Vijas Celmi\u0146as fonda stipendija. T\u0101 notika Latvijas Nacion\u0101laj\u0101 m\u0101kslas muzej\u0101 20. oktobr\u012b, un par t\u0101s ieguv\u0113ju k\u013cuva m\u0101ksliniece Ieva Putni\u0146a. \u0160\u012b stipendija, kas ir 30 000 ASV dol\u0101ru liela, ir ne tikai finansi\u0101ls atbalsts, bet ar\u012b simbolisks d\u0101vin\u0101jums \u2013 durvju \u0137\u012blis, kas pav\u0113rs jaun\u0101m iesp\u0113j\u0101m un rado\u0161ajai izaugsmei. Ieva Putni\u0146a, sa\u0146emot balvu, atzina, ka j\u016btas p\u0101rsteigta un apmulsusi, ta\u010du atkl\u0101ja, ka vi\u0146as m\u0101kslas interese v\u0113rsta uz dabas skarbumu, kas rosina dom\u0101\u0161anu un liek justies gan trauslam, gan piesardz\u012bgi saspringtam. Stipendijas pieteikumam vi\u0146a iesniedza darbus, kas p\u0113t\u012bju\u0161i dabas kl\u0101tb\u016btnes atg\u016b\u0161anu pils\u0113tas vid\u0113. Vijas Celmi\u0146as fonda stipendijas m\u0113r\u0137is ir rosin\u0101t m\u0101ksliniekus nodoties rado\u0161ajam procesam un pa\u0161izaugsmei, paverot durvis jaun\u0101m pieredz\u0113m. Kopum\u0101 stipendijai pieteic\u0101s 85 pretendenti, no kuriem 80 atbilda nolikuma pras\u012bb\u0101m, demonstr\u0113jot pla\u0161u talantu spektru un daudzveid\u012bgas m\u0101ksliniecisk\u0101s intereses. \u017d\u016brija, kuras sast\u0101v\u0101 bija pieci m\u0101kslas eksperti, izv\u0113rt\u0113ja pretendentu rado\u0161\u0101s biogr\u0101fijas, portfolio un motiv\u0101cijas pieteikumus, nos\u016btot asto\u0146us pretendentus t\u0101l\u0101kai izv\u0113lei. Vija Celmi\u0146a, latvie\u0161u izcelsmes amerik\u0101\u0146u m\u0101ksliniece, ir starptautiski atz\u012bta par saviem z\u012bm\u0113jumiem, glezn\u0101m un grafikas darbiem, un vi\u0146as fonda stipendija apliecina dzi\u013cu saikni ar dzimteni un v\u0113lmi atbalst\u012bt jaun\u0101s paaudzes m\u0101ksliniekus. <\/p>\n<p>Baltijas baleta festiv\u0101la 30. jubileja un kr\u0101\u0161\u0146ais atkl\u0101\u0161anas koncerts<\/p>\n<p>\u0160\u012b gada oktobris atz\u012bm\u0113ja ar\u012b 30. Starptautisk\u0101 Baltijas baleta festiv\u0101la jubileju, kas tika atkl\u0101ts ar iespaid\u012bgu koncertu tirdzniec\u012bbas centra \u201cOrigo\u201d \u0101trij\u0101. Festiv\u0101ls, kura moto ir \u201cNo klasikas l\u012bdz avangardam\u201d, pulc\u0113 izcilus Latvijas un starptautiskus m\u0101ksliniekus, d\u0101vinot skat\u012bt\u0101jiem iesp\u0113ju baud\u012bt dejas m\u0101kslu no 22. oktobra l\u012bdz 10. novembrim da\u017e\u0101d\u0101s Latvijas pils\u0113t\u0101s. Atkl\u0101\u0161anas koncerts, kas norisin\u0101j\u0101s 25. oktobr\u012b, apliecin\u0101ja dejas pasaules daudzkr\u0101sain\u012bbu, uz skatuves pulc\u0113jot R\u012bgas Baleta skolu, vair\u0101kas deju studijas un tautas deju ansambli, k\u0101 ar\u012b vok\u0101listus. Festiv\u0101la m\u0101ksliniecisk\u0101 direktore Lita Beiris uzsv\u0113ra, ka \u0161\u012b ir ne tikai iesp\u0113ja atskat\u012bties uz tr\u012bsdesmit gadu noz\u012bm\u012bgu posmu Latvijas dejas v\u0113stur\u0113, bet ar\u012b d\u0101vana skat\u012bt\u0101jiem, padarot m\u0101kslu pieejamu ikvienam pils\u0113tas dinamiskaj\u0101 centr\u0101. Jubilejas gad\u0101 festiv\u0101l\u0101 viesosies ar\u012b starptautiski paz\u012bstamas trupas, piem\u0113ram, \u201cGiordano Dance Chicago\u201d no ASV un \u201cBeijing Dance Academy\u201d no \u0136\u012bnas, sniedzot unik\u0101lu iesp\u0113ju iepaz\u012bt da\u017e\u0101dus deju stilus un horeogr\u0101fisk\u0101s trad\u012bcijas. <\/p>\n<p>R\u012bgas Starptautiskais kinofestiv\u0101ls (RIGA IFF) \u2013 kino br\u012bnums R\u012bg\u0101<\/p>\n<p>No 16. l\u012bdz 26. oktobrim R\u012bga k\u013cuva par kinom\u012b\u013cu parad\u012bzi, uz\u0146emot 12. R\u012bgas Starptautisko kinofestiv\u0101lu (RIGA IFF). Festiv\u0101la sauklis \u201cREDZI. MAINIES. K\u013b\u016aSTI.\u201d (SEE. SHIFT. BECOME.) aicin\u0101ja skat\u012bt\u0101jus uz dzi\u013c\u0101ku izpratni par kino m\u0101kslu un t\u0101s sp\u0113ju transform\u0113t. Programma bija daudzveid\u012bga, pied\u0101v\u0101jot gan pasaules pirmizr\u0101des, gan jaun\u0101k\u0101s filmas no presti\u017eiem starptautiskiem festiv\u0101liem, k\u0101 ar\u012b \u012bpa\u0161as sada\u013cas m\u016bzikas video un \u012bsfilm\u0101m. Festiv\u0101la atkl\u0101\u0161an\u0101 tika demonstr\u0113ta anim\u0101cijas filma \u201cDieva suns\u201d (Dog of God), kas jau ieguvusi starptautisku atzin\u012bbu. Tika pasniegtas ar\u012b balvas, atz\u012bm\u0113jot lab\u0101kos darbus da\u017e\u0101d\u0101s kategorij\u0101s, tostarp m\u016bzikas video un filmu projektu att\u012bst\u012bb\u0101. RIGA IFF ir ne tikai filmu seansi, bet ar\u012b platforma kino profesion\u0101\u013ciem un entuziastiem, veicinot diskusijas un sadarb\u012bbu kino n\u0101kotnes att\u012bst\u012bb\u0101. Festiv\u0101la nosl\u0113gums ar apbalvo\u0161anas ceremoniju notika 25. oktobr\u012b, bet p\u0113d\u0113jie seansi bija pieejami v\u0113l 26. oktobr\u012b. <\/p>\n<p>Latvie\u0161u kino t\u0113rpu godin\u0101\u0161ana R\u012bgas Modes Ned\u0113\u013c\u0101<\/p>\n<p>R\u012bgas Modes Ned\u0113\u013ca (RFW) \u0161ogad tika atkl\u0101ta 20. oktobr\u012b ar \u012bpa\u0161u un v\u0113sturiski noz\u012bm\u012bgu notikumu \u2013 modes skati, kas velt\u012bta latvie\u0161u kino t\u0113rpu mantojumam. Galvenais akcents tika likts uz godalgoto kost\u012bmu m\u0101kslinieces Sandras Silas rado\u0161aj\u0101m dizainpar\u0101d\u012bb\u0101m, kas ir neat\u0146emama da\u013ca no daudz\u0101m ikonisk\u0101m latvie\u0161u film\u0101m. Modes skat\u0113, kas notika film\u0113\u0161anas paviljon\u0101 \u201cLED Unit\u201d, piedal\u012bj\u0101s pa\u0161i aktieri, kuri savulaik atveidoju\u0161i varo\u0146us \u0161ajos kinodarbos, demonstr\u0113jot t\u0113rpus no t\u0101d\u0101m film\u0101m k\u0101 \u201cCilv\u0113ka b\u0113rns\u201d, \u201cR\u012bgas sargi\u201d, \u201cSap\u0146u komanda 1935\u201d, \u201cDv\u0113se\u013cu putenis\u201d un gaid\u0101m\u0101s filmas \u201cT\u012bkl\u0101. TTT le\u0123endas dzim\u0161ana\u201d. \u0160is unik\u0101lais pas\u0101kums apliecin\u0101ja, ka mode sp\u0113j ne tikai sekot tendenc\u0113m, bet ar\u012b godin\u0101t kult\u016bras mantojumu un vienot da\u017e\u0101das m\u0101kslas nozares, radot dzi\u013c\u0101ku izpratni par m\u0101kslas formu savstarp\u0113jo mijiedarb\u012bbu. Sandra Sila, kuras karjera kino t\u0113rpu dizain\u0101 aizs\u0101k\u0101s jau 1981. gad\u0101, demonstr\u0113ja savu meistar\u012bbu un k\u013cuva par vakara galveno varoni, sa\u0146emot st\u0101vov\u0101cijas. <\/p>\n<p>Jaun\u0101s te\u0101tra sezonas aizraujo\u0161\u0101s pirmizr\u0101des<\/p>\n<p>Ned\u0113\u013cas nogale tika sagaid\u012bta ar jauniem un aizraujo\u0161iem te\u0101tra iestud\u0113jumiem. Dailes te\u0101tris 24. oktobr\u012b piedz\u012bvoja pirmizr\u0101di Gata \u0160mita iestud\u0113tajai neparastajai kom\u0113dijai \u201cV\u0113l pa vienam\u201d, kas balst\u012bta uz Tomasa Vinterberga kinoscen\u0101riju. Izr\u0101de p\u0113ta v\u012brie\u0161u dz\u012bves dilemmas caur eksperimentu par alkohola ietekmi uz dz\u012bves kvalit\u0101ti, un taj\u0101 redzams aktieris Lauris Dzelz\u012btis, kur\u0161 p\u0113c gada p\u0101rtraukuma atgriezies uz Dailes te\u0101tra skatuves. Jaunais R\u012bgas te\u0101tris (JRT) ar\u012b turpina bag\u0101tin\u0101t savu repertu\u0101ru ar jaun\u0101m izr\u0101d\u0113m. Septembr\u012b uz skatuves k\u0101pa iestud\u0113jums \u201cLedus gar\u0161a\u201d, kas ir st\u0101sts par hokeju, bet oktobr\u012b gaid\u0101ma pirmizr\u0101de Alvja Herma\u0146a veidotajam iestud\u0113jumam \u201cKritiens aug\u0161up\u201d. JRT jaunaj\u0101 sezon\u0101 kopum\u0101 pl\u0101nots vair\u0101ki jauniestud\u0113jumi, kas piev\u0113r\u0161as gan person\u012bgiem, gan kolekt\u012bviem eksistenci\u0101liem jaut\u0101jumiem, aicinot skat\u012bt\u0101jus dom\u0101t par dz\u012bves v\u0113rt\u012bb\u0101m un savstarp\u0113j\u0101m attiec\u012bb\u0101m. <\/p>\n","protected":false},"excerpt":{"rendered":"Aizvad\u012bt\u0101 ned\u0113\u013ca Latvijas kult\u016bras dz\u012bv\u0113 bija pies\u0101tin\u0101ta ar da\u017e\u0101diem notikumiem, sniedzot baud\u012bjumu gan pr\u0101tam, gan garam. S\u0101kot ar&hellip;\n","protected":false},"author":2,"featured_media":34205,"comment_status":"","ping_status":"","sticky":false,"template":"","format":"standard","meta":{"footnotes":""},"categories":[19],"tags":[9401,89,90,35,39,38,36,37,34,40,8281,7491,823,8413],"class_list":{"0":"post-34204","1":"post","2":"type-post","3":"status-publish","4":"format-standard","5":"has-post-thumbnail","7":"category-izklaide","8":"tag-baltijas-baleta-festivals","9":"tag-entertainment","10":"tag-izklaide","11":"tag-latvia","12":"tag-latvian","13":"tag-latviesu","14":"tag-latviesu-valoda","15":"tag-latviesuvaloda","16":"tag-latvija","17":"tag-lv","18":"tag-rigas-modes-nedela","19":"tag-rigas-starptautiskais-kinofestivals","20":"tag-teatra-pirmizrades","21":"tag-vija-celmina"},"share_on_mastodon":{"url":"https:\/\/pubeurope.com\/@lv\/115456986681340352","error":""},"_links":{"self":[{"href":"https:\/\/www.europesays.com\/lv\/wp-json\/wp\/v2\/posts\/34204","targetHints":{"allow":["GET"]}}],"collection":[{"href":"https:\/\/www.europesays.com\/lv\/wp-json\/wp\/v2\/posts"}],"about":[{"href":"https:\/\/www.europesays.com\/lv\/wp-json\/wp\/v2\/types\/post"}],"author":[{"embeddable":true,"href":"https:\/\/www.europesays.com\/lv\/wp-json\/wp\/v2\/users\/2"}],"replies":[{"embeddable":true,"href":"https:\/\/www.europesays.com\/lv\/wp-json\/wp\/v2\/comments?post=34204"}],"version-history":[{"count":0,"href":"https:\/\/www.europesays.com\/lv\/wp-json\/wp\/v2\/posts\/34204\/revisions"}],"wp:featuredmedia":[{"embeddable":true,"href":"https:\/\/www.europesays.com\/lv\/wp-json\/wp\/v2\/media\/34205"}],"wp:attachment":[{"href":"https:\/\/www.europesays.com\/lv\/wp-json\/wp\/v2\/media?parent=34204"}],"wp:term":[{"taxonomy":"category","embeddable":true,"href":"https:\/\/www.europesays.com\/lv\/wp-json\/wp\/v2\/categories?post=34204"},{"taxonomy":"post_tag","embeddable":true,"href":"https:\/\/www.europesays.com\/lv\/wp-json\/wp\/v2\/tags?post=34204"}],"curies":[{"name":"wp","href":"https:\/\/api.w.org\/{rel}","templated":true}]}}