{"id":34206,"date":"2025-10-29T10:29:11","date_gmt":"2025-10-29T10:29:11","guid":{"rendered":"https:\/\/www.europesays.com\/lv\/34206\/"},"modified":"2025-10-29T10:29:11","modified_gmt":"2025-10-29T10:29:11","slug":"atp-ranga-lideris-alkarass-negaiditi-neparvar-parizes-masters-pirmo-kartu","status":"publish","type":"post","link":"https:\/\/www.europesays.com\/lv\/34206\/","title":{"rendered":"ATP ranga l\u012bderis Alkarass negaid\u012bti nep\u0101rvar Par\u012bzes &#8220;Masters&#8221; pirmo k\u0101rtu"},"content":{"rendered":"<p>Turn\u012bra galvenais favor\u012bts Alkarass, kur\u0161 no pirm\u0101s k\u0101rtas bija br\u012bvs, otr\u0101s k\u0101rtas ma\u010d\u0101 Norijam (<a href=\"https:\/\/sports.tvnet.lv\/term\/19078\/atp\" class=\"topicLink\" target=\"_blank\" rel=\"nofollow noopener\">ATP<\/a> 31.) piek\u0101p\u0101s ar 6-4, 3-6, 4-6.<\/p>\n<p>31 gadu vecajam Norijam, kur\u0161 savulaik ATP rang\u0101 bijis astotaj\u0101 poz\u012bcij\u0101, \u0161\u012b bija karjeras pirm\u0101 uzvara p\u0101r ranga l\u012bderi.<\/p>\n<p>Tre\u0161aj\u0101 k\u0101rt\u0101 britu tenisists tiksies ar Monako p\u0101rst\u0101vi Valant\u0113nu Va\u0161ero (ATP 40.) vi\u0146a br\u0101l\u0113nu no Francijas Arturu Rinderknehu (29.), kuri pirms div\u0101m ned\u0113\u013c\u0101m tik\u0101s \u0160anhajas &#8220;Masters 1000&#8221; turn\u012bra fin\u0101l\u0101.<\/p>\n<p>Tre\u0161o k\u0101rtu otrdien Par\u012bz\u0113 sasniedza ar\u012b ar ceturto un piekto numuru izs\u0113tie amerik\u0101\u0146i <a href=\"https:\/\/sports.tvnet.lv\/term\/808305\/teilors-frics\" class=\"topicLink\" target=\"_blank\" rel=\"nofollow noopener\">Teilors Frics<\/a> un <a href=\"https:\/\/sports.tvnet.lv\/term\/808306\/bens-seltons\" class=\"topicLink\" target=\"_blank\" rel=\"nofollow noopener\">Bens \u0160eltons<\/a>.<\/p>\n<p>Frics (ATP 4.) ar 7-6 (7:4), 6-2 pieveica Aleksandru Vuki\u010du no Austr\u0101lijas (ATP 103.), bet \u0160eltons (ATP 7.) ar 7-6 (7:4), 6-3 p\u0101rsp\u0113ja Flavio Kobolli (ATP 23.) no It\u0101lijas.<\/p>\n<p>Tre\u0161aj\u0101 k\u0101rt\u0101 iek\u013cuva ar\u012b ar 12. numuru izs\u0113tais krievs <a href=\"https:\/\/sports.tvnet.lv\/term\/808304\/andrejs-rublovs\" class=\"topicLink\" target=\"_blank\" rel=\"nofollow noopener\">Andrejs Rub\u013covs<\/a> (ATP 17.), kur\u0161 ar 6-4, 6-4 uzvar\u0113ja amerik\u0101ni L\u0113rneru Tjenu (ATP 39.).<\/p>\n<p>Tikm\u0113r pirmo k\u0101rtu otrdien p\u0101rvar\u0113ja ar dev\u012bto numuru izliktais kan\u0101dietis F\u0113likss O\u017ej\u0113-Aljasims (ATP 10.), ar 11. numuru izs\u0113tais krievs Da\u0146iils Medvedevs (ATP 13.) un turn\u012bra 15. rakete Alehandro Davidovi\u010ds Fokina (ATP 15.) no Sp\u0101nijas.<\/p>\n<p>Par\u012bzes &#8220;Masters&#8221; ir gada p\u0113d\u0113jais &#8220;ATP 1000&#8221; raudzes turn\u012brs un tas nosl\u0113gsies sv\u0113tdien.<\/p>\n<p>P\u0113rn par turn\u012bra uzvar\u0113t\u0101ju k\u013cuva Aleksandrs Zverevs no V\u0101cijas, kur\u0161 fin\u0101l\u0101 ar 6-2, 6-2 p\u0101rliecino\u0161i pieveica m\u0101jinieku Igo Umb\u0113ru.<\/p>\n","protected":false},"excerpt":{"rendered":"Turn\u012bra galvenais favor\u012bts Alkarass, kur\u0161 no pirm\u0101s k\u0101rtas bija br\u012bvs, otr\u0101s k\u0101rtas ma\u010d\u0101 Norijam (ATP 31.) piek\u0101p\u0101s ar&hellip;\n","protected":false},"author":2,"featured_media":34207,"comment_status":"","ping_status":"","sticky":false,"template":"","format":"standard","meta":{"footnotes":""},"categories":[17],"tags":[10168,1511,10169,10170,10167,10166,35,39,38,36,37,34,40,67,5076,1512],"class_list":{"0":"post-34206","1":"post","2":"type-post","3":"status-publish","4":"format-standard","5":"has-post-thumbnail","7":"category-sports","8":"tag-andrejs-rublovs","9":"tag-atp","10":"tag-bens-seltons","11":"tag-daniils-medvedevs","12":"tag-kamerons-norijs","13":"tag-karloss-alkarass","14":"tag-latvia","15":"tag-latvian","16":"tag-latviesu","17":"tag-latviesu-valoda","18":"tag-latviesuvaloda","19":"tag-latvija","20":"tag-lv","21":"tag-sports","22":"tag-teilors-frics","23":"tag-viriesu-teniss"},"share_on_mastodon":{"url":"https:\/\/pubeurope.com\/@lv\/115456990429484078","error":""},"_links":{"self":[{"href":"https:\/\/www.europesays.com\/lv\/wp-json\/wp\/v2\/posts\/34206","targetHints":{"allow":["GET"]}}],"collection":[{"href":"https:\/\/www.europesays.com\/lv\/wp-json\/wp\/v2\/posts"}],"about":[{"href":"https:\/\/www.europesays.com\/lv\/wp-json\/wp\/v2\/types\/post"}],"author":[{"embeddable":true,"href":"https:\/\/www.europesays.com\/lv\/wp-json\/wp\/v2\/users\/2"}],"replies":[{"embeddable":true,"href":"https:\/\/www.europesays.com\/lv\/wp-json\/wp\/v2\/comments?post=34206"}],"version-history":[{"count":0,"href":"https:\/\/www.europesays.com\/lv\/wp-json\/wp\/v2\/posts\/34206\/revisions"}],"wp:featuredmedia":[{"embeddable":true,"href":"https:\/\/www.europesays.com\/lv\/wp-json\/wp\/v2\/media\/34207"}],"wp:attachment":[{"href":"https:\/\/www.europesays.com\/lv\/wp-json\/wp\/v2\/media?parent=34206"}],"wp:term":[{"taxonomy":"category","embeddable":true,"href":"https:\/\/www.europesays.com\/lv\/wp-json\/wp\/v2\/categories?post=34206"},{"taxonomy":"post_tag","embeddable":true,"href":"https:\/\/www.europesays.com\/lv\/wp-json\/wp\/v2\/tags?post=34206"}],"curies":[{"name":"wp","href":"https:\/\/api.w.org\/{rel}","templated":true}]}}