{"id":34216,"date":"2025-10-29T10:37:09","date_gmt":"2025-10-29T10:37:09","guid":{"rendered":"https:\/\/www.europesays.com\/lv\/34216\/"},"modified":"2025-10-29T10:37:09","modified_gmt":"2025-10-29T10:37:09","slug":"tas-nebutu-pareizi-tramps-izsledz-iespeju-kandidet-uz-viceprezidenta-amatu","status":"publish","type":"post","link":"https:\/\/www.europesays.com\/lv\/34216\/","title":{"rendered":"&#8220;Tas neb\u016btu pareizi.&#8221; Tramps izsl\u0113dz iesp\u0113ju kandid\u0113t uz viceprezidenta amatu"},"content":{"rendered":"<p><a href=\"https:\/\/www.apollo.lv\/term\/555410\/asv\" class=\"topicLink\" target=\"_blank\" rel=\"nofollow noopener\">ASV<\/a> konstit\u016bcij\u0101 noteikts divu prezidenta pilnvaru termi\u0146u ierobe\u017eojums, un Tramps janv\u0101r\u012b s\u0101ka savu otro termi\u0146u.<\/p>\n<p>Tom\u0113r da\u017ei vi\u0146a aizst\u0101vji rosina, ka Tramps var\u0113tu apiet \u0161o noteikumu, k\u013c\u016bstot par viceprezidentu un p\u0113c tam atkal st\u0101ties augst\u0101kaj\u0101 amat\u0101, ja prezidents atk\u0101ptos.<\/p>\n<p>Vaic\u0101ts, vai vi\u0146\u0161 2028. gada novembr\u012b kandid\u0113s uz viceprezidenta amatu, Tramps \u017eurn\u0101listiem prezidenta lidma\u0161\u012bn\u0101 &#8220;Air Force One&#8221; sac\u012bja, ka vi\u0146am &#8220;b\u016btu \u013cauts to dar\u012bt&#8221;.<\/p>\n<p>&#8220;Es to nedar\u012btu. (..) Tas neb\u016btu pareizi,&#8221; vi\u0146\u0161 piebilda.<\/p>\n<p>Tramps bie\u017ei min\u0113jis, ka atbalst\u012bt\u0101ji aicina vi\u0146u vald\u012bt ar\u012b p\u0113c pa\u0161reiz\u0113j\u0101 pilnvaru termi\u0146a beig\u0101m, neskatoties uz konstitucion\u0101lo ierobe\u017eojumu.<\/p>\n<p>Nesen Tramps uz rakst\u0101mgalda Ov\u0101laj\u0101 kabinet\u0101 bija nolicis ar\u012b sarkanas cepures ar uzrakstu &#8220;Trump 2028&#8221;.<\/p>\n<p>Vi\u0146a atbalst\u012bt\u0101ju vid\u016b ir popul\u0101ra teorija, ka pa\u0161reiz\u0113jais viceprezidents D\u017eeimss Deivids Venss 2028. gad\u0101 var\u0113tu kandid\u0113t uz prezidenta amatu kop\u0101 ar Trampu k\u0101 viceprezidenta amata kandid\u0101tu.<\/p>\n<p>Atbilsto\u0161i \u0161im redz\u0113jumam uzvaras gad\u012bjum\u0101 Venss dr\u012bz vien atk\u0101ptos un Tramps atgrieztos prezidenta amat\u0101.<\/p>\n<p>Trampa biju\u0161ais padomnieks St\u012bvs Banons nule k\u0101 pazi\u0146ojis, ka &#8220;ir pl\u0101ns&#8221;, k\u0101 Trampu patur\u0113t Baltaj\u0101 nam\u0101.<\/p>\n<p>&#8220;Vi\u0146\u0161 tiks pie tre\u0161\u0101 termi\u0146a. Tramps b\u016bs prezidents 28. gad\u0101. Un cilv\u0113kiem ar to ir vienk\u0101r\u0161i j\u0101samierin\u0101s,&#8221; Banons sac\u012bja \u017eurn\u0101lam &#8220;The Economist&#8221;.<\/p>\n<p>Jaut\u0101ts par konstit\u016bcijas 22. groz\u012bjumu, kas nosaka termi\u0146u ierobe\u017eojumus, &#8211; Banons sac\u012bja: &#8220;Ir daudz da\u017e\u0101du alternat\u012bvu. \u012astaj\u0101 laik\u0101 m\u0113s izkl\u0101st\u012bsim, k\u0101ds ir m\u016bsu pl\u0101ns.&#8221;<\/p>\n","protected":false},"excerpt":{"rendered":"ASV konstit\u016bcij\u0101 noteikts divu prezidenta pilnvaru termi\u0146u ierobe\u017eojums, un Tramps janv\u0101r\u012b s\u0101ka savu otro termi\u0146u. Tom\u0113r da\u017ei vi\u0146a&hellip;\n","protected":false},"author":2,"featured_media":22701,"comment_status":"","ping_status":"","sticky":false,"template":"","format":"standard","meta":{"footnotes":""},"categories":[14],"tags":[23,57,292,28,29,542,32,33,22,30,31,35,39,38,36,37,34,40,20,26,27,24,25,54,55,56,21,58],"class_list":{"0":"post-34216","1":"post","2":"type-post","3":"status-publish","4":"format-standard","5":"has-post-thumbnail","7":"category-zinas-no-arvalstim","8":"tag-aktualitates","9":"tag-arvalstim","10":"tag-asv","11":"tag-breaking-news","12":"tag-breakingnews","13":"tag-donalds-tramps","14":"tag-featured-news","15":"tag-featurednews","16":"tag-headlines","17":"tag-latest-news","18":"tag-latestnews","19":"tag-latvia","20":"tag-latvian","21":"tag-latviesu","22":"tag-latviesu-valoda","23":"tag-latviesuvaloda","24":"tag-latvija","25":"tag-lv","26":"tag-news","27":"tag-popularakas-zinas","28":"tag-popularakaszinas","29":"tag-top-stories","30":"tag-topstories","31":"tag-world","32":"tag-world-news","33":"tag-worldnews","34":"tag-zinas","35":"tag-zinas-no-arvalstim"},"share_on_mastodon":{"url":"https:\/\/pubeurope.com\/@lv\/115457021937140313","error":""},"_links":{"self":[{"href":"https:\/\/www.europesays.com\/lv\/wp-json\/wp\/v2\/posts\/34216","targetHints":{"allow":["GET"]}}],"collection":[{"href":"https:\/\/www.europesays.com\/lv\/wp-json\/wp\/v2\/posts"}],"about":[{"href":"https:\/\/www.europesays.com\/lv\/wp-json\/wp\/v2\/types\/post"}],"author":[{"embeddable":true,"href":"https:\/\/www.europesays.com\/lv\/wp-json\/wp\/v2\/users\/2"}],"replies":[{"embeddable":true,"href":"https:\/\/www.europesays.com\/lv\/wp-json\/wp\/v2\/comments?post=34216"}],"version-history":[{"count":0,"href":"https:\/\/www.europesays.com\/lv\/wp-json\/wp\/v2\/posts\/34216\/revisions"}],"wp:featuredmedia":[{"embeddable":true,"href":"https:\/\/www.europesays.com\/lv\/wp-json\/wp\/v2\/media\/22701"}],"wp:attachment":[{"href":"https:\/\/www.europesays.com\/lv\/wp-json\/wp\/v2\/media?parent=34216"}],"wp:term":[{"taxonomy":"category","embeddable":true,"href":"https:\/\/www.europesays.com\/lv\/wp-json\/wp\/v2\/categories?post=34216"},{"taxonomy":"post_tag","embeddable":true,"href":"https:\/\/www.europesays.com\/lv\/wp-json\/wp\/v2\/tags?post=34216"}],"curies":[{"name":"wp","href":"https:\/\/api.w.org\/{rel}","templated":true}]}}