{"id":34219,"date":"2025-10-29T10:39:07","date_gmt":"2025-10-29T10:39:07","guid":{"rendered":"https:\/\/www.europesays.com\/lv\/34219\/"},"modified":"2025-10-29T10:39:07","modified_gmt":"2025-10-29T10:39:07","slug":"valkas-pasvaldibai-jasamazina-parvaldes-izdevumi-pazino-ministrs","status":"publish","type":"post","link":"https:\/\/www.europesays.com\/lv\/34219\/","title":{"rendered":"Valkas pa\u0161vald\u012bbai j\u0101samazina p\u0101rvaldes izdevumi, pazi\u0146o ministrs"},"content":{"rendered":"<p>FM uzsver, ka pa\u0161vald\u012bbai b\u016btiski ir turpin\u0101t darbu pie izdevumu efektiviz\u0101cijas un finan\u0161u stabilit\u0101tes nodro\u0161in\u0101\u0161anas ilgtermi\u0146\u0101, k\u0101 ar\u012b izv\u0113rt\u0113t nepiecie\u0161am\u012bbu veikt groz\u012bjumus izdevumu samazin\u0101juma pl\u0101n\u0101, iek\u013caujot jaunus pas\u0101kumus.<\/p>\n<p>FM r\u012bc\u012bb\u0101 \u0161obr\u012bd nav inform\u0101cijas, ka \u0161\u0101di groz\u012bjumi b\u016btu veikti. Ja pa\u0161vald\u012bba nesp\u0113s nor\u0113\u0137in\u0101ties ar kreditoriem un nerad\u012bs ilgtermi\u0146a risin\u0101jumus bud\u017eeta sabalans\u0113\u0161anai, FM aicina pa\u0161vald\u012bbas domi izv\u0113rt\u0113t, vai nav iest\u0101jusies situ\u0101cija, kas liecina par finan\u0161u stabiliz\u0101cijas procesa nepiecie\u0161am\u012bbu atbilsto\u0161i likumam par bud\u017eetu un finan\u0161u vad\u012bbu.<\/p>\n<p>Vienlaikus FM ir l\u016bgusi Vides aizsardz\u012bbas un re\u0123ion\u0101l\u0101s att\u012bst\u012bbas ministriju izv\u0113rt\u0113t, vai Valkas novada pa\u0161vald\u012bb\u0101 atbilsto\u0161i likumam tiek nodro\u0161in\u0101ti iedz\u012bvot\u0101jiem nepiecie\u0161amie siltumapg\u0101des un komun\u0101lie pakalpojumi.<\/p>\n<p>Savuk\u0101rt Valkas novada m\u0113rs Vents Armands Krauklis (Vidzemes partija) intervij\u0101 Latvijas Telev\u012bzijai sac\u012bja, ka pa\u0161vald\u012bbai ir pl\u0101ns, k\u0101 l\u012bdz gada beig\u0101m tikt gal\u0101 ar kav\u0113tajiem maks\u0101jumiem, un tam papildu nauda pras\u012bta netiek.<\/p>\n<p>Kraulis skaidroja, ka piln\u012bb\u0101 pier\u012bt tam, ka pa\u0161vald\u012bbai pa\u0161laik ir finan\u0161u gr\u016bt\u012bbas. Vi\u0146apr\u0101t, tas ir saist\u012bts ar to, ka iepriek\u0161\u0113j\u0101 vad\u012bba ir \u013coti noplicin\u0101jusi pa\u0161vald\u012bbas administrat\u012bvo kapacit\u0101ti. T\u0101pat vair\u0101kus gadus nekas neesot ticis dar\u012bts par\u0101du piedzi\u0146as jom\u0101.<\/p>\n<p>&#8220;Liel\u0101 probl\u0113ma ir n\u0101kam\u0101 gada bud\u017eets,&#8221; vi\u0146\u0161 sac\u012bja, pau\u017eot viedokli, ka objekt\u012bvi bez papildu naudas sapr\u0101t\u012bg\u0101 veid\u0101 &#8220;salikt bud\u017eetu&#8221; un nodro\u0161in\u0101t pakalpojumus \u0161\u012b gada l\u012bmen\u012b nav iesp\u0113jams.<\/p>\n<p>Visi papildu izdevumi, kas izriet no likumiem un Ministru kabineta noteikumiem, pa\u0161vald\u012bbai pras\u012b\u0161ot vair\u0101k nek\u0101 400 000 eiro.<\/p>\n","protected":false},"excerpt":{"rendered":"FM uzsver, ka pa\u0161vald\u012bbai b\u016btiski ir turpin\u0101t darbu pie izdevumu efektiviz\u0101cijas un finan\u0161u stabilit\u0101tes nodro\u0161in\u0101\u0161anas ilgtermi\u0146\u0101, k\u0101 ar\u012b&hellip;\n","protected":false},"author":2,"featured_media":34220,"comment_status":"","ping_status":"","sticky":false,"template":"","format":"standard","meta":{"footnotes":""},"categories":[5],"tags":[23,28,29,32,33,22,30,31,35,39,38,36,37,34,40,20,26,27,3492,24,25,1007,21],"class_list":{"0":"post-34219","1":"post","2":"type-post","3":"status-publish","4":"format-standard","5":"has-post-thumbnail","7":"category-aktualitates","8":"tag-aktualitates","9":"tag-breaking-news","10":"tag-breakingnews","11":"tag-featured-news","12":"tag-featurednews","13":"tag-headlines","14":"tag-latest-news","15":"tag-latestnews","16":"tag-latvia","17":"tag-latvian","18":"tag-latviesu","19":"tag-latviesu-valoda","20":"tag-latviesuvaloda","21":"tag-latvija","22":"tag-lv","23":"tag-news","24":"tag-popularakas-zinas","25":"tag-popularakaszinas","26":"tag-raimonds-cudars","27":"tag-top-stories","28":"tag-topstories","29":"tag-valka","30":"tag-zinas"},"share_on_mastodon":{"url":"https:\/\/pubeurope.com\/@lv\/115457029742929074","error":""},"_links":{"self":[{"href":"https:\/\/www.europesays.com\/lv\/wp-json\/wp\/v2\/posts\/34219","targetHints":{"allow":["GET"]}}],"collection":[{"href":"https:\/\/www.europesays.com\/lv\/wp-json\/wp\/v2\/posts"}],"about":[{"href":"https:\/\/www.europesays.com\/lv\/wp-json\/wp\/v2\/types\/post"}],"author":[{"embeddable":true,"href":"https:\/\/www.europesays.com\/lv\/wp-json\/wp\/v2\/users\/2"}],"replies":[{"embeddable":true,"href":"https:\/\/www.europesays.com\/lv\/wp-json\/wp\/v2\/comments?post=34219"}],"version-history":[{"count":0,"href":"https:\/\/www.europesays.com\/lv\/wp-json\/wp\/v2\/posts\/34219\/revisions"}],"wp:featuredmedia":[{"embeddable":true,"href":"https:\/\/www.europesays.com\/lv\/wp-json\/wp\/v2\/media\/34220"}],"wp:attachment":[{"href":"https:\/\/www.europesays.com\/lv\/wp-json\/wp\/v2\/media?parent=34219"}],"wp:term":[{"taxonomy":"category","embeddable":true,"href":"https:\/\/www.europesays.com\/lv\/wp-json\/wp\/v2\/categories?post=34219"},{"taxonomy":"post_tag","embeddable":true,"href":"https:\/\/www.europesays.com\/lv\/wp-json\/wp\/v2\/tags?post=34219"}],"curies":[{"name":"wp","href":"https:\/\/api.w.org\/{rel}","templated":true}]}}