{"id":34251,"date":"2025-10-29T11:17:26","date_gmt":"2025-10-29T11:17:26","guid":{"rendered":"https:\/\/www.europesays.com\/lv\/34251\/"},"modified":"2025-10-29T11:17:26","modified_gmt":"2025-10-29T11:17:26","slug":"maklins-selebrini-nhl-nedelas-pirma-zvaigzne-ar-iespaidigu-sniegumu-lente-lv","status":"publish","type":"post","link":"https:\/\/www.europesays.com\/lv\/34251\/","title":{"rendered":"Maklins Selebr\u012bni \u2013 NHL ned\u0113\u013cas pirm\u0101 zvaigzne ar iespaid\u012bgu sniegumu\u00a0\u2014\u00a0Lente.lv"},"content":{"rendered":"<p>Ikoniskais Maklins Selebr\u012bni \u2013 Nacion\u0101l\u0101s hokeja l\u012bgas ned\u0113\u013cas sp\u012bdekis<\/p>\n<p>Sanhos\u0113 \u201cSharks\u201d komandas centrs Maklins Selebr\u012bni ir peln\u012bti ieguvis Nacion\u0101l\u0101s hokeja l\u012bgas (NHL) aizvad\u012bt\u0101s ned\u0113\u013cas pirm\u0101s zvaigznes godu. \u0160is sasniegums apliecina Selebr\u012bni k\u0101 vienu no spo\u017e\u0101kaj\u0101m jaunaj\u0101m zvaigzn\u0113m l\u012bg\u0101, kura ar savu talantu un neatlaid\u012bbu jau ir iemantojis pla\u0161u atzin\u012bbu.<\/p>\n<p>Selebr\u012bni \u2013 nep\u0101rprotams talants uz ledus<\/p>\n<p>Selebr\u012bni aizvad\u012btaj\u0101 ned\u0113\u013c\u0101 demonstr\u0113ja elpu aizraujo\u0161u sniegumu, \u010detros ma\u010dos g\u016bstot desmit punktus, tai skait\u0101 piecus v\u0101rtus un piecas rezultat\u012bvas piesp\u0113les. Vi\u0146a iespaid\u012bg\u0101ko sniegumu var\u0113ja v\u0113rot uzvar\u0101 p\u0101r \u0145ujorkas \u201cRangers\u201d, kur 19 gadus vecais hokejists vienatn\u0113 guva tr\u012bs v\u0101rtus un veica divas piesp\u0113les, izc\u012bnot uzvaru pagarin\u0101jum\u0101. \u0160is sniegums ir ne tikai iev\u0113rojams individu\u0101lais pan\u0101kums, bet ar\u012b apliecin\u0101jums vi\u0146a sp\u0113jai iedvesmot un vad\u012bt komandu. Selebr\u012bni sniegums atg\u0101dina le\u0123end\u0101rus hokejistus, kuri ar\u012b jaun\u012bb\u0101 sp\u0113ju\u0161i demonstr\u0113t l\u012bdz\u012bgu izcil\u012bbu, piem\u0113ram, Veinu Grecki un Braienu Troti\u0113. Vi\u0146a sp\u0113le ir k\u0101 elpu aizraujo\u0161a simfonija uz ledus, kur katrs piesk\u0101riens ripai ir k\u0101 prec\u012bzi uzrakst\u012bts nots.<\/p>\n<p>Domin\u0113jo\u0161ie centra uzbruc\u0113ji NHL<\/p>\n<p>Interesanti, ka ar\u012b n\u0101kam\u0101s divas ned\u0113\u013cas zvaigznes ir centra uzbruc\u0113ji. Par otro lab\u0101ko atz\u012bts Logans K\u016blijs no J\u016btas \u201cMammoth\u201d, bet tre\u0161ais ir D\u017eeks Hj\u016bzs no \u0145\u016bd\u017eersijas \u201cDevils\u201d. Tas liecina par centra uzbruc\u0113ju dominanci un vi\u0146u noz\u012bmi m\u016bsdienu hokej\u0101. Vi\u0146i ir k\u0101 kara\u013ci uz ledus, kontrol\u0113jot sp\u0113les gaitu un bie\u017ei vien iz\u0161\u0137irojot ma\u010du likteni. K\u016blijs \u0161oned\u0113\u013c iekr\u0101ja asto\u0146us punktus, bet Hj\u016bzs \u2013 se\u0161us. Selebr\u012bni \u0161osezon jau ir k\u013cuvis par vienu no l\u012bgas rezultat\u012bv\u0101kajiem sp\u0113l\u0113t\u0101jiem, saglab\u0101jot stabilu sniegumu un apliecinot savu potenci\u0101lu.<\/p>\n<p>Selebr\u012bni \u2013 n\u0101kotnes zvaigzne ar milzu potenci\u0101lu<\/p>\n<p>Maklina Selebr\u012bni karjera NHL ir tikai s\u0101kusies, ta\u010du jau tagad ir skaidrs, ka vi\u0146\u0161 ir gatavs iekarot augst\u0101k\u0101s virsotnes. Vi\u0146a sp\u0113ja g\u016bt v\u0101rtus, veidot momentus un sp\u0113l\u0113t stabili zem spiediena ir iev\u0113rojama. K\u0101 liecina dati, Selebr\u012bni \u0161aj\u0101 sezon\u0101 devi\u0146os ma\u010dos guvis 15 punktus (6+9), ie\u0146emot tre\u0161o vietu starp l\u012bgas rezultat\u012bv\u0101kajiem sp\u0113l\u0113t\u0101jiem. \u0160is ir spo\u017es r\u0101d\u012bt\u0101js, kas liecina par vi\u0146a potenci\u0101lu un n\u0101kotnes pan\u0101kumiem. Vi\u0146a ce\u013c\u0161 l\u012bdz NHL bija strauj\u0161, par ko liecina fakts, ka vi\u0146\u0161 jau paguvis nosl\u0113gt l\u012bgumu ar \u201cSharks\u201d un aizvad\u012bt savu pirmo NHL sezonu. Vi\u0146\u0161 ar\u012b pal\u012bdz\u0113ja ASV izlasei izc\u012bn\u012bt zelta meda\u013cu 2024. gada IIHF Pasaules junioru \u010dempion\u0101t\u0101, apliecinot savu talantu ar\u012b starptautisk\u0101 l\u012bmen\u012b.<\/p>\n","protected":false},"excerpt":{"rendered":"Ikoniskais Maklins Selebr\u012bni \u2013 Nacion\u0101l\u0101s hokeja l\u012bgas ned\u0113\u013cas sp\u012bdekis Sanhos\u0113 \u201cSharks\u201d komandas centrs Maklins Selebr\u012bni ir peln\u012bti ieguvis&hellip;\n","protected":false},"author":2,"featured_media":34252,"comment_status":"","ping_status":"","sticky":false,"template":"","format":"standard","meta":{"footnotes":""},"categories":[17],"tags":[35,39,38,36,37,34,40,10177,835,10178,67],"class_list":{"0":"post-34251","1":"post","2":"type-post","3":"status-publish","4":"format-standard","5":"has-post-thumbnail","7":"category-sports","8":"tag-latvia","9":"tag-latvian","10":"tag-latviesu","11":"tag-latviesu-valoda","12":"tag-latviesuvaloda","13":"tag-latvija","14":"tag-lv","15":"tag-maklins-selebrini","16":"tag-nhl","17":"tag-sanhose","18":"tag-sports"},"share_on_mastodon":{"url":"https:\/\/pubeurope.com\/@lv\/115457179191296431","error":""},"_links":{"self":[{"href":"https:\/\/www.europesays.com\/lv\/wp-json\/wp\/v2\/posts\/34251","targetHints":{"allow":["GET"]}}],"collection":[{"href":"https:\/\/www.europesays.com\/lv\/wp-json\/wp\/v2\/posts"}],"about":[{"href":"https:\/\/www.europesays.com\/lv\/wp-json\/wp\/v2\/types\/post"}],"author":[{"embeddable":true,"href":"https:\/\/www.europesays.com\/lv\/wp-json\/wp\/v2\/users\/2"}],"replies":[{"embeddable":true,"href":"https:\/\/www.europesays.com\/lv\/wp-json\/wp\/v2\/comments?post=34251"}],"version-history":[{"count":0,"href":"https:\/\/www.europesays.com\/lv\/wp-json\/wp\/v2\/posts\/34251\/revisions"}],"wp:featuredmedia":[{"embeddable":true,"href":"https:\/\/www.europesays.com\/lv\/wp-json\/wp\/v2\/media\/34252"}],"wp:attachment":[{"href":"https:\/\/www.europesays.com\/lv\/wp-json\/wp\/v2\/media?parent=34251"}],"wp:term":[{"taxonomy":"category","embeddable":true,"href":"https:\/\/www.europesays.com\/lv\/wp-json\/wp\/v2\/categories?post=34251"},{"taxonomy":"post_tag","embeddable":true,"href":"https:\/\/www.europesays.com\/lv\/wp-json\/wp\/v2\/tags?post=34251"}],"curies":[{"name":"wp","href":"https:\/\/api.w.org\/{rel}","templated":true}]}}