{"id":34257,"date":"2025-10-29T11:46:08","date_gmt":"2025-10-29T11:46:08","guid":{"rendered":"https:\/\/www.europesays.com\/lv\/34257\/"},"modified":"2025-10-29T11:46:08","modified_gmt":"2025-10-29T11:46:08","slug":"6-xi-elina-un-vestards-simkus-romantiska-koncertprogramma-ir-viens-vakars-kekava","status":"publish","type":"post","link":"https:\/\/www.europesays.com\/lv\/34257\/","title":{"rendered":"6.XI El\u012bna un Vestards \u0160imkus romantisk\u0101 koncertprogramm\u0101 &#8220;Ir viens vakars&#8221; \u0136ekav\u0101"},"content":{"rendered":"<p>6.novembr\u012b plkst.19.00 Doles Tautas nam\u0101 \u0136ekav\u0101 uzst\u0101sies El\u012bna un Vestards \u0160imkus. Koncertprogramm\u0101 &#8220;Ir viens vakars&#8221; skan\u0113s romantiskas un abiem m\u0101ksliniekiem person\u012bgi noz\u012bm\u012bgas latvie\u0161u komponistu solodziesmas, kuras kompon\u0113ju\u0161i J\u0101zeps Medi\u0146\u0161, J\u0101nis Medi\u0146\u0161 un J\u0101zeps V\u012btols. Klaus\u012bt\u0101jiem b\u016bs iesp\u0113ja dzird\u0113t ar\u012b Vestarda \u0160imkus klavierm\u016bziku, k\u0101 ar\u012b Em\u012bla D\u0101rzi\u0146a &#8220;Minjonas&#8221; un \u0112rika E\u0161envalda &#8220;Dv\u0113seles dziesmas&#8221; versijas balsij un klavier\u0113m.<\/p>\n","protected":false},"excerpt":{"rendered":"6.novembr\u012b plkst.19.00 Doles Tautas nam\u0101 \u0136ekav\u0101 uzst\u0101sies El\u012bna un Vestards \u0160imkus. Koncertprogramm\u0101 &#8220;Ir viens vakars&#8221; skan\u0113s romantiskas un&hellip;\n","protected":false},"author":2,"featured_media":34258,"comment_status":"","ping_status":"","sticky":false,"template":"","format":"standard","meta":{"footnotes":""},"categories":[19],"tags":[47,89,90,381,64,35,39,38,36,37,34,40,385,172,382,384,383,21],"class_list":{"0":"post-34257","1":"post","2":"type-post","3":"status-publish","4":"format-standard","5":"has-post-thumbnail","7":"category-izklaide","8":"tag-ekonomika","9":"tag-entertainment","10":"tag-izklaide","11":"tag-jaunumi","12":"tag-kultura","13":"tag-latvia","14":"tag-latvian","15":"tag-latviesu","16":"tag-latviesu-valoda","17":"tag-latviesuvaloda","18":"tag-latvija","19":"tag-lv","20":"tag-pieriga","21":"tag-riga","22":"tag-sabiedriba","23":"tag-sludinajumi","24":"tag-sports-afisa","25":"tag-zinas"},"share_on_mastodon":{"url":"https:\/\/pubeurope.com\/@lv\/115457293155720049","error":""},"_links":{"self":[{"href":"https:\/\/www.europesays.com\/lv\/wp-json\/wp\/v2\/posts\/34257","targetHints":{"allow":["GET"]}}],"collection":[{"href":"https:\/\/www.europesays.com\/lv\/wp-json\/wp\/v2\/posts"}],"about":[{"href":"https:\/\/www.europesays.com\/lv\/wp-json\/wp\/v2\/types\/post"}],"author":[{"embeddable":true,"href":"https:\/\/www.europesays.com\/lv\/wp-json\/wp\/v2\/users\/2"}],"replies":[{"embeddable":true,"href":"https:\/\/www.europesays.com\/lv\/wp-json\/wp\/v2\/comments?post=34257"}],"version-history":[{"count":0,"href":"https:\/\/www.europesays.com\/lv\/wp-json\/wp\/v2\/posts\/34257\/revisions"}],"wp:featuredmedia":[{"embeddable":true,"href":"https:\/\/www.europesays.com\/lv\/wp-json\/wp\/v2\/media\/34258"}],"wp:attachment":[{"href":"https:\/\/www.europesays.com\/lv\/wp-json\/wp\/v2\/media?parent=34257"}],"wp:term":[{"taxonomy":"category","embeddable":true,"href":"https:\/\/www.europesays.com\/lv\/wp-json\/wp\/v2\/categories?post=34257"},{"taxonomy":"post_tag","embeddable":true,"href":"https:\/\/www.europesays.com\/lv\/wp-json\/wp\/v2\/tags?post=34257"}],"curies":[{"name":"wp","href":"https:\/\/api.w.org\/{rel}","templated":true}]}}