{"id":34277,"date":"2025-10-29T12:14:09","date_gmt":"2025-10-29T12:14:09","guid":{"rendered":"https:\/\/www.europesays.com\/lv\/34277\/"},"modified":"2025-10-29T12:14:09","modified_gmt":"2025-10-29T12:14:09","slug":"noraida-jv-kompromisu-lai-atliktu-stambulas-konvencijas-denonsesanu","status":"publish","type":"post","link":"https:\/\/www.europesays.com\/lv\/34277\/","title":{"rendered":"Noraida JV &#8220;kompromisu&#8221;, lai atliktu Stambulas konvencijas denons\u0113\u0161anu"},"content":{"rendered":"<p>Tre\u0161dien, 29. oktobr\u012b, <a rel=\"noopener nofollow\" target=\"_blank\" href=\"https:\/\/www.delfi.lv\/temas\/38952207\/saeima\" tag-id=\"38952207\">Saeimas<\/a> \u0100rlietu komisij\u0101 atbalstu neguva &#8220;Jaun\u0101s vienot\u012bbas&#8221; (JV) frakcijas deput\u0101tu priek\u0161likums p\u0113c bud\u017eeta pie\u0146em\u0161anas visu politisko sp\u0113ku vid\u016b atk\u0101rtoti diskut\u0113t par izst\u0101\u0161anos no Eiropas Padomes Konvencijas par vardarb\u012bbas pret sieviet\u0113m un vardarb\u012bbas \u0123imen\u0113 nov\u0113r\u0161anu un apkaro\u0161anu jeb Stambulas konvencijas.<\/p>\n<p class=\"western\">\u0160odien \u0100rlietu komisija gal\u012bgaj\u0101 las\u012bjum\u0101 skata likumprojektu, kuru pie\u0146emot, Latvija izst\u0101tos no pretvardarb\u012bbas konvencijas.<\/p>\n<p class=\"western\">Diskusijas izv\u0113rs\u0101s par JV frakcijas vad\u012bt\u0101ja Edmunda Jur\u0113vica priek\u0161likumu konvencijas denons\u0113\u0161anas likum\u0101 noteikt, ka <a rel=\"noopener nofollow\" target=\"_blank\" href=\"https:\/\/www.delfi.lv\/temas\/42074904\/arlietu-ministrija\" tag-id=\"42074904\">\u0100rlietu ministrija<\/a> var iesniegt Eiropas Padomes \u0123ener\u0101lsekret\u0101ram adres\u0113tu pazi\u0146ojumu par konvencijas denons\u0113\u0161anu, kad ir sa\u0146emts atzinums no valsts dro\u0161\u012bbas iest\u0101d\u0113m, ka konvencijas denons\u0113\u0161anas proces\u0101 nav konstat\u0113jami Krievijas dezinform\u0101cijas kampa\u0146as elementi.<\/p>\n<p class=\"western\">Komisijas s\u0113d\u0113 Jur\u0113vics pauda p\u0101rliec\u012bbu, ka Krievija gadiem \u012bsteno propagandu pret \u0161o konvenciju, padarot \u0161o dokumentu par to, kas tas nav. Vi\u0146\u0161 uzsv\u0113ra, ka Krievija joproj\u0101m \u0161o konvenciju izmanto, lai \u0161\u0137eltu Eiropas Savien\u012bbu.<\/p>\n<p class=\"western\">Opoz\u012bcijas deput\u0101ts <a rel=\"noopener nofollow\" target=\"_blank\" href=\"https:\/\/www.delfi.lv\/temas\/47331695\/edvards-smiltens\" tag-id=\"47331695\">Edvards Smilt\u0113ns<\/a> (AS) kritiz\u0113ja \u0161\u0101du priek\u0161likumu, vaic\u0101jot, vai \u0161\u0101di politiskaj\u0101 c\u012b\u0146\u0101 m\u0113\u0123in\u0101ts iesaist\u012bt &#8220;specdienestus&#8221;, kuri jau tagad ir noslogoti, sarg\u0101jot valsts dro\u0161\u012bbu. &#8220;Vai m\u016bsu specdienestu iesaiste politiskaj\u0101s sp\u0113l\u0113s ir adekv\u0101ts solis no premjera partijas puses?&#8221; pauda Smilt\u0113ns. Jur\u0113vics piebilda, ka valsts dro\u0161\u012bbas iest\u0101d\u0113m nevajadz\u0113tu dot papildu slodzi, bet situ\u0101cij\u0101, kad tiek apdraud\u0113ta valsts reput\u0101cija, diem\u017e\u0113l ir j\u0101l\u016bdz monitor\u0113t krem\u013ca narat\u012bvu ietekmi.<\/p>\n<p class=\"western\">\u0100rlietu komisijas vad\u012bt\u0101ja <a rel=\"noopener nofollow\" target=\"_blank\" href=\"https:\/\/www.delfi.lv\/temas\/41306467\/inara-murniece\" tag-id=\"41306467\">In\u0101ra M\u016brniece<\/a> (NA) atg\u0101din\u0101ja, ka vi\u0146as p\u0101rst\u0101v\u0113tais politiskais sp\u0113ks &#8220;<a rel=\"noopener nofollow\" target=\"_blank\" href=\"https:\/\/www.delfi.lv\/temas\/51621719\/nacionala-apvieniba\" tag-id=\"51621719\">Nacion\u0101l\u0101 apvien\u012bba<\/a>&#8221; (NA) jau tad, kad s\u0101k\u0101s diskusijas par konvencijas parakst\u012b\u0161anu, pazi\u0146oja savu politisko poz\u012bciju \u2013 NA neatbalsta \u0161o konvenciju. &#8220;\u0160\u012b poz\u012bcija ir zin\u0101ma. Ko j\u016bs gribat noskaidrot, dodot uzdevumus dro\u0161\u012bbas dienestiem?&#8221; interes\u0113j\u0101s politi\u0137e.<\/p>\n<p class=\"western\">T\u0101pat M\u016brniece interes\u0113j\u0101s, vai JV un premjerministre <a rel=\"noopener nofollow\" target=\"_blank\" href=\"https:\/\/www.delfi.lv\/temas\/55877428\/evika-silina\" tag-id=\"55877428\">Evika Sili\u0146a<\/a> (JV) ir izmantojusi iesp\u0113ju, lai p\u0101rrun\u0101tu jaut\u0101jumu par konvenciju pla\u0161\u0101k\u0101 lok\u0101. Jur\u0113vics nor\u0101d\u012bja, ka vi\u0146\u0161 person\u012bgi un ar\u012b Sili\u0146a b\u016btu gatavi v\u0113lreiz s\u0113sties pie sarunu galda par konvenciju, ja visas Saeim\u0101 p\u0101rst\u0101v\u0113t\u0101s frakcijas atbalst\u012btu priek\u0161likumu &#8220;iepauz\u0113t&#8221; ar l\u0113mumu denons\u0113t konvenciju. Vi\u0146\u0161 rosin\u0101ja disksusijas turpin\u0101t p\u0113c 2026. gada bud\u017eeta pie\u0146em\u0161anas \u2013 decembra vid\u016b.<\/p>\n<p class=\"western\">Ar\u012b deput\u0101te <a rel=\"noopener nofollow\" target=\"_blank\" href=\"https:\/\/www.delfi.lv\/temas\/51115919\/zanda-kalnina-lukasevica\" tag-id=\"51115919\">Zanda Kalni\u0146a-Luka\u0161evica<\/a> (JV) aicin\u0101ja atgriezties &#8220;faktos balst\u012bt\u0101 sarun\u0101&#8221;, nor\u0101dot, ka piecu &#8220;valstisko&#8221; frakciju politiskajiem sp\u0113kiem b\u016btu j\u0101atgrie\u017eas pie sarunu galda.<\/p>\n<p class=\"western\">M\u016brniece nor\u0101d\u012bja, ka Jur\u0113vica priek\u0161likums par dro\u0161\u012bbas dienestu p\u0101rbaudi &#8220;saasina situ\u0101ciju&#8221; un neveicina diskusiju. &#8220;Tas ir \u0101rk\u0101rt\u012bgi j\u016bt\u012bgs jaut\u0101jums, jo parlaments to uztver k\u0101 valdo\u0161\u0101s partijas v\u0113lmi iesaist\u012bt dro\u0161\u012bbas dienestus un uztver to k\u0101 v\u0113lmi v\u0113rsties pret politiskajiem oponentiem,&#8221; skaidroja komisijas vad\u012bt\u0101ja.<\/p>\n<p class=\"western\">Savuk\u0101rt Smilt\u0113ns aicin\u0101ja Jur\u0113vicu &#8220;nekrist kaun\u0101&#8221; un atsaukt savu priek\u0161likumu. Vi\u0146\u0161 nor\u0101d\u012bja, ka JV ir tie\u0161i atbild\u012bga par to, k\u0101p\u0113c deput\u0101ti \u0161odien \u0161eit s\u0113\u017e, jo savulaik, veidojot Sili\u0146as vald\u012bbu, tika &#8220;nopirktas balsis&#8221; Valsts prezidenta v\u0113l\u0113\u0161an\u0101s.<\/p>\n<p class=\"western\">&#8220;Tas ir iemesls, k\u0101pec m\u0113s \u0161eit s\u0113\u017eam. \u0160obr\u012bd nav diskusija par Stambulas konvenciju un vardarb\u012bbu pret sieviet\u0113m, bet par \u0161\u012bs vald\u012bbas eksistenci,&#8221; skaidroja Smilt\u0113ns.<\/p>\n<p class=\"western\">Jur\u0113vics atzina, ka vi\u0146\u0161 ir &#8220;gatavs iet uz kompromisiem&#8221;, ja Saeima tom\u0113r r\u012bt v\u0113l neskat\u012bs likumu par Latvijas izst\u0101\u0161anos no konvencijas. Vi\u0146\u0161 pied\u0101v\u0101ja izveidot frakciju vad\u012bt\u0101ju padomi un mekl\u0113t risin\u0101jumus, k\u0101 neizst\u0101ties no konvencijas.<\/p>\n<p class=\"western\">&#8220;Ja \u0100rlietu komisija lemtu, ka iz\u0146emam \u0161o jaut\u0101jumu no darba k\u0101rt\u012bbas un atliekam uz decembra otro ned\u0113\u013cu, es atsauk\u0161u savu priek\u0161likumu,&#8221; sac\u012bja politi\u0137is.<\/p>\n<p class=\"western\">Vi\u0146\u0161 neatbild\u0113ja uz M\u016brnieces jaut\u0101jumu, vai Jur\u0113vics savu priek\u0161likumu atsauks tikai un vien\u012bgi \u0161\u0101d\u0101 gad\u012bjum\u0101. &#8220;Ja j\u016bs \u0161o priek\u0161likumu neatsaucat, ejam t\u0101l\u0101k ar likumprojektu,&#8221; sac\u012bja komisijas vad\u012bt\u0101ja.<\/p>\n<p class=\"western\">Kalni\u0146a-Luka\u0161evica piebilda, ka &#8220;kompromiss ir uzlikt uz galda&#8221; un aicin\u0101ja visus &#8220;atvilkt elpu un aps\u0113sties pie galda&#8221;.<\/p>\n<p class=\"western\">Jur\u0113vics priek\u0161likumu neatsauca, bet komisija ar balsojumu to noraid\u012bja.<\/p>\n<p class=\"western\">Min\u0113to priek\u0161likumu neatbalst\u012bja nedz <a rel=\"noopener nofollow\" target=\"_blank\" href=\"https:\/\/www.delfi.lv\/temas\/42163330\/valsts-drosibas-dienests\" tag-id=\"42163330\">Valsts dro\u0161\u012bbas dienests<\/a>, nedz <a rel=\"noopener nofollow\" target=\"_blank\" href=\"https:\/\/www.delfi.lv\/temas\/43894644\/satversmes-aizsardzibas-birojs\" tag-id=\"43894644\">Satversmes aizsardz\u012bbas birojs<\/a>.<\/p>\n<p class=\"western\">*\u0160is saturs ir da\u013ca no maksas partner\u012bbas ar &#8220;Google&#8221;<\/p>\n<p class=\"m-0\">Seko &#8220;Delfi&#8221; ar\u012b  <a target=\"_blank\" href=\"https:\/\/www.instagram.com\/delfi.lv\/\" rel=\"nofollow noopener\">Instagram<\/a>  un <a target=\"_blank\" href=\"https:\/\/www.youtube.com\/channel\/UCw5foWtcJvAbUm64rv7jwUQ\" rel=\"nofollow noopener\">YouTube<\/a>  profil\u0101 \u2013 pievienojies, lai uzzin\u0101tu svar\u012bg\u0101ko un interesant\u0101ko pirmais!<\/p>\n<p>Publik\u0101cijas saturs vai t\u0101s jebk\u0101da apjoma da\u013ca ir aizsarg\u0101ts autorties\u012bbu objekts Autorties\u012bbu likuma izpratn\u0113, un t\u0101 izmanto\u0161ana bez izdev\u0113ja at\u013caujas ir aizliegta. Vair\u0101k lasi  <a target=\"_blank\" href=\"https:\/\/www.delfi.lv\/noteikumi#autortiesibas\" rel=\"nofollow noopener\">\u0161eit<\/a><script async src=\"\/\/www.instagram.com\/embed.js\"><\/script><\/p>\n","protected":false},"excerpt":{"rendered":"Tre\u0161dien, 29. oktobr\u012b, Saeimas \u0100rlietu komisij\u0101 atbalstu neguva &#8220;Jaun\u0101s vienot\u012bbas&#8221; (JV) frakcijas deput\u0101tu priek\u0161likums p\u0113c bud\u017eeta pie\u0146em\u0161anas visu&hellip;\n","protected":false},"author":2,"featured_media":34278,"comment_status":"","ping_status":"","sticky":false,"template":"","format":"standard","meta":{"footnotes":""},"categories":[12],"tags":[23,464,28,29,2734,10186,1249,32,33,10187,22,10184,30,31,35,39,38,36,37,34,40,2607,20,26,27,141,10185,24,25,1579,3818,21],"class_list":{"0":"post-34277","1":"post","2":"type-post","3":"status-publish","4":"format-standard","5":"has-post-thumbnail","7":"category-latvija","8":"tag-aktualitates","9":"tag-arlietu-ministrija","10":"tag-breaking-news","11":"tag-breakingnews","12":"tag-edmunds-jurevics","13":"tag-edvards-smiltens","14":"tag-evika-silina","15":"tag-featured-news","16":"tag-featurednews","17":"tag-google-trends","18":"tag-headlines","19":"tag-inara-murniece","20":"tag-latest-news","21":"tag-latestnews","22":"tag-latvia","23":"tag-latvian","24":"tag-latviesu","25":"tag-latviesu-valoda","26":"tag-latviesuvaloda","27":"tag-latvija","28":"tag-lv","29":"tag-nacionala-apvieniba","30":"tag-news","31":"tag-popularakas-zinas","32":"tag-popularakaszinas","33":"tag-saeima","34":"tag-satversmes-aizsardzibas-birojs","35":"tag-top-stories","36":"tag-topstories","37":"tag-valsts-drosibas-dienests","38":"tag-zanda-kalnina-lukasevica","39":"tag-zinas"},"share_on_mastodon":{"url":"","error":"Validation failed: Text character limit of 500 exceeded"},"_links":{"self":[{"href":"https:\/\/www.europesays.com\/lv\/wp-json\/wp\/v2\/posts\/34277","targetHints":{"allow":["GET"]}}],"collection":[{"href":"https:\/\/www.europesays.com\/lv\/wp-json\/wp\/v2\/posts"}],"about":[{"href":"https:\/\/www.europesays.com\/lv\/wp-json\/wp\/v2\/types\/post"}],"author":[{"embeddable":true,"href":"https:\/\/www.europesays.com\/lv\/wp-json\/wp\/v2\/users\/2"}],"replies":[{"embeddable":true,"href":"https:\/\/www.europesays.com\/lv\/wp-json\/wp\/v2\/comments?post=34277"}],"version-history":[{"count":0,"href":"https:\/\/www.europesays.com\/lv\/wp-json\/wp\/v2\/posts\/34277\/revisions"}],"wp:featuredmedia":[{"embeddable":true,"href":"https:\/\/www.europesays.com\/lv\/wp-json\/wp\/v2\/media\/34278"}],"wp:attachment":[{"href":"https:\/\/www.europesays.com\/lv\/wp-json\/wp\/v2\/media?parent=34277"}],"wp:term":[{"taxonomy":"category","embeddable":true,"href":"https:\/\/www.europesays.com\/lv\/wp-json\/wp\/v2\/categories?post=34277"},{"taxonomy":"post_tag","embeddable":true,"href":"https:\/\/www.europesays.com\/lv\/wp-json\/wp\/v2\/tags?post=34277"}],"curies":[{"name":"wp","href":"https:\/\/api.w.org\/{rel}","templated":true}]}}