{"id":34289,"date":"2025-10-29T12:23:08","date_gmt":"2025-10-29T12:23:08","guid":{"rendered":"https:\/\/www.europesays.com\/lv\/34289\/"},"modified":"2025-10-29T12:23:08","modified_gmt":"2025-10-29T12:23:08","slug":"stelmahers-par-negaidito-sarunu-ar-alonso-banki-impulsiem-un-darbu-izlase-citadaka-loma","status":"publish","type":"post","link":"https:\/\/www.europesays.com\/lv\/34289\/","title":{"rendered":"\u0160telmahers par negaid\u012bto sarunu ar Alonso, Banki impulsiem un darbu izlas\u0113 cit\u0101d\u0101k\u0101 lom\u0101"},"content":{"rendered":"<p>                                <img decoding=\"async\" src=\"https:\/\/www.europesays.com\/lv\/wp-content\/uploads\/2025\/10\/roberts-stelmahers-sportazinas-com-1-750x450.jpg\"   alt=\"Roberts \u0160telmahers\" class=\"post-featured-image\"\/><\/p>\n<p>Roberts \u0160telmahers | Foto: &#8220;Energa Czarni&#8221;<\/p>\n<p>Jau p\u0113c nepilna m\u0113ne\u0161a, 28. novembr\u012b, <a href=\"https:\/\/www.sportazinas.com\/atsl%C4%93gv%C4%81rdi\/latvijas-basketbola-izlase\/\" rel=\"nofollow noopener\" target=\"_blank\">Latvijas basketbola izlase<\/a> aizvad\u012bs pirmo ma\u010du <a href=\"https:\/\/www.fiba.basketball\/en\/events\/fiba-basketball-world-cup-2027-european-qualifiers\" target=\"_blank\" rel=\"noreferrer noopener nofollow\">2027. gada Pasaules kausa kvalifik\u0101cij\u0101<\/a>. Ar \u0161o sp\u0113li s\u0101ksies jauna \u0113ra Latvijas basketbol\u0101, jo pie valstsvien\u012bbas st\u016bres savu debiju piedz\u012bvos sp\u0101\u0146u speci\u0101lists Sito Alonso, kur\u0161 amat\u0101 nomain\u012bjis it\u0101li Luku Banki. <\/p>\n<p>L\u012bdz ar Alonso ien\u0101k\u0161anu notiku\u0161as izmai\u0146as treneru korpus\u0101. Ierind\u0101 paliku\u0161i Art\u016brs Visockis-Rubenis un D\u0101vis \u010coders, ta\u010du J\u0101ni Gail\u012bti, kur\u0161 ar\u012b tika izskat\u012bts k\u0101 viens no kandid\u0101tiem galven\u0101 strat\u0113\u0123a lomai, nomain\u012bjis <a href=\"https:\/\/www.sportazinas.com\/atsl%C4%93gv%C4%81rdi\/roberts-stelmahers\/\" rel=\"nofollow noopener\" target=\"_blank\">Roberts \u0160telmahers<\/a>, kur\u0161 sarun\u0101 ar port\u0101lu \u201cSportazinas.com\u201d dal\u012bj\u0101s emocij\u0101s par atgrie\u0161anos valstsvien\u012bb\u0101.<\/p>\n<p>\u0160telmahers, kur\u0161 kop\u0161 pag\u0101ju\u0161\u0101 gada decembra vada Polijas l\u012bgas klubu Slupskas \u201cCzarni\u201d un jau iepriek\u0161 Latvijas valstsvien\u012bb\u0101 bija darbojies k\u0101 asistents, no 2019. gada augusta l\u012bdz 2021. gada febru\u0101rim ar\u012b bija izlases galvenais treneris. \u201cT\u0101s noteikti ir pozit\u012bvas emocijas [b\u016bt atpaka\u013c izlas\u0113]. Varu atgriezties profesion\u0101l\u0101 vid\u0113, str\u0101d\u0101t ar labiem sp\u0113l\u0113t\u0101jiem un labiem treneriem,\u201d sac\u012bja \u0160telmahers. <\/p>\n<p>Alonso savus asistentus izzi\u0146oja oktobra s\u0101kum\u0101. \u201cNeteik\u0161u, ka pirms tam ar Sito bij\u0101m person\u012bgi paz\u012bstami, bet zin\u0101ju vi\u0146u k\u0101 treneri un biju skat\u012bjies vi\u0146a sp\u0113les,\u201d atkl\u0101ja \u0160telmahers. \u201cProtams, kad k\u013cuva zin\u0101ms, ka vi\u0146\u0161 b\u016bs izlases treneris, tad es padzi\u013cin\u0101t\u0101k pap\u0113t\u012bju visu, kas vi\u0146\u0161 ir un ko vi\u0146\u0161 ir dar\u012bjis, s\u0101ku sekot vi\u0146am nedaudz vair\u0101k k\u0101 pirms tam.\u201d<\/p>\n<p>\u201cBet tas uzaicin\u0101jums [intervijai] un t\u0101 saruna bija kaut k\u0101d\u0101 zi\u0146\u0101 negaid\u012bta, bet p\u0113c t\u0101 uzaicin\u0101juma apm\u0113ram sapratu, k\u0101p\u0113c t\u0101 ir noticis. Manas pirm\u0101s emocijas bija \u2013 ok, super, izklaus\u012b\u0161u pied\u0101v\u0101jumu. S\u0101kotn\u0113ji gan nor\u0101d\u012bju, ka man \u0161aj\u0101 karjeras posm\u0101 galvenais ir klubu basketbols un nostabiliz\u0113ties tur, bet izlase ir cit\u0101d\u0101ka papildu lieta. Zin\u0101ju, ka tas [l\u0113mums\u00a0pievienoties izlasei] noteikti ir j\u0101prasa klubam un k\u0101da ir vi\u0146u attieksme, bet nu noklaus\u012bjos [Alonso teikto] un man patika vi\u0146a v\u012bzija. Redz\u0113ju, ka es kaut k\u0101d\u0101 veid\u0101 veid\u0101 var\u0113tu pal\u012bdz\u0113t, t\u0101p\u0113c nodom\u0101ju \u2013 k\u0101p\u0113c ne?\u201d<\/p>\n<p>\u201cProtams, nebija t\u0101, ka uzreiz vienoj\u0101mies, jo man vajadz\u0113ja laiku, lai sazvan\u012btos ar klubu, izskaidrotu savu situ\u0101ciju un tikai tad dot atbildi. Bet viss labi beidz\u0101s un, t\u0101 teikt, esmu gatavs ar vis\u0101m rok\u0101m un k\u0101j\u0101m str\u0101d\u0101t, lai vi\u0146am [Alonso] pal\u012bdz\u0113tu un vinn\u0113tu sp\u0113les Latvijas izlas\u0113,\u201d uzsv\u0113ra \u0160telmahers.<\/p>\n<p>Alonso iepriek\u0161 atkl\u0101ja, ka intervij\u0101 ar \u0160telmaheru vi\u0146u p\u0101rsteidza latvie\u0161u speci\u0101lista degsme un ener\u0123ija. \u201cPat\u012bkami run\u0101t ar treneriem, varb\u016bt t\u0101p\u0113c vi\u0146\u0161 to t\u0101 redz\u0113ja. Ir super\u012bgi komunic\u0113t ar\u012b ar treneriem, kuri bija bija ar Luku [Banki] kop\u0101, t\u0101p\u0113c redzu to k\u0101 for\u0161u sadarb\u012bbu. Dom\u0101ju, ka es varu dot, k\u0101 ar\u012b vi\u0146i man var daudz ko dot,\u201d pauda \u0160telmahers. \u201cTrenera darbs ir nep\u0101rtraukta m\u0101c\u012b\u0161an\u0101s. Es Sito teicu, ka izdar\u012b\u0161u visu, lai pal\u012bdz\u0113tu vi\u0146am, pal\u012bdz\u0113tu izlasei, un, protams, ar\u012b redz\u0113t taj\u0101 ar\u012b lietas, ko es pats var\u0113tu m\u0101c\u012bties gan no vi\u0146a, gan no trenera korpusa. Sadarbojoties ar labiem treneriem, tu pats k\u013c\u016bsti lab\u0101ks.<\/p>\n<p>\u0160telmahers p\u0113d\u0113jo gadu laik\u0101 gan saglab\u0101ja saikni ar izlasi \u2013 pag\u0101ju\u0161\u0101 gada vasar\u0101 vi\u0146am tika uztic\u0113ts vad\u012bt Latvijas tuv\u0101ko rezervistu jeb \u201cN\u0101kam\u0101s paaudzes\u201d komandu. \u201cTas bija liels prieks un pat\u012bkami str\u0101d\u0101t ar jaunajiem sp\u0113l\u0113t\u0101jiem. Jau iepriek\u0161 esmu teicis, ka tas apliecin\u0101ja profesionalit\u0101ti, kas valda izlas\u0113 un apk\u0101rt tai \u2013 bija pat\u012bkami b\u016bt taj\u0101 vid\u0113. Tas varb\u016bt ar\u012b bija br\u012bdis, kad es sapratu, ka tas viss ir baigi for\u0161i un ka grib\u0113tu v\u0113l k\u0101dreiz pam\u0113\u0123in\u0101t [str\u0101d\u0101t izlas\u0113],\u201d atzina \u0160telmahers.<\/p>\n<p>Vai ar\u012b past\u0101v\u0113ja iesp\u0113ja, ka \u0160telmahers var\u0113tu pilnv\u0113rt\u012bgi pievienoties Lukas Banki treneru korpusam? \u201cKonkr\u0113ti t\u0101das sarunas nebija, bet m\u0113s run\u0101j\u0101m par \u201cNext Generation\u201d komandu un mazajiem pl\u0101niem saist\u012bb\u0101 ar to. Vi\u0146\u0161 teica, ka man ir br\u012bvas rokas un lai daru, ko pats redzu. Bija kaut k\u0101das iestr\u0101dnes un sadarb\u012bbas, un, lai ar\u012b tas nebija pamats un man princip\u0101 bija atv\u0113rtas rokas, es vair\u0101k izmantoju tie\u0161i lietas, ko vi\u0146i dar\u012bja [izlas\u0113],\u201d atcer\u0113j\u0101s treneris.<\/p>\n<p>\u201cTaj\u0101 pa\u0161\u0101 laik\u0101 man bija privil\u0113\u0123ija n\u0101kt uz treni\u0146iem, ko es ar\u012b \u013coti izmantoju. S\u0101kum\u0101 es jau negrib\u0113ju tur kaut k\u0101 mais\u012bties pa k\u0101j\u0101m, bet galu gal\u0101 tas bija \u013coti pat\u012bkami un pozit\u012bvi. Var\u0113ju gan piedal\u012bties, gan skat\u012bties treni\u0146us un redz\u0113t, k\u0101 vi\u0146i tur funkcion\u0113 un viss notiek. Protams, asistenti ar\u012b mani labi uz\u0146\u0113ma, t\u0101 k\u0101 viss bija k\u0101rt\u012bb\u0101. Ar Luku man bija labas attiec\u012bbas \u2013 tas, iesp\u0113jams, ar\u012b deva kaut k\u0101du impulsu pie Sito izv\u0113les.\u201d<\/p>\n<p><img fetchpriority=\"high\" decoding=\"async\" width=\"2048\" height=\"1365\" src=\"https:\/\/www.europesays.com\/lv\/wp-content\/uploads\/2025\/10\/53790708620_7f72cc308f_k.jpg\" alt=\"\" class=\"wp-image-513943\"\/>Roberts \u0160telmahers, vadot Latvijas \u201cNext Generation\u201d komandu | Foto: M\u0101rti\u0146\u0161 Goldbergs<\/p>\n<p>\u0160telmahers t\u0101pat nor\u0101d\u012bja, ka vi\u0146am t\u0101pat ir milz\u012bgs prieks atgriezties izlas\u0113 par sp\u012bti tam, ka vi\u0146\u0161 iepriek\u0161 bijis galvenais treneris, bet \u0161oreiz b\u016bs asistents. \u201cDarba specifika noteikti ir sav\u0101d\u0101ka \u2013 galvenais treneris ir galvenais treneris. Gan jau vajadz\u0113s mazliet laika, lai saprastu, cik \u013coti Sito v\u0113las, lai vi\u0146am pied\u0101v\u0101 kaut k\u0101dus variantus vai citas lietas. T\u0101 ir t\u0101da vesel\u012bga siner\u0123ija, kas visu laiku b\u016bs nepiecie\u0161ama. [Mums asistentiem un Sito] vienam pie otra b\u016bs j\u0101pierod, j\u0101saprot, k\u0101das ir galven\u0101s lietas, ko likt dar\u012bt vai pateikt priek\u0161\u0101. Tas ir liels darbs, bet tas jau ir s\u0101cies \u2013 mums ir video sarunas starp visiem treneriem un m\u0113s soli pa solim jau virz\u0101mies uz kaut k\u0101du kopsauc\u0113ju,\u201d st\u0101st\u012bja \u0160telmahers.<\/p>\n<p>\u201cAr laiku izkristaliz\u0113sies, ko Sito grib\u0113s tie\u0161i no manis, cik daudz vi\u0146\u0161 grib\u0113s, lai k\u0101ds cits iesaist\u0101s kaut k\u0101d\u0101s situ\u0101cij\u0101s. Procesa gait\u0101 viss notiks, bet visu, ko vi\u0146\u0161 grib\u0113s, es dar\u012b\u0161u \u2013 t\u0101ds ir m\u016bsu darbs. Katram trenerim b\u016bs sadal\u012btas kaut k\u0101das lietas, bet ar laiku m\u0113\u0123in\u0101sim visu optimiz\u0113t, kur\u0161 ko var izdar\u012bt vislab\u0101k un k\u0101d\u0101 veid\u0101 to paveikt, lai galvenajam trenerim to maz\u0101k b\u016btu j\u0101dara.\u201d<\/p>\n<p>\u201cTas [str\u0101d\u0101t k\u0101 asistentam, nevis galvenajam trenerim] ir noteikti cit\u0101d\u0101k, bet, k\u0101 jau teicu, degsme to dar\u012bt man ir milz\u012bga \u2013 esmu 100% iek\u0161\u0101!\u201d uzsv\u0113ra \u0160telmahers. \u201cJ\u0101, m\u0113s pal\u012bgi esam padomdev\u0113ji, bet galvenajam trenerim pieder p\u0113d\u0113jais v\u0101rds, kas ir piln\u012bgi cita atbild\u012bba.\u201d<\/p>\n<p>\u0160telamhers t\u0101pat ieskic\u0113ja, k\u0101, vi\u0146apr\u0101t, main\u012bsies Latvijas izlases sp\u0113le Alonso vad\u012bb\u0101. \u201cEsmu sapratis, ka m\u0113s vair\u0101k vai maz\u0101k sp\u0113li main\u012bsim soli pa solim, jo pirm\u0101s sp\u0113les ir diezgan tuvu un kardin\u0101li main\u012bt visu b\u016btu nepr\u0101ts. Ir iestr\u0101dnes, uz kur\u0101m m\u0113s str\u0101d\u0101sim, bet, kad b\u016bs vair\u0101k laika, tad kaut kas strauj\u0101k main\u012bsies. J\u0101, b\u016bs izmai\u0146as ar\u012b tagad, bet tie b\u016bs mazi knifi\u0146i, kas varb\u016bt pal\u012bdz\u0113s sp\u0113l\u0113t\u0101jiem un pretiniekiem tik labi m\u016bs nenoskautot.\u201d<\/p>\n<p>\u0160telmahers sarun\u0101 ar \u201cSportazinas.com\u201d ar\u012b koment\u0113ja atgrie\u0161anos izlas\u0113 p\u0113c savas s\u0101p\u012bg\u0101s pieredzes, kad vi\u0146a vad\u012bb\u0101 Latvija nekvalific\u0113j\u0101s Eiropas \u010dempion\u0101ta fin\u0101lturn\u012bram. Par to lasi rakst\u0101 <a href=\"https:\/\/www.sportazinas.com\/laiks-kaut-kadas-lietas-dziede-bet-stelmahers-par-atgriesanos-izlase-pec-sapigas-pieredzes\/\" rel=\"nofollow noopener\" target=\"_blank\">\u0160EIT<\/a>!<\/p>\n","protected":false},"excerpt":{"rendered":"Roberts \u0160telmahers | Foto: &#8220;Energa Czarni&#8221; Jau p\u0113c nepilna m\u0113ne\u0161a, 28. novembr\u012b, Latvijas basketbola izlase aizvad\u012bs pirmo ma\u010du&hellip;\n","protected":false},"author":2,"featured_media":34290,"comment_status":"","ping_status":"","sticky":false,"template":"","format":"standard","meta":{"footnotes":""},"categories":[17],"tags":[35,39,38,36,37,34,40,67],"class_list":{"0":"post-34289","1":"post","2":"type-post","3":"status-publish","4":"format-standard","5":"has-post-thumbnail","7":"category-sports","8":"tag-latvia","9":"tag-latvian","10":"tag-latviesu","11":"tag-latviesu-valoda","12":"tag-latviesuvaloda","13":"tag-latvija","14":"tag-lv","15":"tag-sports"},"share_on_mastodon":{"url":"https:\/\/pubeurope.com\/@lv\/115457438757632457","error":""},"_links":{"self":[{"href":"https:\/\/www.europesays.com\/lv\/wp-json\/wp\/v2\/posts\/34289","targetHints":{"allow":["GET"]}}],"collection":[{"href":"https:\/\/www.europesays.com\/lv\/wp-json\/wp\/v2\/posts"}],"about":[{"href":"https:\/\/www.europesays.com\/lv\/wp-json\/wp\/v2\/types\/post"}],"author":[{"embeddable":true,"href":"https:\/\/www.europesays.com\/lv\/wp-json\/wp\/v2\/users\/2"}],"replies":[{"embeddable":true,"href":"https:\/\/www.europesays.com\/lv\/wp-json\/wp\/v2\/comments?post=34289"}],"version-history":[{"count":0,"href":"https:\/\/www.europesays.com\/lv\/wp-json\/wp\/v2\/posts\/34289\/revisions"}],"wp:featuredmedia":[{"embeddable":true,"href":"https:\/\/www.europesays.com\/lv\/wp-json\/wp\/v2\/media\/34290"}],"wp:attachment":[{"href":"https:\/\/www.europesays.com\/lv\/wp-json\/wp\/v2\/media?parent=34289"}],"wp:term":[{"taxonomy":"category","embeddable":true,"href":"https:\/\/www.europesays.com\/lv\/wp-json\/wp\/v2\/categories?post=34289"},{"taxonomy":"post_tag","embeddable":true,"href":"https:\/\/www.europesays.com\/lv\/wp-json\/wp\/v2\/tags?post=34289"}],"curies":[{"name":"wp","href":"https:\/\/api.w.org\/{rel}","templated":true}]}}