{"id":34297,"date":"2025-10-29T12:29:07","date_gmt":"2025-10-29T12:29:07","guid":{"rendered":"https:\/\/www.europesays.com\/lv\/34297\/"},"modified":"2025-10-29T12:29:07","modified_gmt":"2025-10-29T12:29:07","slug":"sagatavot-trasi-izskatas-ka-neiespejama-misija-ziemas-sports-sportacentrs-com","status":"publish","type":"post","link":"https:\/\/www.europesays.com\/lv\/34297\/","title":{"rendered":"&#8221;Sagatavot trasi izskat\u0101s k\u0101 neiesp\u0113jam\u0101 misija&#8221; \u2013 Ziemas sports \u2013 Sportacentrs.com"},"content":{"rendered":"<p>&#8221;Vakardien ar treneri run\u0101j\u0101m \u2013 paliku\u0161as v\u0113l 100 dienas, un, nezinu, vai dr\u012bkst t\u0101 ska\u013ci teikt, bet pagaid\u0101m izskat\u0101s diezgan t\u0101, k\u0101 t\u0101da neiesp\u0113jam\u0101 misija &#8211; visu to apk\u0101rtni l\u012bdz galam sak\u0101rtot. Trase pati ir viet\u0101, viss k\u0101rt\u012bb\u0101, ledus labs, kvalitat\u012bvs, bet apk\u0101rt v\u0113l daudz dar\u0101m\u0101,&#8221; st\u0101st\u012bja Aparjods.<\/p>\n<p>&#8221;Lo\u0123istika ir nedaudz apgr\u016btin\u0101ta. Apk\u0101rt visur traktori, ce\u013camkr\u0101ni, smag\u0101s ma\u0161\u012bnas, putek\u013ci nenorm\u0101li &#8211; viss, kam pieskaries, ir balts. Saj\u016bta, ka m\u0113s atrodamies t\u0101d\u0101 b\u016bvlaukuma pa\u0161\u0101 epicentr\u0101.&#8221;<\/p>\n<p>Aparjods piebilda, ka \u0161\u0101da situ\u0101cija nav pirmo reizi, un min\u0113ja 2006. gada Tur\u012bnas olimpisk\u0101s sp\u0113les, k\u0101 piem\u0113ru: &#8221;Kaut ko l\u012bdz\u012bgu dzird\u0113ju par 2006. gadu, ka ar\u012b Tur\u012bn\u0101 viss bijis t\u0101d\u0101 pa\u0161\u0101 b\u016bvlaukuma gaisotn\u0113, visur putek\u013ci un akt\u012bvi darbi l\u012bdz pat p\u0113d\u0113jam br\u012bdim.&#8221;<\/p>\n<p>&#8221;Trase ir diezgan, k\u0101 lai saka, t\u0101da modern\u0101 tipa trase, k\u0101 jau iepriek\u0161 noskaidroj\u0101m Korej\u0101 un \u0136\u012bn\u0101. Nav t\u0101da tipisk\u0101 klasisk\u0101, k\u0101 m\u0113s esam vair\u0101k pieradu\u0161i pie Eiropas tras\u0113m, pie Siguldas vair\u0101k, kur tie spiedieni izce\u013cas. \u013boti daudz p\u0101reju ar spiediena mai\u0146\u0101m \u2013 vien\u0101 br\u012bd\u012b trase iet pret kalnu, tad atkal no kalna. Ir diezgan interesanti.&#8221;<\/p>\n<p>Sportists saglab\u0101 optimismu un nor\u0101da, ka galvenais ir, ka pati trase un ledus ir augst\u0101 l\u012bmen\u012b. Treni\u0146i Mil\u0101n\u0101-Kort\u012bn\u0101 turpin\u0101sies l\u012bdz 5. novembrim, p\u0113c tam Latvijas kamani\u0146u komanda atgriez\u012bsies m\u0101j\u0101s, lai turpin\u0101tu gatavo\u0161anos olimpiskajai sezonai.<\/p>\n<p>Izmantotie resursi:<br \/>LTV<\/p>\n","protected":false},"excerpt":{"rendered":"&#8221;Vakardien ar treneri run\u0101j\u0101m \u2013 paliku\u0161as v\u0113l 100 dienas, un, nezinu, vai dr\u012bkst t\u0101 ska\u013ci teikt, bet pagaid\u0101m&hellip;\n","protected":false},"author":2,"featured_media":34298,"comment_status":"","ping_status":"","sticky":false,"template":"","format":"standard","meta":{"footnotes":""},"categories":[17],"tags":[35,39,38,36,37,34,40,67,620],"class_list":{"0":"post-34297","1":"post","2":"type-post","3":"status-publish","4":"format-standard","5":"has-post-thumbnail","7":"category-sports","8":"tag-latvia","9":"tag-latvian","10":"tag-latviesu","11":"tag-latviesu-valoda","12":"tag-latviesuvaloda","13":"tag-latvija","14":"tag-lv","15":"tag-sports","16":"tag-ziemas-sports"},"share_on_mastodon":{"url":"https:\/\/pubeurope.com\/@lv\/115457462289065549","error":""},"_links":{"self":[{"href":"https:\/\/www.europesays.com\/lv\/wp-json\/wp\/v2\/posts\/34297","targetHints":{"allow":["GET"]}}],"collection":[{"href":"https:\/\/www.europesays.com\/lv\/wp-json\/wp\/v2\/posts"}],"about":[{"href":"https:\/\/www.europesays.com\/lv\/wp-json\/wp\/v2\/types\/post"}],"author":[{"embeddable":true,"href":"https:\/\/www.europesays.com\/lv\/wp-json\/wp\/v2\/users\/2"}],"replies":[{"embeddable":true,"href":"https:\/\/www.europesays.com\/lv\/wp-json\/wp\/v2\/comments?post=34297"}],"version-history":[{"count":0,"href":"https:\/\/www.europesays.com\/lv\/wp-json\/wp\/v2\/posts\/34297\/revisions"}],"wp:featuredmedia":[{"embeddable":true,"href":"https:\/\/www.europesays.com\/lv\/wp-json\/wp\/v2\/media\/34298"}],"wp:attachment":[{"href":"https:\/\/www.europesays.com\/lv\/wp-json\/wp\/v2\/media?parent=34297"}],"wp:term":[{"taxonomy":"category","embeddable":true,"href":"https:\/\/www.europesays.com\/lv\/wp-json\/wp\/v2\/categories?post=34297"},{"taxonomy":"post_tag","embeddable":true,"href":"https:\/\/www.europesays.com\/lv\/wp-json\/wp\/v2\/tags?post=34297"}],"curies":[{"name":"wp","href":"https:\/\/api.w.org\/{rel}","templated":true}]}}