{"id":34311,"date":"2025-10-29T12:43:08","date_gmt":"2025-10-29T12:43:08","guid":{"rendered":"https:\/\/www.europesays.com\/lv\/34311\/"},"modified":"2025-10-29T12:43:08","modified_gmt":"2025-10-29T12:43:08","slug":"video-%e2%9f%a9-krievija-uzspridzinats-okupantu-apakspulkvedis","status":"publish","type":"post","link":"https:\/\/www.europesays.com\/lv\/34311\/","title":{"rendered":"VIDEO \u27e9 Krievij\u0101 uzspridzin\u0101ts okupantu apak\u0161pulkvedis"},"content":{"rendered":"<p>Sestdien, 25. oktobr\u012b, Krievijas Kemerovas apgabal\u0101 uzspridzin\u0101ta automa\u0161\u012bna, ko vad\u012bja apak\u0161pulkvedis Venjamins Maz\u017eerins.<\/p>\n<p>Vi\u0146\u0161 dien\u0113ja Kemerovas apgabala Nacion\u0101l\u0101s gvardes OMON vien\u012bb\u0101 &#8220;Obereg&#8221;, kas bija viena no krievu iebruc\u0113ju vien\u012bb\u0101m, kuras 2022. gada febru\u0101r\u012b un mart\u0101 pastr\u0101d\u0101ja kara noziegumus Kijivas apgabal\u0101.<\/p>\n<p>Ukrainas \u0123ener\u0101lprokurat\u016bra, pamatojoties uz sav\u0101ktajiem pier\u0101d\u012bjumiem un aculiecinieku liec\u012bb\u0101m, pret &#8220;Obereg&#8221; kaujiniekiem ierosin\u0101jusi krimin\u0101llietu par karadarb\u012bbas noteikumu un para\u017eu p\u0101rk\u0101pumiem.<\/p>\n<p>&#8220;Ukrainas milit\u0101rais izl\u016bkdienests v\u0113l 2022. gada apr\u012bl\u012b identific\u0113ja kara noziedzniekus &#8220;Obereg&#8221; sast\u0101v\u0101 un izpl\u0101noja pas\u0101kumus, lai taisn\u012bgi sod\u012btu sarakst\u0101 eso\u0161\u0101s personas,&#8221; teikts GUR pazi\u0146ojum\u0101.<\/p>\n<p>Video: K\u0101 tika uzspridzin\u0101ts kara noziedznieks<\/p>\n<blockquote class=\"twitter-tweet\" data-media-max-width=\"560\">\n<p lang=\"en\" dir=\"ltr\">A Russian OMON lieutenant colonel involved in war crimes in the Kyiv region was reportedly eliminated in Russia\u2019s Kemerovo region, the Defence Intelligence of Ukraine reports. On October 25, a car carrying Veniamin Mazherin, officer of the \u201cObereg\u201d OMON unit, exploded. <a href=\"https:\/\/t.co\/O8PMFZ8E3i\" rel=\"nofollow\">pic.twitter.com\/O8PMFZ8E3i<\/a><\/p>\n<p>\u2014 NOELREPORTS \ud83c\uddea\ud83c\uddfa \ud83c\uddfa\ud83c\udde6 (@NOELreports) <a href=\"https:\/\/twitter.com\/NOELreports\/status\/1983446292778176999?ref_src=twsrc%5Etfw\" rel=\"nofollow noopener\" target=\"_blank\">October 29, 2025<\/a><\/p><\/blockquote>\n<p><script async src=\"https:\/\/platform.twitter.com\/widgets.js\" charset=\"utf-8\"><\/script><\/p>\n","protected":false},"excerpt":{"rendered":"Sestdien, 25. oktobr\u012b, Krievijas Kemerovas apgabal\u0101 uzspridzin\u0101ta automa\u0161\u012bna, ko vad\u012bja apak\u0161pulkvedis Venjamins Maz\u017eerins. Vi\u0146\u0161 dien\u0113ja Kemerovas apgabala Nacion\u0101l\u0101s&hellip;\n","protected":false},"author":2,"featured_media":34312,"comment_status":"","ping_status":"","sticky":false,"template":"","format":"standard","meta":{"footnotes":""},"categories":[14],"tags":[23,57,28,29,32,33,22,234,74,30,31,35,39,38,36,37,34,40,20,26,27,5981,24,25,276,54,55,56,21,58],"class_list":{"0":"post-34311","1":"post","2":"type-post","3":"status-publish","4":"format-standard","5":"has-post-thumbnail","7":"category-zinas-no-arvalstim","8":"tag-aktualitates","9":"tag-arvalstim","10":"tag-breaking-news","11":"tag-breakingnews","12":"tag-featured-news","13":"tag-featurednews","14":"tag-headlines","15":"tag-krievija","16":"tag-krievijas-iebrukums-ukraina","17":"tag-latest-news","18":"tag-latestnews","19":"tag-latvia","20":"tag-latvian","21":"tag-latviesu","22":"tag-latviesu-valoda","23":"tag-latviesuvaloda","24":"tag-latvija","25":"tag-lv","26":"tag-news","27":"tag-popularakas-zinas","28":"tag-popularakaszinas","29":"tag-spradziens","30":"tag-top-stories","31":"tag-topstories","32":"tag-ukraina","33":"tag-world","34":"tag-world-news","35":"tag-worldnews","36":"tag-zinas","37":"tag-zinas-no-arvalstim"},"share_on_mastodon":{"url":"https:\/\/pubeurope.com\/@lv\/115457517476395178","error":""},"_links":{"self":[{"href":"https:\/\/www.europesays.com\/lv\/wp-json\/wp\/v2\/posts\/34311","targetHints":{"allow":["GET"]}}],"collection":[{"href":"https:\/\/www.europesays.com\/lv\/wp-json\/wp\/v2\/posts"}],"about":[{"href":"https:\/\/www.europesays.com\/lv\/wp-json\/wp\/v2\/types\/post"}],"author":[{"embeddable":true,"href":"https:\/\/www.europesays.com\/lv\/wp-json\/wp\/v2\/users\/2"}],"replies":[{"embeddable":true,"href":"https:\/\/www.europesays.com\/lv\/wp-json\/wp\/v2\/comments?post=34311"}],"version-history":[{"count":0,"href":"https:\/\/www.europesays.com\/lv\/wp-json\/wp\/v2\/posts\/34311\/revisions"}],"wp:featuredmedia":[{"embeddable":true,"href":"https:\/\/www.europesays.com\/lv\/wp-json\/wp\/v2\/media\/34312"}],"wp:attachment":[{"href":"https:\/\/www.europesays.com\/lv\/wp-json\/wp\/v2\/media?parent=34311"}],"wp:term":[{"taxonomy":"category","embeddable":true,"href":"https:\/\/www.europesays.com\/lv\/wp-json\/wp\/v2\/categories?post=34311"},{"taxonomy":"post_tag","embeddable":true,"href":"https:\/\/www.europesays.com\/lv\/wp-json\/wp\/v2\/tags?post=34311"}],"curies":[{"name":"wp","href":"https:\/\/api.w.org\/{rel}","templated":true}]}}