{"id":34333,"date":"2025-10-29T12:58:18","date_gmt":"2025-10-29T12:58:18","guid":{"rendered":"https:\/\/www.europesays.com\/lv\/34333\/"},"modified":"2025-10-29T12:58:18","modified_gmt":"2025-10-29T12:58:18","slug":"man-ir-loti-krasna-un-bagata-emocionala-pasaule-laura-vizla-rakstis-gramatu-par-sevi-apollo-lv","status":"publish","type":"post","link":"https:\/\/www.europesays.com\/lv\/34333\/","title":{"rendered":"&quot;Man ir \u013coti kr\u0101\u0161\u0146a un bag\u0101ta emocion\u0101l\u0101 pasaule!&quot; Laura Vizla rakst\u012bs gr\u0101matu par sevi &#8211; Apollo.lv"},"content":{"rendered":"<ol>\n<li><a href=\"https:\/\/news.google.com\/rss\/articles\/CBMitAFBVV95cUxPbVNmbTVjS1hCZ3hsSmVJcmF3ZUtDdnZXa19sOHBPbDUxZmlFSmc4c1pRVDVQdEI3WVBhZ1daeXk3T0JSaWVNamx3M1doTFNaZXFwd1A4LWpGLThtMzZoT1A0UWN6RzBvNUs2TElZRWZoa0FQV294akFMbzROM05nS2plcW1aaDFUbWRRUlFZNk8xaE4zWkZFTlgyclZtZGdkd3pNeURJNHNoYlN2dGlvUHlaTzI?oc=5\" target=\"_blank\" rel=\"nofollow noopener\">&#8220;Man ir \u013coti kr\u0101\u0161\u0146a un bag\u0101ta emocion\u0101l\u0101 pasaule!&#8221; Laura Vizla rakst\u012bs gr\u0101matu par sevi<\/a>&nbsp;&nbsp;Apollo.lv<\/li>\n<li><a href=\"https:\/\/news.google.com\/rss\/articles\/CBMiqwFBVV95cUxNaUVwUXlNVVZ4cHFrd0dyel9CdnhPVkwyUlN2Mnlta0FkUWNjUmliY0JtUkdqVVVXZzdrX3NJaXhCNmFRQ0NCa1l2ZmtFMW1MM1ZfRDdQb0Z6NnFQNHBQVTFmNnBwdlNBal9CNGhFZ0RoV0N0blEzRkVLRnBJei13SGg5Q1J1akVCLTU4YjJ5a0VpOEU3TGZpX0dtRWdjWWRVOEhOUFVUUFpwbUk?oc=5\" target=\"_blank\" rel=\"nofollow noopener\">Laura Vizla izlikusi p\u0101rdo\u0161an\u0101 teju 40 000 eiro v\u0113rtu d\u0101vanu, ko reiz sa\u0146\u0113musi no Porzi\u0146\u0123a<\/a>&nbsp;&nbsp;LA.LV<\/li>\n<li><a href=\"https:\/\/news.google.com\/rss\/articles\/CBMirgFBVV95cUxNTVBPUndkWjA5bkxPQXhoVmdNVDBVN3pkU3QzWkRJdEtLbkYzek9fQXZuWU9Gc2JYRms2TXRfaXFqaEVQNEN5S0FEbWQ4VmFYMGNYejJnNkxWS2FtaFlfSnl6anZYNXVxdm5WY19wcGNmTFRhMnJWVzJuSWgyMmc0X05jU2tGbFVjejgtY0owU2pjZVVqcUs4LVJGdUthVUp1RU44RjBQWTNIekQzRnc?oc=5\" target=\"_blank\" rel=\"nofollow noopener\">Laura Vizla izlikusi p\u0101rdo\u0161an\u0101 Porzi\u0146\u0123a d\u0101v\u0101to mersedesu: &#8220;Es gribu jaunu ma\u0161\u012bnu!&#8221;<\/a>&nbsp;&nbsp;Sejas.lv<\/li>\n<li><a href=\"https:\/\/news.google.com\/rss\/articles\/CBMi3gFBVV95cUxPUGZ3Q2w4bEl4ZWZ1clBjR0pLQTZreXVXcGZCU1VMUjBmcTZDeHk2SUQ5a0xCcHp0ZTlXSVhDQkMycDd4M1QwdjYzQnR5b2oxWVVLZ0NVUGZfWGYyYUNOa0VtaGRRVkdub0NUZnJwWVVySVViTnNEcTdnMTFQRDVhTUd0NmUzdjRFWW5hTE03ZUV1eFV1b2QtUU5USFBmZTJ1WjdIVVE3alFkajUzZkpYTWhDXzQ3Q013WW1BdFJmcWpRV0NvT1N3V0tQQzA5MVNzRFFiSGpNb0dNWWR0aHc?oc=5\" target=\"_blank\" rel=\"nofollow noopener\">Porzi\u0146\u0123a bijus\u012b m\u012b\u013cot\u0101 Vizla raksta gr\u0101matu, bet par attiec\u012bb\u0101m saka: \u00abPrec\u0113jusies pa\u0161laik v\u0113l neesmu.<\/a>&nbsp;&nbsp;Santa.lv<\/li>\n<li><a href=\"https:\/\/news.google.com\/rss\/articles\/CBMiugFBVV95cUxOMUpfNWNBM1hMWWZrcjVacFlMeWcyV2pzMXNwU3hkbC1lWVRvQV82S3Z3MU9scEhkN3B5N1A3M2dXUllrVGV1X1k2aEt2RTRWOUlBazZIVTduRW84SHhIendDV3pJaVhKY0VSSmNxYzRmTEdZa05VMGJKbWEtaWlCbUJQVXB5dTBqbjlrWjItR1p0c0tUTmZuRGVjWTNYWFFERzVFbmttdUF1RzFkdXBZYWhKdUp6UVYtQWc?oc=5\" target=\"_blank\" rel=\"nofollow noopener\">Laura Vizla p\u0101rdod Porzi\u0146\u0123a d\u0101vin\u0101to auto un sap\u0146o par &#8220;Bentley&#8221;<\/a>&nbsp;&nbsp;Delfi<\/li>\n<\/ol>\n","protected":false},"excerpt":{"rendered":"&#8220;Man ir \u013coti kr\u0101\u0161\u0146a un bag\u0101ta emocion\u0101l\u0101 pasaule!&#8221; Laura Vizla rakst\u012bs gr\u0101matu par sevi&nbsp;&nbsp;Apollo.lv Laura Vizla izlikusi p\u0101rdo\u0161an\u0101&hellip;\n","protected":false},"author":2,"featured_media":34334,"comment_status":"","ping_status":"","sticky":false,"template":"","format":"standard","meta":{"footnotes":""},"categories":[5],"tags":[23,28,29,32,33,22,1260,30,31,35,39,38,36,37,34,1429,9912,40,20,26,27,24,25,21],"class_list":{"0":"post-34333","1":"post","2":"type-post","3":"status-publish","4":"format-standard","5":"has-post-thumbnail","7":"category-aktualitates","8":"tag-aktualitates","9":"tag-breaking-news","10":"tag-breakingnews","11":"tag-featured-news","12":"tag-featurednews","13":"tag-headlines","14":"tag-kristaps-porzingis","15":"tag-latest-news","16":"tag-latestnews","17":"tag-latvia","18":"tag-latvian","19":"tag-latviesu","20":"tag-latviesu-valoda","21":"tag-latviesuvaloda","22":"tag-latvija","23":"tag-latvijas-zurnali","24":"tag-laura-vizla","25":"tag-lv","26":"tag-news","27":"tag-popularakas-zinas","28":"tag-popularakaszinas","29":"tag-top-stories","30":"tag-topstories","31":"tag-zinas"},"share_on_mastodon":{"url":"https:\/\/pubeurope.com\/@lv\/115457576742427967","error":""},"_links":{"self":[{"href":"https:\/\/www.europesays.com\/lv\/wp-json\/wp\/v2\/posts\/34333","targetHints":{"allow":["GET"]}}],"collection":[{"href":"https:\/\/www.europesays.com\/lv\/wp-json\/wp\/v2\/posts"}],"about":[{"href":"https:\/\/www.europesays.com\/lv\/wp-json\/wp\/v2\/types\/post"}],"author":[{"embeddable":true,"href":"https:\/\/www.europesays.com\/lv\/wp-json\/wp\/v2\/users\/2"}],"replies":[{"embeddable":true,"href":"https:\/\/www.europesays.com\/lv\/wp-json\/wp\/v2\/comments?post=34333"}],"version-history":[{"count":0,"href":"https:\/\/www.europesays.com\/lv\/wp-json\/wp\/v2\/posts\/34333\/revisions"}],"wp:featuredmedia":[{"embeddable":true,"href":"https:\/\/www.europesays.com\/lv\/wp-json\/wp\/v2\/media\/34334"}],"wp:attachment":[{"href":"https:\/\/www.europesays.com\/lv\/wp-json\/wp\/v2\/media?parent=34333"}],"wp:term":[{"taxonomy":"category","embeddable":true,"href":"https:\/\/www.europesays.com\/lv\/wp-json\/wp\/v2\/categories?post=34333"},{"taxonomy":"post_tag","embeddable":true,"href":"https:\/\/www.europesays.com\/lv\/wp-json\/wp\/v2\/tags?post=34333"}],"curies":[{"name":"wp","href":"https:\/\/api.w.org\/{rel}","templated":true}]}}