{"id":34335,"date":"2025-10-29T12:59:08","date_gmt":"2025-10-29T12:59:08","guid":{"rendered":"https:\/\/www.europesays.com\/lv\/34335\/"},"modified":"2025-10-29T12:59:08","modified_gmt":"2025-10-29T12:59:08","slug":"detlefs-un-ozols-apvienojas-dziesma-viss-labi","status":"publish","type":"post","link":"https:\/\/www.europesays.com\/lv\/34335\/","title":{"rendered":"Detlefs un Ozols apvienojas dziesm\u0101 &#8220;Viss labi&#8221;"},"content":{"rendered":"<p>Dzied\u0101t\u0101js, m\u016bzi\u0137is un dziesmu autors <a href=\"https:\/\/www.apollo.lv\/term\/560575\/detlefs\" class=\"topicLink\" target=\"_blank\" rel=\"nofollow noopener\">Detlefs<\/a> (\u012bstaj\u0101 v\u0101rd\u0101 Uldis Dirn\u0113ns) p\u0113d\u0113jos gados p\u0101rliecino\u0161i atgriezies Latvijas m\u016bzikas aprit\u0113, to apliecinot ar izp\u0101rdotu koncertu klub\u0101 &#8220;Palladium&#8221; un jaun\u0101m dziesm\u0101m. Jaunas m\u016bzikas rad\u012b\u0161ana turpin\u0101s ar\u012b \u0161obr\u012bd, un &#8220;Viss labi&#8221; ir n\u0101kamais solis \u0161aj\u0101 rado\u0161aj\u0101 posm\u0101, sadarb\u012bba, kas p\u0101rsteidz ar \u017eanru sakaus\u0113jumu un abpus\u0113ju cie\u0146u pret m\u016bzikas sakn\u0113m.<\/p>\n<p>&#8220;Jo ilg\u0101k str\u0101d\u0101ju pie \u0161\u012bs dziesmas, jo izteikt\u0101k galv\u0101 s\u0101ka skan\u0113t Ozola balss,&#8221; st\u0101sta Detlefs. &#8220;Dziesm\u0101 ielikta saj\u016bta no b\u0113rn\u012bb\u0101 dzird\u0113t\u0101s m\u016bzikas <a href=\"https:\/\/www.apollo.lv\/term\/1602\/mtv\" class=\"topicLink\" target=\"_blank\" rel=\"nofollow noopener\">MTV<\/a> kan\u0101l\u0101, kur\u0161 diem\u017e\u0113l l\u0113n\u0101m atvad\u0101s no mums.&#8221;<\/p>\n<p><a href=\"https:\/\/www.apollo.lv\/term\/557455\/ozols\" class=\"topicLink\" target=\"_blank\" rel=\"nofollow noopener\">Ozols<\/a> uzsver, ka \u0161\u012b sadarb\u012bba v\u0113lreiz apliecina m\u016bzikas sp\u0113ju apvienot da\u017e\u0101dus stilus un ener\u0123ijas: &#8220;Roks, l\u012bdz\u012bgi k\u0101 reps, ir \u013coti da\u017e\u0101ds un at\u0161\u0137ir\u012bgs. \u0160\u012b bija laba pieredze, kas v\u0113lreiz par\u0101da roka un repa mijiedarb\u012bbu. Detlefs ir viens no &#8220;lab\u0101 roka&#8221; redzam\u0101kajiem flagma\u0146iem p\u0113d\u0113jos gados. J\u016btos pagodin\u0101ts iel\u0113kt ejo\u0161aj\u0101 vilcien\u0101.&#8221;<\/p>\n<p>Dziesmas vizu\u0101lo interpret\u0101ciju rad\u012bjis video operators Kaspars Cirsis.<\/p>\n","protected":false},"excerpt":{"rendered":"Dzied\u0101t\u0101js, m\u016bzi\u0137is un dziesmu autors Detlefs (\u012bstaj\u0101 v\u0101rd\u0101 Uldis Dirn\u0113ns) p\u0113d\u0113jos gados p\u0101rliecino\u0161i atgriezies Latvijas m\u016bzikas aprit\u0113, to&hellip;\n","protected":false},"author":2,"featured_media":34336,"comment_status":"","ping_status":"","sticky":false,"template":"","format":"standard","meta":{"footnotes":""},"categories":[19],"tags":[10152,89,90,35,39,38,36,37,34,40,6229,2370],"class_list":{"0":"post-34335","1":"post","2":"type-post","3":"status-publish","4":"format-standard","5":"has-post-thumbnail","7":"category-izklaide","8":"tag-detlefs","9":"tag-entertainment","10":"tag-izklaide","11":"tag-latvia","12":"tag-latvian","13":"tag-latviesu","14":"tag-latviesu-valoda","15":"tag-latviesuvaloda","16":"tag-latvija","17":"tag-lv","18":"tag-mtv","19":"tag-ozols"},"share_on_mastodon":{"url":"https:\/\/pubeurope.com\/@lv\/115457580564529476","error":""},"_links":{"self":[{"href":"https:\/\/www.europesays.com\/lv\/wp-json\/wp\/v2\/posts\/34335","targetHints":{"allow":["GET"]}}],"collection":[{"href":"https:\/\/www.europesays.com\/lv\/wp-json\/wp\/v2\/posts"}],"about":[{"href":"https:\/\/www.europesays.com\/lv\/wp-json\/wp\/v2\/types\/post"}],"author":[{"embeddable":true,"href":"https:\/\/www.europesays.com\/lv\/wp-json\/wp\/v2\/users\/2"}],"replies":[{"embeddable":true,"href":"https:\/\/www.europesays.com\/lv\/wp-json\/wp\/v2\/comments?post=34335"}],"version-history":[{"count":0,"href":"https:\/\/www.europesays.com\/lv\/wp-json\/wp\/v2\/posts\/34335\/revisions"}],"wp:featuredmedia":[{"embeddable":true,"href":"https:\/\/www.europesays.com\/lv\/wp-json\/wp\/v2\/media\/34336"}],"wp:attachment":[{"href":"https:\/\/www.europesays.com\/lv\/wp-json\/wp\/v2\/media?parent=34335"}],"wp:term":[{"taxonomy":"category","embeddable":true,"href":"https:\/\/www.europesays.com\/lv\/wp-json\/wp\/v2\/categories?post=34335"},{"taxonomy":"post_tag","embeddable":true,"href":"https:\/\/www.europesays.com\/lv\/wp-json\/wp\/v2\/tags?post=34335"}],"curies":[{"name":"wp","href":"https:\/\/api.w.org\/{rel}","templated":true}]}}