{"id":34343,"date":"2025-10-29T13:04:08","date_gmt":"2025-10-29T13:04:08","guid":{"rendered":"https:\/\/www.europesays.com\/lv\/34343\/"},"modified":"2025-10-29T13:04:08","modified_gmt":"2025-10-29T13:04:08","slug":"polijas-partver-krievijas-izlukosanas-lidmasinu-virs-baltijas-juras","status":"publish","type":"post","link":"https:\/\/www.europesays.com\/lv\/34343\/","title":{"rendered":"Polijas p\u0101rtver Krievijas izl\u016bko\u0161anas lidma\u0161\u012bnu virs Baltijas j\u016bras"},"content":{"rendered":"<p class=\"descr\">Krievijas \u201cIl-20\u201d lidoja ar izsl\u0113gtu transponderu un bez lidojuma pl\u0101na, t\u0101p\u0113c Polijas \u201cMiG-29\u201d to \u0101tri p\u0101rtv\u0113ra un pavad\u012bja virs Baltijas j\u016bras.<\/p>\n<p>28. oktobr\u012b divi Polijas izn\u012bcin\u0101t\u0101ji \u201cMiG-29\u201d pac\u0113l\u0101s gais\u0101, lai p\u0101rtvertu Krievijas Il-20 lidma\u0161\u012bnu, kas veica izl\u016bko\u0161anas misiju virs Baltijas j\u016bras. Par incidentu zi\u0146oja Polijas Bru\u0146oto sp\u0113ku Operat\u012bv\u0101 pav\u0113lniec\u012bba.<\/p>\n<p>Saska\u0146\u0101 ar <a href=\"https:\/\/nra.lv\/birka\/polija\/\" rel=\"nofollow noopener\" target=\"_blank\">Polijas<\/a> armijas sniegto inform\u0101ciju, Krievijas lidma\u0161\u012bna atrad\u0101s starptautiskaj\u0101 gaisa telp\u0101, bet darboj\u0101s nelikum\u012bgi &#8211; bez iesniegta lidojuma pl\u0101na un ar izsl\u0113gtu transponderu, kas apgr\u016btin\u0101ja t\u0101s izseko\u0161anu civilajiem radariem.<\/p>\n<p>Polijas izn\u012bcin\u0101t\u0101ji p\u0101rtv\u0113ra, vizu\u0101li identific\u0113ja Krievijas lidma\u0161\u012bnu un sekoja tai, l\u012bdz t\u0101 atst\u0101ja kontroles zonu. Tika uzsv\u0113rts, ka Krievijas lidma\u0161\u012bna nep\u0101rk\u0101pa Polijas gaisa telpu.<\/p>\n<p>&#8220;Pateicoties augstajai kaujas gatav\u012bbai, pilotu profesionalit\u0101tei un pretgaisa aizsardz\u012bbas sist\u0113mas efekt\u012bvajai darb\u012bbai, oper\u0101cijas tika veiktas \u0101tri, efekt\u012bvi un dro\u0161i,&#8221; pazi\u0146ojum\u0101 nor\u0101d\u012bja Polijas pav\u0113lniec\u012bba.<\/p>\n<p>\t\t\t\t\t\tinfo<\/p>\n<p>Uzzini pirmais<br \/>kas interesants noticis Latvij\u0101 un pasaul\u0113,<br \/>pievienojoties mums <a href=\"https:\/\/t.me\/neatkariga\" rel=\"nofollow\">Telegram<\/a> vai <a href=\"https:\/\/whatsapp.com\/channel\/0029VaMLFUH5K3zLU5s4wm3y\" rel=\"nofollow noopener\" target=\"_blank\">Whatsapp<\/a> kan\u0101l\u0101<\/p>\n","protected":false},"excerpt":{"rendered":"Krievijas \u201cIl-20\u201d lidoja ar izsl\u0113gtu transponderu un bez lidojuma pl\u0101na, t\u0101p\u0113c Polijas \u201cMiG-29\u201d to \u0101tri p\u0101rtv\u0113ra un pavad\u012bja&hellip;\n","protected":false},"author":2,"featured_media":34344,"comment_status":"","ping_status":"","sticky":false,"template":"","format":"standard","meta":{"footnotes":""},"categories":[5],"tags":[23,28,29,32,33,22,30,31,35,39,38,36,37,34,40,20,26,27,24,25,21],"class_list":{"0":"post-34343","1":"post","2":"type-post","3":"status-publish","4":"format-standard","5":"has-post-thumbnail","7":"category-aktualitates","8":"tag-aktualitates","9":"tag-breaking-news","10":"tag-breakingnews","11":"tag-featured-news","12":"tag-featurednews","13":"tag-headlines","14":"tag-latest-news","15":"tag-latestnews","16":"tag-latvia","17":"tag-latvian","18":"tag-latviesu","19":"tag-latviesu-valoda","20":"tag-latviesuvaloda","21":"tag-latvija","22":"tag-lv","23":"tag-news","24":"tag-popularakas-zinas","25":"tag-popularakaszinas","26":"tag-top-stories","27":"tag-topstories","28":"tag-zinas"},"share_on_mastodon":{"url":"https:\/\/pubeurope.com\/@lv\/115457600195472862","error":""},"_links":{"self":[{"href":"https:\/\/www.europesays.com\/lv\/wp-json\/wp\/v2\/posts\/34343","targetHints":{"allow":["GET"]}}],"collection":[{"href":"https:\/\/www.europesays.com\/lv\/wp-json\/wp\/v2\/posts"}],"about":[{"href":"https:\/\/www.europesays.com\/lv\/wp-json\/wp\/v2\/types\/post"}],"author":[{"embeddable":true,"href":"https:\/\/www.europesays.com\/lv\/wp-json\/wp\/v2\/users\/2"}],"replies":[{"embeddable":true,"href":"https:\/\/www.europesays.com\/lv\/wp-json\/wp\/v2\/comments?post=34343"}],"version-history":[{"count":0,"href":"https:\/\/www.europesays.com\/lv\/wp-json\/wp\/v2\/posts\/34343\/revisions"}],"wp:featuredmedia":[{"embeddable":true,"href":"https:\/\/www.europesays.com\/lv\/wp-json\/wp\/v2\/media\/34344"}],"wp:attachment":[{"href":"https:\/\/www.europesays.com\/lv\/wp-json\/wp\/v2\/media?parent=34343"}],"wp:term":[{"taxonomy":"category","embeddable":true,"href":"https:\/\/www.europesays.com\/lv\/wp-json\/wp\/v2\/categories?post=34343"},{"taxonomy":"post_tag","embeddable":true,"href":"https:\/\/www.europesays.com\/lv\/wp-json\/wp\/v2\/tags?post=34343"}],"curies":[{"name":"wp","href":"https:\/\/api.w.org\/{rel}","templated":true}]}}