{"id":34345,"date":"2025-10-29T13:05:39","date_gmt":"2025-10-29T13:05:39","guid":{"rendered":"https:\/\/www.europesays.com\/lv\/34345\/"},"modified":"2025-10-29T13:05:39","modified_gmt":"2025-10-29T13:05:39","slug":"busulis-atklati-pastasta-ka-maestro-paulam-klajas-pec-slimosanas-santa","status":"publish","type":"post","link":"https:\/\/www.europesays.com\/lv\/34345\/","title":{"rendered":"Busulis atkl\u0101ti past\u0101sta, k\u0101 Maestro Paulam kl\u0101jas p\u0113c slimo\u0161anas \u2014 Santa"},"content":{"rendered":"<p>Iepriek\u0161 m\u016bzikas nama Daile vad\u012bt\u0101ja Anda Zadovska atzina, ka Pauls ir apslimis, t\u0101p\u0113c, lai saudz\u0113tu vesel\u012bbu, izlemts koncertus p\u0101rcelt. \u00abMaestro \u0161\u012b pauze nebija nemaz tik liela. Uz novembri p\u0101rc\u0113l\u0101m divus koncertus. Protams, v\u0113lam Maestro stipru vesel\u012bbu! Pauls jau pats m\u0113dz teikt, ka vislab\u0101k j\u016btas uz skatuves pie klavier\u0113m. Z\u0101le bija pilna l\u012bdz p\u0113d\u0113jai vietai, un bija st\u0101vov\u0101cijas. <a data-id=\"123174\" href=\"https:\/\/www.santa.lv\/tema\/123174\/koncerts?utm_source=internal&amp;utm_medium=article&amp;utm_campaign=theme_link\" target=\"_blank\" rel=\"nofollow noopener\">Koncerts<\/a> bija br\u012bni\u0161\u0137\u012bgs. Ja Maestro ir pie klavier\u0113m, tas jau ir t\u0101ds ekskluz\u012bvs pas\u0101kums,\u00bb tagad saka Zadovska.<\/p>\n<p>Viens no koncerta dal\u012bbniekiem Intars Busulis PDz teic, ka Maestro ir lab\u0101 form\u0101. \u00abMums g\u0101ja lieliski. Koncerts bija \u013coti labs bez mis\u0113k\u013ciem, viss notika glu\u017ei k\u0101 p\u0113c \u0160eksp\u012bra gr\u0101matas,\u00bb teic Intars. M\u016bzi\u0137is Paulam velta tikai pa\u0161us lab\u0101kos v\u0101rdus.<\/p>\n<blockquote><p>&#13;<\/p>\n<p>\u00abApbr\u012bnoju, ka Maestro t\u016bl\u012bt b\u016bs 90 gadi, bet vi\u0146\u0161 joproj\u0101m uzst\u0101jas, es ar\u012b t\u0101dos gados grib\u0113tu b\u016bt uz skatuves.<\/p>\n<p>&#13;\n<\/p><\/blockquote>\n<p>T\u0101 ir liela Dieva d\u0101vana turpin\u0101t muzic\u0113t tik cien\u012bjam\u0101 vecum\u0101. \u0145emot v\u0113r\u0101, cik daudz esam kop\u0101 sp\u0113l\u0113ju\u0161i, joproj\u0101m j\u016btu dzi\u013cu cie\u0146u pret Paulu un vi\u0146a paveiktajiem darbiem. Nevaru pat izsekot visam labajam, ko vi\u0146\u0161 paveicis. Visu cie\u0146u,\u00bb saka Busulis.<\/p>\n<p>Pla\u0161\u0101k lasiet \u017eurn\u0101la\u00a0Priv\u0101t\u0101 Dz\u012bve jaun\u0101kaj\u0101 numur\u0101!<\/p>\n<p>&#13;<\/p>\n<ul>&#13;<\/p>\n<li>R\u0113zija nosl\u0113gusi \u012bpa\u0161u vieno\u0161anos ar v\u012bru \u00a0 \u00a0\u00a0<\/li>\n<p>&#13;<\/p>\n<li>Pauls atgrie\u017eas uz skatuves\u00a0<\/li>\n<p>&#13;<\/p>\n<li>Dzelz\u012btis atmetis dzer\u0161anu<\/li>\n<p>&#13;<\/p>\n<li>Porzi\u0146\u0123a bijus\u012b m\u012b\u013cot\u0101 raksta gr\u0101matu<\/li>\n<p>&#13;<\/p>\n<li>Mistika ap Ilm\u0101ra Dze\u0146a n\u0101vi<\/li>\n<p>&#13;<\/p>\n<li>Deput\u0101ts Kulbergs atkal uz kru\u0137iem<\/li>\n<p>&#13;\n<\/ul>\n<p>Ieg\u0101d\u0101ties izdevumu<\/p>\n<p>\t&#13;<br \/>\n\t&#13;<br \/>\n\t\t<a href=\"https:\/\/www.manizurnali.lv\/izdevumi\/privata-dzive?utm_source=santa.lv&amp;utm_medium=admin&amp;utm_campaign=santa.lv-raksta-bloks\" target=\"_blank\" aria-label=\"Ieg\u0101d\u0101ties izdevumu\" rel=\"nofollow noopener\">\t\t<img decoding=\"async\" class=\"no-convert\" data-init=\"lazy-image\" src=\"https:\/\/www.europesays.com\/lv\/wp-content\/uploads\/2025\/10\/1761743139_57_176154993268ff1e6c27b60.jpg\" alt=\"Priv\u0101t\u0101 Dz\u012bve nr43\" style=\"margin-top: 15px;\"\/>&#13;<br \/>\n\t\t<\/a>\t&#13;<br \/>\n&#13;<\/p>\n","protected":false},"excerpt":{"rendered":"Iepriek\u0161 m\u016bzikas nama Daile vad\u012bt\u0101ja Anda Zadovska atzina, ka Pauls ir apslimis, t\u0101p\u0113c, lai saudz\u0113tu vesel\u012bbu, izlemts koncertus&hellip;\n","protected":false},"author":2,"featured_media":34346,"comment_status":"","ping_status":"","sticky":false,"template":"","format":"standard","meta":{"footnotes":""},"categories":[19],"tags":[89,90,35,39,38,36,37,34,40],"class_list":{"0":"post-34345","1":"post","2":"type-post","3":"status-publish","4":"format-standard","5":"has-post-thumbnail","7":"category-izklaide","8":"tag-entertainment","9":"tag-izklaide","10":"tag-latvia","11":"tag-latvian","12":"tag-latviesu","13":"tag-latviesu-valoda","14":"tag-latviesuvaloda","15":"tag-latvija","16":"tag-lv"},"share_on_mastodon":{"url":"https:\/\/pubeurope.com\/@lv\/115457604082962917","error":""},"_links":{"self":[{"href":"https:\/\/www.europesays.com\/lv\/wp-json\/wp\/v2\/posts\/34345","targetHints":{"allow":["GET"]}}],"collection":[{"href":"https:\/\/www.europesays.com\/lv\/wp-json\/wp\/v2\/posts"}],"about":[{"href":"https:\/\/www.europesays.com\/lv\/wp-json\/wp\/v2\/types\/post"}],"author":[{"embeddable":true,"href":"https:\/\/www.europesays.com\/lv\/wp-json\/wp\/v2\/users\/2"}],"replies":[{"embeddable":true,"href":"https:\/\/www.europesays.com\/lv\/wp-json\/wp\/v2\/comments?post=34345"}],"version-history":[{"count":0,"href":"https:\/\/www.europesays.com\/lv\/wp-json\/wp\/v2\/posts\/34345\/revisions"}],"wp:featuredmedia":[{"embeddable":true,"href":"https:\/\/www.europesays.com\/lv\/wp-json\/wp\/v2\/media\/34346"}],"wp:attachment":[{"href":"https:\/\/www.europesays.com\/lv\/wp-json\/wp\/v2\/media?parent=34345"}],"wp:term":[{"taxonomy":"category","embeddable":true,"href":"https:\/\/www.europesays.com\/lv\/wp-json\/wp\/v2\/categories?post=34345"},{"taxonomy":"post_tag","embeddable":true,"href":"https:\/\/www.europesays.com\/lv\/wp-json\/wp\/v2\/tags?post=34345"}],"curies":[{"name":"wp","href":"https:\/\/api.w.org\/{rel}","templated":true}]}}