{"id":34349,"date":"2025-10-29T13:09:08","date_gmt":"2025-10-29T13:09:08","guid":{"rendered":"https:\/\/www.europesays.com\/lv\/34349\/"},"modified":"2025-10-29T13:09:08","modified_gmt":"2025-10-29T13:09:08","slug":"ziemelvalstis-bazijas-par-latvijas-izstasanos-no-stambulas-konvencijas-raksts","status":"publish","type":"post","link":"https:\/\/www.europesays.com\/lv\/34349\/","title":{"rendered":"Zieme\u013cvalstis ba\u017e\u012bjas par Latvijas izst\u0101\u0161anos no Stambulas konvencijas \/ Raksts"},"content":{"rendered":"<p>Satraukumu par iesp\u0113jamo Latvijas izst\u0101\u0161anos no Stambulas konvencijas paudu\u0161i Zieme\u013cvalstu parlamentu priek\u0161s\u0113d\u0113t\u0101ji. Vi\u0146u v\u0113stul\u0113 Saeimas priek\u0161s\u0113d\u0113t\u0101jai Daigai Mieri\u0146ai (Za\u013co un Zemnieku savien\u012bba) teikts \u2013 \u0161\u0101ds solis var\u0113tu sagraut kop\u0113jo uztic\u012bbu Eiropas centieniem nov\u0113rst vardarb\u012bbu pret sieviet\u0113m.<\/p>\n<p>V\u0113stul\u0113 vi\u0146i nor\u0101d\u012bja, ka atturas koment\u0113t Latvijas iek\u0161politiskos procesus, ta\u010du pauda uzskatu, ka konvencija ir visaptvero\u0161s tiesiskais ietvars vardarb\u012bbas nov\u0113r\u0161anai\u00a0un atteik\u0161an\u0101s no t\u0101s b\u016btu solis atpaka\u013c. \u00a0<\/p>\n<p>&#8220;Es dom\u0101ju, ka \u0161\u0101di jaut\u0101jumi vienm\u0113r ir diskusiju centr\u0101, it \u012bpa\u0161i tagad. Kad Norv\u0113\u0123ij\u0101 main\u012bj\u0101s politisk\u0101s tendences, tagad ar\u012b m\u0113s redzam jauno krist\u012bgo demokr\u0101tu l\u012bderi, uzs\u0101kot jaunu diskusiju par abortiem. T\u0101p\u0113c es dom\u0101ju, ka \u0161\u012bs ir t\u0113mas, kas vienm\u0113r ir j\u0101apsprie\u017e, vienm\u0113r ir j\u0101izvirza darba k\u0101rt\u012bbas aug\u0161gal\u0101. Jo m\u0113s zin\u0101m, ka ir cilv\u0113ki, kas v\u0113las at\u0146emt sieviet\u0113m ties\u012bbas, un m\u0113s to nevaram at\u013caut.<\/p>\n<blockquote>\n<p>Tas ir sign\u0101ls ar\u012b cit\u0101m valst\u012bm, ka sievie\u0161u ties\u012bbas ir pak\u013cautas spiedienam. Ka m\u0113s visp\u0101r varam apspriest sievie\u0161u ties\u012bbas. Manupr\u0101t, tas nav apsprie\u017eams,&#8221;<\/p>\n<\/blockquote>\n<p>izteic\u0101s\u00a0Norv\u0113\u0123ijas parlamenta deput\u0101ts Trulss Vasviks.<\/p>\n<p>Tie\u0161i Vasviks jaut\u0101jumu par Latvijas iesp\u0113jamo izst\u0101\u0161anos no Stambulas konvencijas uzrun\u0101ja ar\u012b no Zieme\u013cvalstu padomes trib\u012bnes, kur\u0101 pulc\u0113ju\u0161ies re\u0123iona ministri un parlamentu p\u0101rst\u0101vji. Tas tika uzrun\u0101ts debat\u0113s par \u0101rliet\u0101m l\u012bdz\u0101s t\u0101diem jaut\u0101jumiem k\u0101 Izra\u0113las un Palest\u012bnas koflikts, <a href=\"https:\/\/www.lsm.lv\/raksts\/zinas\/arzemes\/28.10.2025-ziemelvalstis-stokholma-runa-par-vel-ciesaku-sadarbibu-drosiba.a620184\/\" class=\"lsm-link\" data-type=\"article\" data-id=\"620184\" rel=\"nofollow noopener\" target=\"_blank\">kar\u0161 Ukrain\u0101 un citiem.<\/a><\/p>\n<p>V\u0113stuli Saeimas priek\u0161s\u0113d\u0113t\u0101jai parakst\u012bjis, piem\u0113ram, Zviedrijas Riksd\u0101ga priek\u0161s\u0113d\u0113t\u0101js Andreass Norl\u0113ns, D\u0101nijas Folketinga priek\u0161s\u0113d\u0113t\u0101js S\u0113rens G\u0101de un Somijas Eduskuntas priek\u0161s\u0113d\u0113t\u0101js Jusi Halla-aho.<\/p>\n<p>KONTEKSTS:<\/p>\n<p>Latvij\u0101 atkal aktualiz\u0113jies jaut\u0101jums par Stambulas konvenciju, jo\u00a0<a data-id=\"615749\" data-type=\"article\" href=\"https:\/\/www.lsm.lv\/raksts\/zinas\/latvija\/25.09.2025-saeimas-komisija-ar-zzs-atbalstu-vertes-opozicijas-ieceri-par-latvijas-izstasanos-no-stambulas-konvencijas.a615749\/\" class=\"lsm-link\" rel=\"nofollow noopener\" target=\"_blank\">Saeim\u0101<\/a>\u00a0p\u0113c opoz\u012bcijas ierosin\u0101juma\u00a0v\u0113rt\u0113 Latvijas izst\u0101\u0161anos no t\u0101s. T\u0101 k\u0101 \u0161\u0101du ierosin\u0101jumu atbalsta ar\u012b koal\u012bcij\u0101 ietilpsto\u0161\u0101 Za\u013co un Zemnieku savien\u012bba (ZZS), ir liela iesp\u0113jam\u012bba, ka to denons\u0113s. Tas izrais\u012bjis ne vien\u00a0<a data-id=\"616755\" data-type=\"article\" href=\"https:\/\/www.lsm.lv\/article-preview\/zinas\/latvija\/02.10.2025-foto-vairaki-simti-cilveku-pie-saeimas-proteste-pret-ieceri-latvijai-izstaties-no-stambulas-konvencijas.a616755\/\" class=\"lsm-link\" rel=\"nofollow noopener\" target=\"_blank\">protestus\u00a0<\/a>sabiedr\u012bb\u0101, bet ar\u012b\u00a0<a data-id=\"616412\" data-type=\"article\" href=\"https:\/\/www.lsm.lv\/article-preview\/zinas\/latvija\/30.09.2025-vienotibas-vaditajs-jurevics-zzs-iesaistijusies-slesera-un-stepanenko-prieksvelesanu-kampana.a616412\/\" class=\"lsm-link\" rel=\"nofollow noopener\" target=\"_blank\">\u0161\u016bpo\u0161anos koal\u012bcij\u0101<\/a>.\u00a0\u00a0<\/p>\n<p>Vienlaikus\u00a0Saeim\u0101 non\u0101kusi opoz\u012bcijas partiju un ZZS sagatavot\u0101\u00a0<a data-id=\"617682\" data-type=\"article\" href=\"https:\/\/www.lsm.lv\/raksts\/zinas\/latvija\/09.10.2025-saeima-vertes-opozicijas-deputatu-un-zzs-izstradato-alternativu-stambulas-konvencijai.a617682\/\" class=\"lsm-link\" rel=\"nofollow noopener\" target=\"_blank\">alternat\u012bva\u00a0Stambulas konvencijai.\u00a0<\/a>Saeimas priek\u0161s\u0113d\u0113t\u0101ja Daiga\u00a0<a data-id=\"617911\" data-type=\"article\" href=\"https:\/\/www.lsm.lv\/raksts\/zinas\/latvija\/10.10.2025-alternativa-stambulas-konvencijai-bez-ideologiskam-interpretacijam-un-tiesiskam-saistibam.a617911\/\" class=\"lsm-link\" rel=\"nofollow noopener\" target=\"_blank\">Mieri\u0146a<\/a>\u00a0(ZZS) nor\u0101d\u012bjusi, ka izstr\u0101d\u0101t\u0101 alternat\u012bva nedod vietu ideolo\u0123isk\u0101m interpret\u0101cij\u0101m. Vienlaikus ties\u012bbsardze Karina Palkova uzsv\u0113rusi\u00a0\u2013\u00a0Saeim\u0101 pied\u0101v\u0101tajai deklar\u0101cijai nav juridiska sp\u0113ka un t\u0101 pati par sevi nerada nek\u0101das tiesiskas saist\u012bbas.\u00a0<\/p>\n<p>Latvija Stambulas konvenciju\u00a0<a data-id=\"533581\" data-type=\"article\" href=\"https:\/\/www.lsm.lv\/raksts\/zinas\/latvija\/30.11.2023-saeima-ratifice-stambulas-konvenciju-pec-teju-5-stundu-debatem.a533581\/\" class=\"lsm-link\" rel=\"nofollow noopener\" target=\"_blank\">ratific\u0113ja<\/a>\u00a02023. gad\u0101 \u2013 septi\u0146arpus gadus p\u0113c t\u0101s parakst\u012b\u0161anas. Tas bija laik\u0101, kad labkl\u0101j\u012bbas ministrs bija ZZS\u00a0politi\u0137is Uldis Augulis. Toreiz vi\u0146\u0161 ZZS atbalstu konvencijas ratific\u0113\u0161anai pamatoja ar m\u0113r\u0137i aizsarg\u0101t sievietes no vardarb\u012bbas. Labkl\u0101j\u012bbas ministrija\u00a0konvencijai toreiz pievienoja skaidrojo\u0161u pielikumu, kur\u0101 uzsv\u0113ra, ka konvencij\u0101 iek\u013cautais un pretrun\u012bg\u0101s diskusij\u0101s izmantotais termins &#8220;soci\u0101lais dzimums&#8221; nav saist\u012bts ar pien\u0101kumu ieviest k\u0101du citu izpratni par dzimumu Latvijas ties\u012bbu un izgl\u012bt\u012bbas sist\u0113m\u0101. ZZS\u00a0nesen izplat\u012bja pazi\u0146ojumu, ka Kult\u016bras ministrija un Izgl\u012bt\u012bbas un zin\u0101tnes ministrija p\u0101rk\u0101pu\u0161as deklar\u0101ciju, jo<a data-id=\"616332\" data-type=\"article\" href=\"https:\/\/www.lsm.lv\/article-preview\/zinas\/latvija\/30.09.2025-labklajibas-ministrs-parliecinats-par-latvijas-izstasanos-no-stambulas-konvencijas.a616332\/\" class=\"lsm-link\" rel=\"nofollow noopener\" target=\"_blank\">\u00a0izmantoju\u0161as to citiem m\u0113r\u0137iem<\/a>\u00a0\u2013 populariz\u0113ju\u0161as citu izpratni par dzimumu, stiprinot dzimtes ideolo\u0123iju\u00a0Latvij\u0101.\u00a0<a data-id=\"617380\" data-type=\"article\" href=\"https:\/\/www.lsm.lv\/raksts\/zinas\/latvija\/07.10.2025-melbarde-izglitibas-un-zinatnes-ministrija-nepopularize-dzimtes-ideologiju.a617380\/\" class=\"lsm-link\" rel=\"nofollow noopener\" target=\"_blank\">Abas ministres\u00a0<\/a>pret to iebildu\u0161as.<\/p>\n<p>Stambulas konvencijas m\u0113r\u0137is ir aizsarg\u0101t sievietes no jebk\u0101das vardarb\u012bbas un nov\u0113rst vardarb\u012bbu pret sieviet\u0113m un vardarb\u012bbu \u0123imen\u0113, sod\u012bt par to, k\u0101 ar\u012b sekm\u0113t jebk\u0101das vardarb\u012bbas pret sieviet\u0113m izskau\u0161anu un veicin\u0101t sievie\u0161u un v\u012brie\u0161u faktisku l\u012bdzties\u012bbu.\u00a0<a data-id=\"617358\" data-type=\"article\" href=\"https:\/\/www.lsm.lv\/raksts\/zinas\/latvija\/07.10.2025-pedejos-gados-latvija-butiski-stiprinajusi-vardarbibas-mazinasanu-uzulnieks-aicina-gaidit-saeimas-lemumu-par-konvenciju.a617358\/\" class=\"lsm-link\" rel=\"nofollow noopener\" target=\"_blank\">Labkl\u0101j\u012bbas ministrija\u00a0<\/a>iepriek\u0161 v\u0113st\u012bja, ka p\u0113d\u0113jos gados Latvija b\u016btiski stiprin\u0101jusi vardarb\u012bbas mazin\u0101\u0161anu.<\/p>\n<p>                    Valodas k\u013c\u016bda rakst\u0101?<\/p>\n<p class=\"d-none d-md-block\">Iez\u012bm\u0113jiet tekstu un spiediet Ctrl+Enter, lai nos\u016bt\u012btu labojamo teksta fragmentu redaktoram! Par faktu k\u013c\u016bd\u0101m l\u016bdzam zi\u0146ot e-past\u0101 <a href=\"https:\/\/www.lsm.lv\/cdn-cgi\/l\/email-protection\" class=\"__cf_email__\" data-cfemail=\"01736465606a62686b60416d726c2f6d77\" rel=\"nofollow noopener\" target=\"_blank\">[email\u00a0protected]<\/a>.<\/p>\n<p class=\"d-md-none\">Iez\u012bm\u0113jiet tekstu un spiediet uz Zi\u0146ot par k\u013c\u016bdu pogas, lai nos\u016bt\u012btu labojamo teksta fragmentu redaktoram!<\/p>\n<p>\n                    Zi\u0146ot par k\u013c\u016bdu\n                <\/p>\n","protected":false},"excerpt":{"rendered":"Satraukumu par iesp\u0113jamo Latvijas izst\u0101\u0161anos no Stambulas konvencijas paudu\u0161i Zieme\u013cvalstu parlamentu priek\u0161s\u0113d\u0113t\u0101ji. Vi\u0146u v\u0113stul\u0113 Saeimas priek\u0161s\u0113d\u0113t\u0101jai Daigai Mieri\u0146ai&hellip;\n","protected":false},"author":2,"featured_media":34350,"comment_status":"","ping_status":"","sticky":false,"template":"","format":"standard","meta":{"footnotes":""},"categories":[12],"tags":[23,28,29,32,33,22,30,31,35,39,38,36,37,34,40,20,26,27,24,25,21],"class_list":{"0":"post-34349","1":"post","2":"type-post","3":"status-publish","4":"format-standard","5":"has-post-thumbnail","7":"category-latvija","8":"tag-aktualitates","9":"tag-breaking-news","10":"tag-breakingnews","11":"tag-featured-news","12":"tag-featurednews","13":"tag-headlines","14":"tag-latest-news","15":"tag-latestnews","16":"tag-latvia","17":"tag-latvian","18":"tag-latviesu","19":"tag-latviesu-valoda","20":"tag-latviesuvaloda","21":"tag-latvija","22":"tag-lv","23":"tag-news","24":"tag-popularakas-zinas","25":"tag-popularakaszinas","26":"tag-top-stories","27":"tag-topstories","28":"tag-zinas"},"share_on_mastodon":{"url":"https:\/\/pubeurope.com\/@lv\/115457619715585327","error":""},"_links":{"self":[{"href":"https:\/\/www.europesays.com\/lv\/wp-json\/wp\/v2\/posts\/34349","targetHints":{"allow":["GET"]}}],"collection":[{"href":"https:\/\/www.europesays.com\/lv\/wp-json\/wp\/v2\/posts"}],"about":[{"href":"https:\/\/www.europesays.com\/lv\/wp-json\/wp\/v2\/types\/post"}],"author":[{"embeddable":true,"href":"https:\/\/www.europesays.com\/lv\/wp-json\/wp\/v2\/users\/2"}],"replies":[{"embeddable":true,"href":"https:\/\/www.europesays.com\/lv\/wp-json\/wp\/v2\/comments?post=34349"}],"version-history":[{"count":0,"href":"https:\/\/www.europesays.com\/lv\/wp-json\/wp\/v2\/posts\/34349\/revisions"}],"wp:featuredmedia":[{"embeddable":true,"href":"https:\/\/www.europesays.com\/lv\/wp-json\/wp\/v2\/media\/34350"}],"wp:attachment":[{"href":"https:\/\/www.europesays.com\/lv\/wp-json\/wp\/v2\/media?parent=34349"}],"wp:term":[{"taxonomy":"category","embeddable":true,"href":"https:\/\/www.europesays.com\/lv\/wp-json\/wp\/v2\/categories?post=34349"},{"taxonomy":"post_tag","embeddable":true,"href":"https:\/\/www.europesays.com\/lv\/wp-json\/wp\/v2\/tags?post=34349"}],"curies":[{"name":"wp","href":"https:\/\/api.w.org\/{rel}","templated":true}]}}