{"id":34351,"date":"2025-10-29T13:10:07","date_gmt":"2025-10-29T13:10:07","guid":{"rendered":"https:\/\/www.europesays.com\/lv\/34351\/"},"modified":"2025-10-29T13:10:07","modified_gmt":"2025-10-29T13:10:07","slug":"vk-bez-izdienas-pensiju-reformas-ap-2050-gadu-tas-izmaksasana-sasniegtu-miljardu-eiro-gada-dienas-bizness","status":"publish","type":"post","link":"https:\/\/www.europesays.com\/lv\/34351\/","title":{"rendered":"VK: Bez izdienas pensiju reformas ap 2050. gadu t\u0101s izmaks\u0101\u0161ana sasniegtu miljardu eiro gad\u0101 :: Dienas Bizness"},"content":{"rendered":"<p class=\"text-font font-size--text-xlarge margin-3--bottom font-weight--bold padding-1--top\">Bez izdienas pensijas reformas ap 2050. gadu izdienas pensiju izmaks\u0101jamais apm\u0113rs sasniegs vienu miljardu eiro, bet 2060. gad\u0101 &#8211; gandr\u012bz 1,7 miljardus eiro, Saeimas Soci\u0101lo un darba lietu komisijas s\u0113d\u0113 inform\u0113ja Valsts kancelejas (VK) p\u0101rst\u0101vis.<\/p>\n<p class=\"text-font font-size--text-xlarge margin-3--bottom\">Deput\u0101ti Saeimas Soci\u0101lo un darba lietu komisijas s\u0113d\u0113 \u0161odien turpin\u0101ja spriest par izdienas pensiju reformas nepiecie\u0161am\u012bbu.<\/p>\n<p class=\"text-font font-size--text-xlarge margin-3--bottom\">Valsts kancelej\u0101 inform\u0113ja, ka pa\u0161laik augst\u0101k\u0101s izdienas pensijas ir tiesne\u0161iem, vid\u0113ji 3181 eiro, bet zem\u0101k\u0101 izdienas pensija ir m\u0101kslinieku vid\u016b &#8211; 815 eiro.<\/p>\n<p class=\"text-font font-size--text-xlarge margin-3--bottom\">Personu skaits, kur\u0101m jau ir ties\u012bbas uz izdienas pensiju, bet kas turpina dienesta gaitas, ir 2395 personas, kas veido vid\u0113ji 10,1% no kop\u0113j\u0101 izdienas profesij\u0101s nodarbin\u0101to skaita, nor\u0101da kancelej\u0101, uzsverot, ka visvair\u0101k iesp\u0113ju doties izdienas pensij\u0101 p\u0113d\u0113jo piecu gadu laik\u0101 izmantoju\u0161i Iek\u0161lietu ministrijas (IeM) pak\u013caut\u012bb\u0101 eso\u0161o dienestu darbinieki.<\/p>\n<p class=\"text-font font-size--text-xlarge margin-3--bottom\">2024. gad\u0101 izdienas pensijas valstij izmaks\u0101ju\u0161as 141 miljonu eiro.<\/p>\n<p class=\"text-font font-size--text-xlarge margin-3--bottom\">T\u0101pat kancelej\u0101 uzsver, ka izdienas pensiju sa\u0146\u0113m\u0113ju skaits p\u0113d\u0113jos gados ir strauji pieaudzis, piem\u0113ram, 2011. gad\u0101 bija 7198 sa\u0146\u0113m\u0113ji, bet 2024. gad\u0101 jau 12 176.<\/p>\n<p class=\"text-font font-size--text-xlarge margin-3--bottom\">T\u0101pat dati liecina, ka 46,4% no izdienas pensiju sa\u0146\u0113m\u0113jiem ir zudu\u0161i darba tirgum vai iesaist\u0101s taj\u0101 minim\u0101l\u0101 apm\u0113r\u0101, bet 42,1% no izdienas pensiju sa\u0146\u0113m\u0113jiem nav biju\u0161i nodarbin\u0101ti vai to atl\u012bdz\u012bba nesasniedz minim\u0101lo darba samaksu.<\/p>\n<p class=\"text-font font-size--text-xlarge margin-3--bottom\">VK uzsver, ka pl\u0101not\u0101s izmai\u0146as neattiecas uz izdienas profesij\u0101s nodarbin\u0101tajiem, kuri attiec\u012bgo likuma groz\u012bjumu sp\u0113k\u0101 st\u0101\u0161an\u0101s br\u012bd\u012b jau sa\u0146em vai b\u016bs ieguvu\u0161i ties\u012bbas uz izdienas pensiju atbilsto\u0161i pa\u0161laik sp\u0113k\u0101 eso\u0161iem ties\u012bbu aktiem.<\/p>\n<p class=\"text-font font-size--text-xlarge margin-3--bottom\">Paredz\u0113ts izsl\u0113gt no izdienas pensiju profesiju loka diplom\u0101tus, paredzot piemaksu par dienesta laiku augsta riska valst\u012bs, k\u0101 ar\u012b prokurorus un tiesne\u0161us, paredzot speci\u0101lo pensiju.<\/p>\n<p class=\"text-font font-size--text-xlarge margin-3--bottom\">No izdienas pensiju loka tiks izsl\u0113gtas profesijas, kur\u0101s personas darba pien\u0101kumu izpilde nav saist\u012bta ar regul\u0101ru vesel\u012bbas un dz\u012bv\u012bbas apdraud\u0113jumu, tai skait\u0101 atbalsta funkciju veic\u0113jus.<\/p>\n<p class=\"text-font font-size--text-xlarge margin-3--bottom\">Saeimas deput\u0101ts Andris B\u0113rzi\u0146\u0161 (ZZS) nor\u0101d\u012bja, ka gandr\u012bz katrai profesijai var atrast iemeslu, k\u0101p\u0113c tai b\u016btu nepiecie\u0161ama izdienas pensija. Vi\u0146\u0161 uzsver, ka izdienas pensijas reforma jau tiek apspriesta gadiem, bet ir skaidrs, ka naudu ir gr\u016bti s\u0101kotn\u0113ji iedot, bet v\u0113l gr\u016bt\u0101k k\u0101dam at\u0146emt.<\/p>\n<p class=\"text-font font-size--text-xlarge margin-3--bottom\">Kult\u016bras ministrijas p\u0101rst\u0101vji uzsv\u0113ra, ka kopum\u0101 piekr\u012bt reformai, bet uzsv\u0113ra, ka kult\u016bras darbinieku izdienas pensija ir zem\u0101k\u0101 no vis\u0101m un m\u0101ksliniekam ir \u013coti ierobe\u017eotas iesp\u0113jas atrast darbu p\u0113c noteikta nostr\u0101d\u0101t\u0101 posma.<\/p>\n<p class=\"text-font font-size--text-xlarge margin-3--bottom\">Ar\u012b IeM atbalst\u012bja pl\u0101notos groz\u012bjumus, bet uzsv\u0113ra, ka ministrija sagaida, ka izmai\u0146as rad\u012bs nelielu ietekmi uz jauno darbinieku piesaisti, bet cer, ka ietekme neb\u016bs liela.<\/p>\n<p class=\"text-font font-size--text-xlarge margin-3--bottom\">Atsevi\u0161\u0137as arodbiedr\u012bbas aicin\u0101ja deput\u0101tus skat\u012bt izmai\u0146as ierastaj\u0101 k\u0101rt\u012bb\u0101, proti, trijos las\u012bjumos, lai neb\u016btu steigas. Da\u017ei deput\u0101ti gan iebilda pret t\u0101du ideju, uzsverot, ka izmai\u0146as Saeim\u0101 j\u0101skata divos las\u012bjumos, jo cit\u0101di jaut\u0101jums var b\u016bt &#8220;norakts&#8221; uz vair\u0101kiem m\u0113ne\u0161iem vai pat gadiem, jo jau tagad ir s\u0101kusies priek\u0161v\u0113l\u0113\u0161anu kampa\u0146a.<\/p>\n<p class=\"text-font font-size--text-xlarge margin-3--bottom\">Saeimas deput\u0101te Ingr\u012bda Circene (JV) piekrita, ka jaut\u0101jums ir sare\u017e\u0123\u012bts un taj\u0101 iesaist\u012btas vair\u0101kas puses, bet nor\u0101d\u012bja, ka jaut\u0101jums tiek apspriests vismaz kop\u0161 2013. gada.<\/p>\n<p class=\"text-font font-size--text-xlarge margin-3--bottom\">Vi\u0146a atg\u0101din\u0101ja, ka Igaunija kop\u0161 2020. gada piln\u012bgi atteic\u0101s no izdienas pensij\u0101m, bet ietaup\u012btos l\u012bdzek\u013cus, vi\u0146aspr\u0101t, var\u0113tu pielikt darbinieku alg\u0101m.<\/p>\n<p class=\"text-font font-size--text-xlarge margin-3--bottom\">&#8220;M\u0113s saprotam, ka baletdejot\u0101js nevar dejot l\u012bdz 65 gadiem, bet ir daudzas profesijas, kur\u0101s cilv\u0113ks apdraud savu dz\u012bv\u012bbu un vi\u0146\u0161 nesa\u0146em izdienas pensiju,&#8221; nor\u0101d\u012bja deput\u0101te, papildinot, ka vi\u0146ai \u012bsti nav skaidri krit\u0113riji, p\u0113c kuriem izdienas pensija tiek pie\u0161\u0137irta, nor\u0101dot uz diplom\u0101tiem, kuru dz\u012bv\u012bba, vi\u0146aspr\u0101t, nav apdraud\u0113ta.<\/p>\n<p class=\"text-font font-size--text-xlarge margin-3--bottom\">VK apstiprin\u0101ja, ka Igaunij\u0101 izdienas pensijas kop\u0161 2020. gada ir atceltas, bet nor\u0101d\u012bja, ka Igaunij\u0101 IeM darbiniekiem noticis iev\u0113rojams algas pielikums, bet kult\u016bras darbiniekiem tika noteikta atsevi\u0161\u0137a minim\u0101l\u0101 alga.<\/p>\n<p class=\"text-font font-size--text-xlarge margin-3--bottom\">Jau v\u0113st\u012bts, ka 2026. gada valsts bud\u017eeta pavado\u0161o likumprojektu paket\u0113 iek\u013cauti teju 50 likumprojekti, tostarp izmai\u0146as atsevi\u0161\u0137os nodok\u013cos un izdienas pensiju sist\u0113mas reformas.<\/p>\n<p class=\"text-font font-size--text-xlarge margin-3--bottom\">Valsts kanceleja pied\u0101v\u0101ja, s\u0101kot ar 2027. gadu, no izdienas pensiju sa\u0146\u0113m\u0113ju loka izsl\u0113gt visas profesijas, kuras nav saist\u012btas ar regul\u0101ru vesel\u012bbas un dz\u012bv\u012bbas apdraud\u0113jumu, vienlaikus neskarot \u0161obr\u012bd izdienas profesij\u0101s nodarbin\u0101tos, kuriem gan b\u016bs j\u0101r\u0113\u0137in\u0101s ar augst\u0101k\u0101m pras\u012bb\u0101m darba st\u0101\u017eam un potenci\u0101li ar\u012b kori\u0123\u0113tu izdienas pensijas apjomu.<\/p>\n<p class=\"text-font font-size--text-xlarge margin-3--bottom\">Valsts kanceleja pied\u0101v\u0101ja no izdienas pensiju profesiju loka izsl\u0113gt prokurorus, tiesne\u0161us (paredzot speci\u0101lo pensiju), diplom\u0101tus, baleta m\u0101ksliniekus, le\u013c\u013cu te\u0101tra aktierus, cirka m\u0101ksliniekus, kora m\u0101ksliniekus, or\u0137estra m\u0101ksliniekus, solistus vok\u0101listus, te\u0101tra aktierus (paredzot atbalstu p\u0101rkvalifik\u0101cijai cit\u0101 profesij\u0101), k\u0101 ar\u012b visus amatus un profesijas, kur\u0101s personas darba (dienesta) pien\u0101kumu izpilde nav saist\u012bta ar regul\u0101ru vesel\u012bbas un dz\u012bv\u012bbas apdraud\u0113jumu, tai skait\u0101 atbalsta funkciju veic\u0113jus. Tas b\u016btu saisto\u0161i tikai t\u0101m person\u0101m, kuras konkr\u0113taj\u0101 profesij\u0101 s\u0101ks str\u0101d\u0101t p\u0113c 2026. gada beig\u0101m.<\/p>\n<p class=\"text-font font-size--text-xlarge margin-3--bottom\">P\u0113c tam reformas konkr\u0113tos likumu groz\u012bjumos izstr\u0101d\u0101ja jau ministrijas, virkni priek\u0161likumu padarot m\u012bkst\u0101kus, bet kopum\u0101 ieturot l\u012bniju, ka izdienas pensiju sa\u0146em\u0161anai tiks celts gan pension\u0113\u0161an\u0101s vecums, gan ar\u012b nepiecie\u0161amais darba st\u0101\u017es.<\/p>\n","protected":false},"excerpt":{"rendered":"Bez izdienas pensijas reformas ap 2050. gadu izdienas pensiju izmaks\u0101jamais apm\u0113rs sasniegs vienu miljardu eiro, bet 2060. gad\u0101&hellip;\n","protected":false},"author":2,"featured_media":34352,"comment_status":"","ping_status":"","sticky":false,"template":"","format":"standard","meta":{"footnotes":""},"categories":[5],"tags":[23,869,77,870,28,29,867,32,33,22,30,31,35,39,38,36,37,34,871,868,40,20,26,27,24,25,21],"class_list":{"0":"post-34351","1":"post","2":"type-post","3":"status-publish","4":"format-standard","5":"has-post-thumbnail","7":"category-aktualitates","8":"tag-aktualitates","9":"tag-biznesa-zinas","10":"tag-bizness","11":"tag-bizness-latvija","12":"tag-breaking-news","13":"tag-breakingnews","14":"tag-dienas-zinas","15":"tag-featured-news","16":"tag-featurednews","17":"tag-headlines","18":"tag-latest-news","19":"tag-latestnews","20":"tag-latvia","21":"tag-latvian","22":"tag-latviesu","23":"tag-latviesu-valoda","24":"tag-latviesuvaloda","25":"tag-latvija","26":"tag-latvijas-biznesa-zinas","27":"tag-latvijas-zinas","28":"tag-lv","29":"tag-news","30":"tag-popularakas-zinas","31":"tag-popularakaszinas","32":"tag-top-stories","33":"tag-topstories","34":"tag-zinas"},"share_on_mastodon":{"url":"https:\/\/pubeurope.com\/@lv\/115457623508275364","error":""},"_links":{"self":[{"href":"https:\/\/www.europesays.com\/lv\/wp-json\/wp\/v2\/posts\/34351","targetHints":{"allow":["GET"]}}],"collection":[{"href":"https:\/\/www.europesays.com\/lv\/wp-json\/wp\/v2\/posts"}],"about":[{"href":"https:\/\/www.europesays.com\/lv\/wp-json\/wp\/v2\/types\/post"}],"author":[{"embeddable":true,"href":"https:\/\/www.europesays.com\/lv\/wp-json\/wp\/v2\/users\/2"}],"replies":[{"embeddable":true,"href":"https:\/\/www.europesays.com\/lv\/wp-json\/wp\/v2\/comments?post=34351"}],"version-history":[{"count":0,"href":"https:\/\/www.europesays.com\/lv\/wp-json\/wp\/v2\/posts\/34351\/revisions"}],"wp:featuredmedia":[{"embeddable":true,"href":"https:\/\/www.europesays.com\/lv\/wp-json\/wp\/v2\/media\/34352"}],"wp:attachment":[{"href":"https:\/\/www.europesays.com\/lv\/wp-json\/wp\/v2\/media?parent=34351"}],"wp:term":[{"taxonomy":"category","embeddable":true,"href":"https:\/\/www.europesays.com\/lv\/wp-json\/wp\/v2\/categories?post=34351"},{"taxonomy":"post_tag","embeddable":true,"href":"https:\/\/www.europesays.com\/lv\/wp-json\/wp\/v2\/tags?post=34351"}],"curies":[{"name":"wp","href":"https:\/\/api.w.org\/{rel}","templated":true}]}}