{"id":34357,"date":"2025-10-29T13:16:20","date_gmt":"2025-10-29T13:16:20","guid":{"rendered":"https:\/\/www.europesays.com\/lv\/34357\/"},"modified":"2025-10-29T13:16:20","modified_gmt":"2025-10-29T13:16:20","slug":"kapec-ar-alinu-lastovsku-intervija-ar-jrt-maksliniecisko-vaditaju-alvi-hermani-video-tiesraide-delfi","status":"publish","type":"post","link":"https:\/\/www.europesays.com\/lv\/34357\/","title":{"rendered":"&quot;K\u0101p\u0113c&quot; ar Alinu Lastovsku \u2013 intervija ar JRT m\u0101ksliniecisko vad\u012bt\u0101ju Alvi Hermani. Video tie\u0161raide &#8211; Delfi"},"content":{"rendered":"<ol>\n<li><a href=\"https:\/\/news.google.com\/rss\/articles\/CBMi3wFBVV95cUxOOXc1Y2RGa0RYeWtPMFZXVWFIdFVzWWNBeWNCSzU3cmxPcjM0YnNFMWxKNXZCbUt2RXRTWDhOeThQOGtKcFpxQUJfSHd2THU2M1E1c3lTUUFpM2k5VVRqUVRSWFFKb2Q4clhFaEQxc2ZjSzQ2N2lOTmtaN0pZcDdHYmktUXhxbzlCb3NfSlFGQkhTTU9sSDNoYzJCb3VOVjhXc0VEbm0wZlFHRzFRVExfczBScVRNQlJlenJmR2lNYU1ReEtVdUFfcTBxSDY4RktjQkFNQ3lHSVpnMS1MOWhJ?oc=5\" target=\"_blank\" rel=\"nofollow noopener\">&#8220;K\u0101p\u0113c&#8221; ar Alinu Lastovsku \u2013 intervija ar JRT m\u0101ksliniecisko vad\u012bt\u0101ju Alvi Hermani. Video tie\u0161raide<\/a>&nbsp;&nbsp;Delfi<\/li>\n<li><a href=\"https:\/\/news.google.com\/rss\/articles\/CBMi9AFBVV95cUxOeWJKZEx2U2Iya1BIaGNWSjZSV0ZBdXQxQ2VuZlR1UU1TYm1lZEZKMXh6bkVGNzFkZi1SalBiTUJTeU16c05RelhQSjZtRkFLXy1xMG12WHZOWlJiUmU2RUt0X3JVYzNocjcyYm4zbmFJX1pWcEFyWE9VSVRZd3JPZE0xQW84NjNUUXk1UkIxTWpoaVg1Qmc2RUdGOVA5V21pQnpyb2pYeUVoMThlczN3MjNFZDVibmo5eUVzNUdzWTN1RGxhdzhsWFlRZ2w3b0xIaXJGTk45ZGV2VjI1R0JzRmhKa1lFUmJEcHhwUFBxSkdOTlVi?oc=5\" target=\"_blank\" rel=\"nofollow noopener\">\u00abKas notiek Latvij\u0101?\u00bb \u2013 par kust\u012bbu \u00abBez partij\u0101m\u00bb un pied\u0101v\u0101jumu main\u012bt Saeimas v\u0113l\u0113\u0161anu k\u0101rt\u012bbu<\/a>&nbsp;&nbsp;LSM<\/li>\n<li><a href=\"https:\/\/news.google.com\/rss\/articles\/CBMi1wFBVV95cUxNTVJFT0JFaEVjdHpmNHU5SGllUzZPeVlmYlFMZktvZmUwNE9aZW5TUmlBZG53OFZ2S0Q3SzJrVmVRZDFLYmtwa3Q5ZGx6d2tNYm03NDlyLXlZOXp0RkIxUHM2YzlvbHVSN1NPNUl4WmNKcWNkdVN2N01wQkJvT0tJLW10QjNfN0pEMUFVSmEwc2c0eHJvTVBhRF9OeGRmUk1QVUZ4dGt6THhHXzRLdWpfTlZBWmVYMk5CN1o2dkVPOUNDSl8zWnJubjlHdmY2bnMtRkw1ZmFCQQ?oc=5\" target=\"_blank\" rel=\"nofollow noopener\">Vai Latvijai vajadz\u012bga Saeima bez partij\u0101m? \u201cSp\u0113les noteikumi\u201d diskusija par v\u0113l\u0113\u0161anu sist\u0113mas mai\u0146u<\/a>&nbsp;&nbsp;tv3.lv<\/li>\n<li><a href=\"https:\/\/news.google.com\/rss\/articles\/CBMib0FVX3lxTFB1X19ZT0JUWnNka0p4b3VoOHFORThoREhtZmREbmFjV202RGVkTnpCVVlpRjRTcFRsRVJ4dWRaSEdna1JUSXRpZTRpdEs5V2FTa1Z2a0VrS3dpNkNVSzQtenF3V09sM1I5dUZkU2Exaw?oc=5\" target=\"_blank\" rel=\"nofollow noopener\">Ja nestr\u0101d\u0101, tad j\u0101maina<\/a>&nbsp;&nbsp;\u017durn\u0101ls Ir<\/li>\n<li><a href=\"https:\/\/news.google.com\/rss\/articles\/CBMixAFBVV95cUxQeHZyZW1jWHJzU1owbnZZUUxyYlRhbF9jYTdPU2pXVjVxbFNreTdkN2VBREw2SDA4cW15Z0NwLUVjbW1oeFZvakhxWS1RcjRFa1JUdHlZTGFCYTR5Uy1BVUhkLXFsV2VnOUJ5aEQ3NDVNMlJjTG9lSlFYUllsT0s1QXZtcHAwcFVNaEk4TXotV2hrRkM2OFhKcmh1X3gtb2lCUkRscm5ySWlwdXJRX2ZhSDhHUUlsaEF6YkhibVppTmI2RkRC?oc=5\" target=\"_blank\" rel=\"nofollow noopener\">Deput\u0101tiem regul\u0101ri ir kauti\u0146i. Psihoterapeits piesardz\u012bgi v\u0113rt\u0113 jauno Herma\u0146a iniciat\u012bvu<\/a>&nbsp;&nbsp;OgreNet<\/li>\n<\/ol>\n","protected":false},"excerpt":{"rendered":"&#8220;K\u0101p\u0113c&#8221; ar Alinu Lastovsku \u2013 intervija ar JRT m\u0101ksliniecisko vad\u012bt\u0101ju Alvi Hermani. Video tie\u0161raide&nbsp;&nbsp;Delfi \u00abKas notiek Latvij\u0101?\u00bb \u2013&hellip;\n","protected":false},"author":2,"featured_media":34358,"comment_status":"","ping_status":"","sticky":false,"template":"","format":"standard","meta":{"footnotes":""},"categories":[5],"tags":[23,5992,28,29,8665,32,33,22,5272,10137,30,31,35,39,38,36,37,34,40,20,4955,26,27,24,25,21],"class_list":{"0":"post-34357","1":"post","2":"type-post","3":"status-publish","4":"format-standard","5":"has-post-thumbnail","7":"category-aktualitates","8":"tag-aktualitates","9":"tag-alvis-hermanis","10":"tag-breaking-news","11":"tag-breakingnews","12":"tag-didzis-smits","13":"tag-featured-news","14":"tag-featurednews","15":"tag-headlines","16":"tag-jaunais-rigas-teatris","17":"tag-kapec","18":"tag-latest-news","19":"tag-latestnews","20":"tag-latvia","21":"tag-latvian","22":"tag-latviesu","23":"tag-latviesu-valoda","24":"tag-latviesuvaloda","25":"tag-latvija","26":"tag-lv","27":"tag-news","28":"tag-par-aktualo","29":"tag-popularakas-zinas","30":"tag-popularakaszinas","31":"tag-top-stories","32":"tag-topstories","33":"tag-zinas"},"share_on_mastodon":{"url":"https:\/\/pubeurope.com\/@lv\/115457647134671454","error":""},"_links":{"self":[{"href":"https:\/\/www.europesays.com\/lv\/wp-json\/wp\/v2\/posts\/34357","targetHints":{"allow":["GET"]}}],"collection":[{"href":"https:\/\/www.europesays.com\/lv\/wp-json\/wp\/v2\/posts"}],"about":[{"href":"https:\/\/www.europesays.com\/lv\/wp-json\/wp\/v2\/types\/post"}],"author":[{"embeddable":true,"href":"https:\/\/www.europesays.com\/lv\/wp-json\/wp\/v2\/users\/2"}],"replies":[{"embeddable":true,"href":"https:\/\/www.europesays.com\/lv\/wp-json\/wp\/v2\/comments?post=34357"}],"version-history":[{"count":0,"href":"https:\/\/www.europesays.com\/lv\/wp-json\/wp\/v2\/posts\/34357\/revisions"}],"wp:featuredmedia":[{"embeddable":true,"href":"https:\/\/www.europesays.com\/lv\/wp-json\/wp\/v2\/media\/34358"}],"wp:attachment":[{"href":"https:\/\/www.europesays.com\/lv\/wp-json\/wp\/v2\/media?parent=34357"}],"wp:term":[{"taxonomy":"category","embeddable":true,"href":"https:\/\/www.europesays.com\/lv\/wp-json\/wp\/v2\/categories?post=34357"},{"taxonomy":"post_tag","embeddable":true,"href":"https:\/\/www.europesays.com\/lv\/wp-json\/wp\/v2\/tags?post=34357"}],"curies":[{"name":"wp","href":"https:\/\/api.w.org\/{rel}","templated":true}]}}