{"id":34378,"date":"2025-10-29T13:55:11","date_gmt":"2025-10-29T13:55:11","guid":{"rendered":"https:\/\/www.europesays.com\/lv\/34378\/"},"modified":"2025-10-29T13:55:11","modified_gmt":"2025-10-29T13:55:11","slug":"eiropas-centralas-bankas-2026-gada-februara-sede-var-klut-par-pagrieziena-punktu","status":"publish","type":"post","link":"https:\/\/www.europesays.com\/lv\/34378\/","title":{"rendered":"Eiropas Centr\u0101l\u0101s bankas 2026. gada febru\u0101ra s\u0113de var k\u013c\u016bt par pagrieziena punktu"},"content":{"rendered":"<p>\u0160oned\u0113\u013c Eiropas Centr\u0101l\u0101s bankas (ECB) Padome san\u0101k uz monet\u0101r\u0101s politikas s\u0113di, kuras laik\u0101 tiks lemts par b\u0101zes procentu likmju jaut\u0101jumu. Tirgus dal\u012bbnieki t\u0101l\u0101ku likmju samazin\u0101jumu negaida \u2013 vi\u0146i uzskata, ka pa\u0161reiz\u0113jais l\u012bmenis saglab\u0101sies vismaz l\u012bdz 2026. gada beig\u0101m. Tom\u0113r prakse r\u0101da, ka \u0161\u0101das prognozes nereti izr\u0101d\u0101s k\u013c\u016bdainas, t\u0101d\u0113\u013c p\u0101r\u0101k dro\u0161a pa\u013cau\u0161an\u0101s uz \u0161o scen\u0101riju var likt vilties.<\/p>\n<p class=\"MsoNormal\">\u0160\u012b gada j\u016bnij\u0101 <a rel=\"noopener nofollow\" target=\"_blank\" href=\"https:\/\/www.delfi.lv\/temas\/41035177\/eiropas-centrala-banka\" tag-id=\"41035177\">Eiropas Centr\u0101l\u0101 banka<\/a> samazin\u0101ja b\u0101zes procentu likmi l\u012bdz 2 %, tom\u0113r tirgus dal\u012bbnieki neparedz turpm\u0101kus samazin\u0101jumus. \u0160\u012bs prognozes balst\u0101s uz diviem galvenajiem faktoriem. Pirmk\u0101rt, pa\u0161reiz\u0113jais b\u0101zes likmju l\u012bmenis tiek uzskat\u012bts par neitr\u0101lu \u2013 tas vairs nebremz\u0113 ekonomikas izaugsmi, bet vienlaikus ar\u012b pal\u012bdz saglab\u0101t cenu stabilit\u0101ti. Otrk\u0101rt, eirozon\u0101 infl\u0101cijas pal\u0113nin\u0101\u0161an\u0101s ir apst\u0101jusies, un jaun\u0101kie ekonomiskie r\u0101d\u012bt\u0101ji neliecina par turpm\u0101ku ekonomikas v\u0101jin\u0101\u0161anos. T\u0101p\u0113c past\u0101v uzskats, ka ECB ietur\u0113s ilg\u0101ku pauzi \u2013 turpm\u0101ka b\u0101zes likmju samazin\u0101\u0161ana eirozon\u0101 \u0161obr\u012bd \u0161\u0137iet maz ticama.<\/p>\n<p class=\"m-0\">Seko &#8220;Delfi&#8221; ar\u012b  <a target=\"_blank\" href=\"https:\/\/www.instagram.com\/delfi.lv\/\" rel=\"nofollow noopener\">Instagram<\/a>  un <a target=\"_blank\" href=\"https:\/\/www.youtube.com\/channel\/UCw5foWtcJvAbUm64rv7jwUQ\" rel=\"nofollow noopener\">YouTube<\/a>  profil\u0101 \u2013 pievienojies, lai uzzin\u0101tu svar\u012bg\u0101ko un interesant\u0101ko pirmais!<\/p>\n<p>Publik\u0101cijas saturs vai t\u0101s jebk\u0101da apjoma da\u013ca ir aizsarg\u0101ts autorties\u012bbu objekts Autorties\u012bbu likuma izpratn\u0113, un t\u0101 izmanto\u0161ana bez izdev\u0113ja at\u013caujas ir aizliegta. Vair\u0101k lasi  <a target=\"_blank\" href=\"https:\/\/www.delfi.lv\/noteikumi#autortiesibas\" rel=\"nofollow noopener\">\u0161eit<\/a><script async src=\"\/\/www.instagram.com\/embed.js\"><\/script><\/p>\n","protected":false},"excerpt":{"rendered":"\u0160oned\u0113\u013c Eiropas Centr\u0101l\u0101s bankas (ECB) Padome san\u0101k uz monet\u0101r\u0101s politikas s\u0113di, kuras laik\u0101 tiks lemts par b\u0101zes procentu&hellip;\n","protected":false},"author":2,"featured_media":34379,"comment_status":"","ping_status":"","sticky":false,"template":"","format":"standard","meta":{"footnotes":""},"categories":[16],"tags":[9903,77,76,3949,10200,35,39,38,36,37,34,40],"class_list":{"0":"post-34378","1":"post","2":"type-post","3":"status-publish","4":"format-standard","5":"has-post-thumbnail","7":"category-bizness","8":"tag-banku-nozare","9":"tag-bizness","10":"tag-business","11":"tag-citadele","12":"tag-eiropas-centrala-banka","13":"tag-latvia","14":"tag-latvian","15":"tag-latviesu","16":"tag-latviesu-valoda","17":"tag-latviesuvaloda","18":"tag-latvija","19":"tag-lv"},"share_on_mastodon":{"url":"https:\/\/pubeurope.com\/@lv\/115457800500225399","error":""},"_links":{"self":[{"href":"https:\/\/www.europesays.com\/lv\/wp-json\/wp\/v2\/posts\/34378","targetHints":{"allow":["GET"]}}],"collection":[{"href":"https:\/\/www.europesays.com\/lv\/wp-json\/wp\/v2\/posts"}],"about":[{"href":"https:\/\/www.europesays.com\/lv\/wp-json\/wp\/v2\/types\/post"}],"author":[{"embeddable":true,"href":"https:\/\/www.europesays.com\/lv\/wp-json\/wp\/v2\/users\/2"}],"replies":[{"embeddable":true,"href":"https:\/\/www.europesays.com\/lv\/wp-json\/wp\/v2\/comments?post=34378"}],"version-history":[{"count":0,"href":"https:\/\/www.europesays.com\/lv\/wp-json\/wp\/v2\/posts\/34378\/revisions"}],"wp:featuredmedia":[{"embeddable":true,"href":"https:\/\/www.europesays.com\/lv\/wp-json\/wp\/v2\/media\/34379"}],"wp:attachment":[{"href":"https:\/\/www.europesays.com\/lv\/wp-json\/wp\/v2\/media?parent=34378"}],"wp:term":[{"taxonomy":"category","embeddable":true,"href":"https:\/\/www.europesays.com\/lv\/wp-json\/wp\/v2\/categories?post=34378"},{"taxonomy":"post_tag","embeddable":true,"href":"https:\/\/www.europesays.com\/lv\/wp-json\/wp\/v2\/tags?post=34378"}],"curies":[{"name":"wp","href":"https:\/\/api.w.org\/{rel}","templated":true}]}}