{"id":34382,"date":"2025-10-29T14:07:14","date_gmt":"2025-10-29T14:07:14","guid":{"rendered":"https:\/\/www.europesays.com\/lv\/34382\/"},"modified":"2025-10-29T14:07:14","modified_gmt":"2025-10-29T14:07:14","slug":"istenojot-tet-un-lmt-darijumu-visiem-tirgus-dalibniekiem-ar-vienadiem-nosacijumiem-janodrosina-piekluve-optiskajam-tiklam","status":"publish","type":"post","link":"https:\/\/www.europesays.com\/lv\/34382\/","title":{"rendered":"\u012astenojot &#8220;Tet&#8221; un LMT dar\u012bjumu, visiem tirgus dal\u012bbniekiem ar vien\u0101diem nosac\u012bjumiem j\u0101nodro\u0161ina piek\u013cuve optiskajam t\u012bklam"},"content":{"rendered":"<p>Vi\u0146\u0161 uzsv\u0113ra, ka gad\u012bjum\u0101, ja attiec\u012bgais t\u012bkls non\u0101ktu viena tirgus sp\u0113l\u0113t\u0101ja rok\u0101s, vesel\u012bga un t\u012bra konkurence vairs neb\u016btu iesp\u0113jama.<\/p>\n<p>&#8220;Otru \u0161\u0101du t\u012bklu uzb\u016bv\u0113t nav iesp\u0113jams, pat ja mums b\u016btu visa nauda, &#8220;kas gu\u013c j\u016bras diben\u0101&#8221;. To nevar fiziski izdar\u012bt, jo zem iel\u0101m nav vietas jaunai kanaliz\u0101cijas sist\u0113mai. Projekt\u0113\u0161ana, b\u016bvniec\u012bba un viss p\u0101r\u0113jais ir \u0101rk\u0101rt\u012bgi ilgs un komplic\u0113ts process. T\u012bklu dubl\u0113t nav iesp\u0113jams,&#8221; sac\u012bja Vancovi\u010ds.<\/p>\n<p>Vienlaikus &#8220;Tele2&#8221; valdes priek\u0161s\u0113d\u0113t\u0101js atz\u012bm\u0113ja, ka, p\u0113c vi\u0146a r\u012bc\u012bb\u0101 eso\u0161\u0101s inform\u0101cijas, dar\u012bjum\u0101 piek\u013cuve optikas t\u012bklam ir nopietni apsv\u0113rta. &#8220;M\u0113s ceram, ka tas \u012bstenosies,&#8221; sac\u012bja Vancovi\u010ds.<\/p>\n<p>Vi\u0146\u0161 piebilda, ka b\u016btiski ir, lai jebkur\u0161 operators, kuram ir v\u0113lme, var nom\u0101t jeb ieg\u0101d\u0101ties optisko piek\u013cuvi no klienta l\u012bdz piesl\u0113guma punktam par vienotu vairumtirdzniec\u012bbas cenu.<\/p>\n<p>Vancovi\u010ds gan ar\u012b nor\u0101d\u012bja, ka nav skaidrs, ko tie\u0161i valsts ieg\u016bs, pati atp\u0113rkot &#8220;Tet&#8221; un LMT kapit\u0101lda\u013cas no Zviedrijas &#8220;Telia&#8221;.<\/p>\n<p>&#8220;No \u0123eopolitisk\u0101 viedok\u013ca b\u016btu sapr\u0101t\u012bgi dr\u012bz\u0101k izskat\u012bt atliku\u0161o valsts da\u013cu p\u0101rdo\u0161anu k\u0101dam lielam sp\u0113l\u0113t\u0101jam, piem\u0113ram, no Polijas, Amerikas vai Zviedrijas, k\u0101dam no NATO dal\u012bbvalstu uz\u0146\u0113mumiem. \u0160aj\u0101 gad\u012bjum\u0101 valsts samaks\u0101s \u013coti lielu naudu, iesp\u0113jams, ilgi nesa\u0146ems dividendes, lai \u0161os par\u0101dus atdotu. Jaut\u0101jums, k\u0101 p\u0113c tam \u0161ie uz\u0146\u0113mumi izskat\u012bsies,&#8221; sac\u012bja Vancovi\u010ds.<\/p>\n","protected":false},"excerpt":{"rendered":"Vi\u0146\u0161 uzsv\u0113ra, ka gad\u012bjum\u0101, ja attiec\u012bgais t\u012bkls non\u0101ktu viena tirgus sp\u0113l\u0113t\u0101ja rok\u0101s, vesel\u012bga un t\u012bra konkurence vairs neb\u016btu&hellip;\n","protected":false},"author":2,"featured_media":34383,"comment_status":"","ping_status":"","sticky":false,"template":"","format":"standard","meta":{"footnotes":""},"categories":[16],"tags":[77,76,35,39,38,36,37,34,40,1850,3592,10203],"class_list":{"0":"post-34382","1":"post","2":"type-post","3":"status-publish","4":"format-standard","5":"has-post-thumbnail","7":"category-bizness","8":"tag-bizness","9":"tag-business","10":"tag-latvia","11":"tag-latvian","12":"tag-latviesu","13":"tag-latviesu-valoda","14":"tag-latviesuvaloda","15":"tag-latvija","16":"tag-lv","17":"tag-mobilie-sakari","18":"tag-sakari","19":"tag-tele2"},"share_on_mastodon":{"url":"https:\/\/pubeurope.com\/@lv\/115457847692823688","error":""},"_links":{"self":[{"href":"https:\/\/www.europesays.com\/lv\/wp-json\/wp\/v2\/posts\/34382","targetHints":{"allow":["GET"]}}],"collection":[{"href":"https:\/\/www.europesays.com\/lv\/wp-json\/wp\/v2\/posts"}],"about":[{"href":"https:\/\/www.europesays.com\/lv\/wp-json\/wp\/v2\/types\/post"}],"author":[{"embeddable":true,"href":"https:\/\/www.europesays.com\/lv\/wp-json\/wp\/v2\/users\/2"}],"replies":[{"embeddable":true,"href":"https:\/\/www.europesays.com\/lv\/wp-json\/wp\/v2\/comments?post=34382"}],"version-history":[{"count":0,"href":"https:\/\/www.europesays.com\/lv\/wp-json\/wp\/v2\/posts\/34382\/revisions"}],"wp:featuredmedia":[{"embeddable":true,"href":"https:\/\/www.europesays.com\/lv\/wp-json\/wp\/v2\/media\/34383"}],"wp:attachment":[{"href":"https:\/\/www.europesays.com\/lv\/wp-json\/wp\/v2\/media?parent=34382"}],"wp:term":[{"taxonomy":"category","embeddable":true,"href":"https:\/\/www.europesays.com\/lv\/wp-json\/wp\/v2\/categories?post=34382"},{"taxonomy":"post_tag","embeddable":true,"href":"https:\/\/www.europesays.com\/lv\/wp-json\/wp\/v2\/tags?post=34382"}],"curies":[{"name":"wp","href":"https:\/\/api.w.org\/{rel}","templated":true}]}}