{"id":34398,"date":"2025-10-29T14:34:07","date_gmt":"2025-10-29T14:34:07","guid":{"rendered":"https:\/\/www.europesays.com\/lv\/34398\/"},"modified":"2025-10-29T14:34:07","modified_gmt":"2025-10-29T14:34:07","slug":"saeimas-komisija-atbalsta-likumprojektu-par-latvijas-izstasanos-no-stambulas-konvencijas","status":"publish","type":"post","link":"https:\/\/www.europesays.com\/lv\/34398\/","title":{"rendered":"Saeimas komisija atbalsta likumprojektu par Latvijas izst\u0101\u0161anos no Stambulas konvencijas"},"content":{"rendered":"<p>Pl\u0101nots, ka parlaments par \u0161o likumprojektu lems r\u012btdien, 30.oktobr\u012b.<\/p>\n<p>Iepriek\u0161, 16.oktobr\u012b, Saeima pie\u0146\u0113ma deklar\u0101ciju vardarb\u012bbas pret sieviet\u0113m un \u0123imen\u0113 nov\u0113r\u0161anai un izskau\u0161anai. Ar \u0161o deklar\u0101ciju Saeima uzdod Ministru kabinetam izstr\u0101d\u0101t visaptvero\u0161u Vardarb\u012bbas pret sieviet\u0113m, b\u0113rniem un vardarb\u012bbas \u0123imen\u0113, k\u0101 ar\u012b visp\u0101r\u0113jas vardarb\u012bbas nov\u0113r\u0161anas un izskau\u0161anas likumu. Deklar\u0101cij\u0101 ar\u012b atz\u012bm\u0113ts pien\u0101kums veicin\u0101t starptautisku sadarb\u012bbu, k\u0101 ar\u012b nodro\u0161in\u0101t atbalstu un pal\u012bdz\u012bbu organiz\u0101cij\u0101m un ties\u012bbaizsardz\u012bbas instit\u016bcij\u0101m, lai, efekt\u012bvi sadarbojoties, tiktu ieviesta un realiz\u0113ta vienota pieeja vardarb\u012bbas izskau\u0161an\u0101.<\/p>\n<p>Stambulas konvencija Latvij\u0101 st\u0101j\u0101s sp\u0113k\u0101 pag\u0101ju\u0161\u0101 gada 1.maij\u0101. T\u0101 paredz, ka dal\u012bbvalst\u012bm j\u0101veido pla\u0161s tiesiskais un praktiskais meh\u0101nisms, lai aizsarg\u0101tu sievietes un citus vardarb\u012bb\u0101 cietu\u0161os, k\u0101 ar\u012b j\u0101nodro\u0161ina vispus\u012bga pal\u012bdz\u012bba un atbalsts.<\/p>\n<p class=\"tv3-fw-500\">Zi\u0146o par k\u013c\u016bdu rakst\u0101<\/p>\n<p class=\"d-md-block d-none\">Iez\u012bm\u0113 k\u013c\u016bdaino tekstu un spied Ctrl+Enter.<\/p>\n<p class=\"d-md-none d-block\">Iez\u012bm\u0113 k\u013c\u016bdaino tekstu un zi\u0146o par to!<\/p>\n","protected":false},"excerpt":{"rendered":"Pl\u0101nots, ka parlaments par \u0161o likumprojektu lems r\u012btdien, 30.oktobr\u012b. Iepriek\u0161, 16.oktobr\u012b, Saeima pie\u0146\u0113ma deklar\u0101ciju vardarb\u012bbas pret sieviet\u0113m un&hellip;\n","protected":false},"author":2,"featured_media":34399,"comment_status":"","ping_status":"","sticky":false,"template":"","format":"standard","meta":{"footnotes":""},"categories":[5],"tags":[10205,23,28,29,32,33,22,30,31,35,39,38,36,37,34,40,20,26,27,24,25,21],"class_list":{"0":"post-34398","1":"post","2":"type-post","3":"status-publish","4":"format-standard","5":"has-post-thumbnail","7":"category-aktualitates","8":"tag-14-saeimaarlietu-komisijalatvijas-radoso-savienibu-padomemartastambulas-konvencija","9":"tag-aktualitates","10":"tag-breaking-news","11":"tag-breakingnews","12":"tag-featured-news","13":"tag-featurednews","14":"tag-headlines","15":"tag-latest-news","16":"tag-latestnews","17":"tag-latvia","18":"tag-latvian","19":"tag-latviesu","20":"tag-latviesu-valoda","21":"tag-latviesuvaloda","22":"tag-latvija","23":"tag-lv","24":"tag-news","25":"tag-popularakas-zinas","26":"tag-popularakaszinas","27":"tag-top-stories","28":"tag-topstories","29":"tag-zinas"},"share_on_mastodon":{"url":"https:\/\/pubeurope.com\/@lv\/115457953998982150","error":""},"_links":{"self":[{"href":"https:\/\/www.europesays.com\/lv\/wp-json\/wp\/v2\/posts\/34398","targetHints":{"allow":["GET"]}}],"collection":[{"href":"https:\/\/www.europesays.com\/lv\/wp-json\/wp\/v2\/posts"}],"about":[{"href":"https:\/\/www.europesays.com\/lv\/wp-json\/wp\/v2\/types\/post"}],"author":[{"embeddable":true,"href":"https:\/\/www.europesays.com\/lv\/wp-json\/wp\/v2\/users\/2"}],"replies":[{"embeddable":true,"href":"https:\/\/www.europesays.com\/lv\/wp-json\/wp\/v2\/comments?post=34398"}],"version-history":[{"count":0,"href":"https:\/\/www.europesays.com\/lv\/wp-json\/wp\/v2\/posts\/34398\/revisions"}],"wp:featuredmedia":[{"embeddable":true,"href":"https:\/\/www.europesays.com\/lv\/wp-json\/wp\/v2\/media\/34399"}],"wp:attachment":[{"href":"https:\/\/www.europesays.com\/lv\/wp-json\/wp\/v2\/media?parent=34398"}],"wp:term":[{"taxonomy":"category","embeddable":true,"href":"https:\/\/www.europesays.com\/lv\/wp-json\/wp\/v2\/categories?post=34398"},{"taxonomy":"post_tag","embeddable":true,"href":"https:\/\/www.europesays.com\/lv\/wp-json\/wp\/v2\/tags?post=34398"}],"curies":[{"name":"wp","href":"https:\/\/api.w.org\/{rel}","templated":true}]}}