{"id":34404,"date":"2025-10-29T14:40:08","date_gmt":"2025-10-29T14:40:08","guid":{"rendered":"https:\/\/www.europesays.com\/lv\/34404\/"},"modified":"2025-10-29T14:40:08","modified_gmt":"2025-10-29T14:40:08","slug":"draudzinas-vidusskolas-direktors-zageris-atstaj-amatu","status":"publish","type":"post","link":"https:\/\/www.europesays.com\/lv\/34404\/","title":{"rendered":"Draudzi\u0146as vidusskolas direktors Z\u0101\u0123eris atst\u0101j amatu"},"content":{"rendered":"<p>K\u0101 apstiprin\u0101ja Iveta Bul\u0101ne, R\u012bgas pa\u0161vald\u012bbas Komunik\u0101cijas p\u0101rvaldes \u0100r\u0113j\u0101s komunik\u0101cijas noda\u013cas projektu koordinatore, direktors darba gaitas beigs 31.oktobr\u012b. Atl\u016bgumu iesniedzis p\u0113c pa\u0161a v\u0113l\u0113\u0161an\u0101s.<\/p>\n<p>Z\u0101\u0123eris pats uz TVNET zvaniem neatbild\u0113ja.<\/p>\n<p>TVNET jau rakst\u012bja, ka diskusijas par Z\u0101\u0123era piem\u0113rot\u012bbu amatam aizs\u0101k\u0101s, kad vair\u0101ki vec\u0101ki pauda neapmierin\u0101t\u012bbu ar direktora darbu. R\u012bgas pa\u0161vald\u012bbas Izgl\u012bt\u012bbas, kult\u016bras un sporta departaments sa\u0146\u0113mis vair\u0101kus iesniegumus. T\u0101 vad\u012bt\u0101ja Anita P\u0113terkopa, lai monitor\u0113tu situ\u0101ciju, \u0161\u0101 gada 20.oktobr\u012b gras\u012bj\u0101s vis\u0101s R\u012bgas pa\u0161vald\u012bbas skol\u0101s organiz\u0113t pedagogu labb\u016bt\u012bbas aptauju. Ta\u010du Z\u0101\u0123eri sol\u012bj\u0101s izv\u0113rt\u0113t pa\u0101trin\u0101ti.<\/p>\n<p>Kad P\u0113terkopa direktoram esot nor\u0101d\u012bjusi, ka neapmierina situ\u0101cija ar pedagogu aizie\u0161anu no skolas, vi\u0146\u0161 noliedzis, ka biju\u0161as komunik\u0101cijas probl\u0113mas, kuru d\u0113\u013c da\u017ei pieredzes bag\u0101ti skolot\u0101ji pametu\u0161i darbu. Savuk\u0101rt Z\u0101\u0123eris pats savas k\u013c\u016bdas sarun\u0101 ar TVNET+ atzina.<\/p>\n","protected":false},"excerpt":{"rendered":"K\u0101 apstiprin\u0101ja Iveta Bul\u0101ne, R\u012bgas pa\u0161vald\u012bbas Komunik\u0101cijas p\u0101rvaldes \u0100r\u0113j\u0101s komunik\u0101cijas noda\u013cas projektu koordinatore, direktors darba gaitas beigs 31.oktobr\u012b.&hellip;\n","protected":false},"author":2,"featured_media":23861,"comment_status":"","ping_status":"","sticky":false,"template":"","format":"standard","meta":{"footnotes":""},"categories":[5],"tags":[23,28,29,32,33,22,2374,30,31,35,39,38,36,37,34,40,20,26,27,687,7685,24,25,21],"class_list":{"0":"post-34404","1":"post","2":"type-post","3":"status-publish","4":"format-standard","5":"has-post-thumbnail","7":"category-aktualitates","8":"tag-aktualitates","9":"tag-breaking-news","10":"tag-breakingnews","11":"tag-featured-news","12":"tag-featurednews","13":"tag-headlines","14":"tag-izm","15":"tag-latest-news","16":"tag-latestnews","17":"tag-latvia","18":"tag-latvian","19":"tag-latviesu","20":"tag-latviesu-valoda","21":"tag-latviesuvaloda","22":"tag-latvija","23":"tag-lv","24":"tag-news","25":"tag-popularakas-zinas","26":"tag-popularakaszinas","27":"tag-rigas-dome","28":"tag-rigas-natalijas-draudzinas-vidusskola","29":"tag-top-stories","30":"tag-topstories","31":"tag-zinas"},"share_on_mastodon":{"url":"https:\/\/pubeurope.com\/@lv\/115457977515566302","error":""},"_links":{"self":[{"href":"https:\/\/www.europesays.com\/lv\/wp-json\/wp\/v2\/posts\/34404","targetHints":{"allow":["GET"]}}],"collection":[{"href":"https:\/\/www.europesays.com\/lv\/wp-json\/wp\/v2\/posts"}],"about":[{"href":"https:\/\/www.europesays.com\/lv\/wp-json\/wp\/v2\/types\/post"}],"author":[{"embeddable":true,"href":"https:\/\/www.europesays.com\/lv\/wp-json\/wp\/v2\/users\/2"}],"replies":[{"embeddable":true,"href":"https:\/\/www.europesays.com\/lv\/wp-json\/wp\/v2\/comments?post=34404"}],"version-history":[{"count":0,"href":"https:\/\/www.europesays.com\/lv\/wp-json\/wp\/v2\/posts\/34404\/revisions"}],"wp:featuredmedia":[{"embeddable":true,"href":"https:\/\/www.europesays.com\/lv\/wp-json\/wp\/v2\/media\/23861"}],"wp:attachment":[{"href":"https:\/\/www.europesays.com\/lv\/wp-json\/wp\/v2\/media?parent=34404"}],"wp:term":[{"taxonomy":"category","embeddable":true,"href":"https:\/\/www.europesays.com\/lv\/wp-json\/wp\/v2\/categories?post=34404"},{"taxonomy":"post_tag","embeddable":true,"href":"https:\/\/www.europesays.com\/lv\/wp-json\/wp\/v2\/tags?post=34404"}],"curies":[{"name":"wp","href":"https:\/\/api.w.org\/{rel}","templated":true}]}}