{"id":34410,"date":"2025-10-29T14:48:15","date_gmt":"2025-10-29T14:48:15","guid":{"rendered":"https:\/\/www.europesays.com\/lv\/34410\/"},"modified":"2025-10-29T14:48:15","modified_gmt":"2025-10-29T14:48:15","slug":"nevienam-nav-gandarijuma-pec-speles-somija-regbijs-sportacentrs-com","status":"publish","type":"post","link":"https:\/\/www.europesays.com\/lv\/34410\/","title":{"rendered":"&#8220;Nevienam nav gandar\u012bjuma p\u0113c sp\u0113les Somij\u0101&#8221; \u2013 Regbijs \u2013 Sportacentrs.com"},"content":{"rendered":"<p>\u0160\u012b izla\u0161u cikla turpin\u0101jum\u0101 Latvija 1. novembr\u012b Valmier\u0101 uz\u0146ems Norv\u0113\u0123ijas valstsvien\u012bbu, bet p\u0113c tam pavasara sp\u0113l\u0113s 2026. gada 11. apr\u012bl\u012b uz\u0146ems Igauniju un ned\u0113\u013cu v\u0113l\u0101k 18. apr\u012bl\u012b sp\u0113l\u0113s Luksemburg\u0101. \u201cRugby Europe\u201d Konferences div\u012bzij\u0101 21 komanda sadal\u012bta piec\u0101s grup\u0101s. P\u0113c grupu sacens\u012bb\u0101m tikai divas lab\u0101k\u0101s komandas piedal\u012bsies \u201cplay off\u201d c\u012b\u0146\u0101 par tik\u0161anu uz \u201cTrophy\u201d div\u012bziju.<\/p>\n<p>M\u0101rcis Rullis, Latvijas izlases galvenais treneris: \u201cNav gandar\u012bjuma ne treneriem, ne sp\u0113l\u0113t\u0101jiem, jo bija pl\u0101ns uzvar\u0113t. Nav nek\u0101da prieka. Laukums \u013coti smags, neatbilsto\u0161s t\u0101d\u0101m sp\u0113l\u0113m. Pirms tam sp\u0113l\u0113ja sievie\u0161u izlase, bija lijis lietus. Laukums bija l\u0113ns, smags priek\u0161 sp\u0113l\u0113t\u0101jiem. Bet tas nav attaisnojums, jo laukums bija vien\u0101ds ab\u0101m komand\u0101m, bet m\u0113s zaud\u0113j\u0101m savu \u0101trumu, pietr\u016bka jauda, ko ne\u013c\u0101va \u0161is laukums. Somi p\u0101rsteidza, fiziski labi bija sagatavoju\u0161ies agres\u012bvai sp\u0113lei. Pret igau\u0146iem vi\u0146i bija pasl\u0113pu\u0161ies nedaudz.&#8221;<\/p>\n<p>&#8220;Latvijas izlasei bija nepiedodami daudz sodu \u2013 19 sodi mums, somiem tikai 10. Gr\u016bti uzvarama sp\u0113le ar \u0161\u0101du statistiku.<br \/>Pirms sp\u0113les Somij\u0101 teicu, ka redzu \u010da\u013ciem ac\u012bs degsmi, lai gan sezona klubos nosl\u0113gusies. S\u0101koties sp\u0113lei, var\u0113ja man\u012bt, ka ir tom\u0113r kaut k\u0101ds nogurums. Varb\u016bt ne fiziski, bet k\u0101d\u0101s epizod\u0113s nenosp\u0113l\u0113ja l\u012bdz galam, nebija pareizas poz\u012bcijas,&#8221; secina izlases treneris.<\/p>\n<p>&#8220;V\u0113l ir tr\u012bs sp\u0113les, j\u0101izspie\u017e maksimums. J\u0101sa\u0146emas jau uz n\u0101kamo sp\u0113li Valmier\u0101 sestdien. Esam jau p\u0113t\u012bju\u0161i norv\u0113\u0123us. Iesp\u0113jams, main\u012bsim kaut ko sast\u0101v\u0101, bet s\u0101kum\u0101 j\u0101saprot, kas ir ar savainojumiem. Kad b\u016bs skaidr\u012bba, tad ar\u012b izv\u0113l\u0113simies sast\u0101vu,\u201c nor\u0101da Rullis.<\/p>\n<p>Izmantotie resursi:<br \/><a target=\"_blank\" href=\"https:\/\/rugby-latvia.lv\/news\/marcis-rullis-nevienam-nav-gandarijuma-pec-speles-somija\" rel=\"nofollow noopener\">https:\/\/rugby-latvia.lv\/news\/marcis&#8230;<\/a><\/p>\n","protected":false},"excerpt":{"rendered":"\u0160\u012b izla\u0161u cikla turpin\u0101jum\u0101 Latvija 1. novembr\u012b Valmier\u0101 uz\u0146ems Norv\u0113\u0123ijas valstsvien\u012bbu, bet p\u0113c tam pavasara sp\u0113l\u0113s 2026. gada&hellip;\n","protected":false},"author":2,"featured_media":34411,"comment_status":"","ping_status":"","sticky":false,"template":"","format":"standard","meta":{"footnotes":""},"categories":[17],"tags":[35,39,38,36,37,34,40,2163,67],"class_list":{"0":"post-34410","1":"post","2":"type-post","3":"status-publish","4":"format-standard","5":"has-post-thumbnail","7":"category-sports","8":"tag-latvia","9":"tag-latvian","10":"tag-latviesu","11":"tag-latviesu-valoda","12":"tag-latviesuvaloda","13":"tag-latvija","14":"tag-lv","15":"tag-regbijs","16":"tag-sports"},"share_on_mastodon":{"url":"https:\/\/pubeurope.com\/@lv\/115458008880343874","error":""},"_links":{"self":[{"href":"https:\/\/www.europesays.com\/lv\/wp-json\/wp\/v2\/posts\/34410","targetHints":{"allow":["GET"]}}],"collection":[{"href":"https:\/\/www.europesays.com\/lv\/wp-json\/wp\/v2\/posts"}],"about":[{"href":"https:\/\/www.europesays.com\/lv\/wp-json\/wp\/v2\/types\/post"}],"author":[{"embeddable":true,"href":"https:\/\/www.europesays.com\/lv\/wp-json\/wp\/v2\/users\/2"}],"replies":[{"embeddable":true,"href":"https:\/\/www.europesays.com\/lv\/wp-json\/wp\/v2\/comments?post=34410"}],"version-history":[{"count":0,"href":"https:\/\/www.europesays.com\/lv\/wp-json\/wp\/v2\/posts\/34410\/revisions"}],"wp:featuredmedia":[{"embeddable":true,"href":"https:\/\/www.europesays.com\/lv\/wp-json\/wp\/v2\/media\/34411"}],"wp:attachment":[{"href":"https:\/\/www.europesays.com\/lv\/wp-json\/wp\/v2\/media?parent=34410"}],"wp:term":[{"taxonomy":"category","embeddable":true,"href":"https:\/\/www.europesays.com\/lv\/wp-json\/wp\/v2\/categories?post=34410"},{"taxonomy":"post_tag","embeddable":true,"href":"https:\/\/www.europesays.com\/lv\/wp-json\/wp\/v2\/tags?post=34410"}],"curies":[{"name":"wp","href":"https:\/\/api.w.org\/{rel}","templated":true}]}}