{"id":34427,"date":"2025-10-29T15:11:07","date_gmt":"2025-10-29T15:11:07","guid":{"rendered":"https:\/\/www.europesays.com\/lv\/34427\/"},"modified":"2025-10-29T15:11:07","modified_gmt":"2025-10-29T15:11:07","slug":"tv-ekranos-atgriezas-muzikali-izklaidejosais-sovs-pardziedi-mani-sejas-lv","status":"publish","type":"post","link":"https:\/\/www.europesays.com\/lv\/34427\/","title":{"rendered":"TV ekr\u0101nos atgrie\u017eas muzik\u0101li izklaid\u0113jo\u0161ais \u0161ovs &quot;P\u0101rdziedi mani!&quot; &#8211; Sejas.lv"},"content":{"rendered":"<ol>\n<li><a href=\"https:\/\/news.google.com\/rss\/articles\/CBMimwFBVV95cUxNWGtsMDNRZllpR2xfeXpFQVdOb3RGakNqWWs2UXllUm5pd3V6YXFWTXpxZ2VRZm1OVzhJTnF5RUptbHRFVHpZekRFMVV1R1VwQ1dKZXdqYS01VHhkNXBneVNZemZqOVZ6M0cxalRfNlR0X3J6U1JnRjRMbE5MU0xVWkNOUVp0cGg5THZLcE9oYjBIWmFzel9oS3VwQQ?oc=5\" target=\"_blank\" rel=\"nofollow noopener\">TV ekr\u0101nos atgrie\u017eas muzik\u0101li izklaid\u0113jo\u0161ais \u0161ovs &#8220;P\u0101rdziedi mani!&#8221;<\/a>&nbsp;&nbsp;Sejas.lv<\/li>\n<li><a href=\"https:\/\/news.google.com\/rss\/articles\/CBMi4gFBVV95cUxPUTJILWlhQmpTWDZSR191T2xIeEpfUGhleE84TVFPSDEybE1OZmFyNVFFUHYtbmhHMkFoZ1hfOW8ybTF0QnFORlp2aFE0elFsZUNkN1otUl9RdTU0UWxROUtRTGl4VjR4YlZ5NUFreDZ3cUNaeGNCTHRwVkUzZi10YUV6akEyQ2MyOHB3S2xIdXFmWUVmZUpYN2ZGNjJjSERzallNNmZhQ0NPSDZNbFpIWS03NHZHZkZvZ1RhYWpqbE9pZ3dDVk9KRnJ5VUcybmplZ2dzS0VVb25DaUFtVGJMd0pB?oc=5\" target=\"_blank\" rel=\"nofollow noopener\">Kl\u0101t muzik\u0101l\u0101 \u0161ova \u00abP\u0101rdziedi mani!\u00bb otr\u0101 sezona! Zin\u0101mi asto\u0146i jaun\u0101s sezonas dal\u012bbnieki \/ Raksts<\/a>&nbsp;&nbsp;LSM<\/li>\n<li><a href=\"https:\/\/news.google.com\/rss\/articles\/CBMizwFBVV95cUxPY1NKMUJaMl9teDFnbW5oSEozc1dweG1lOEpPSXN0Sl9ES21tbkZvUGtCMEQ0MUxEZGpMZHFVbFQ3d3Rscy1aWlNETlpSSjFRVkZDM2RnMERST3l1M2tkSU5qLXZPeWxKLVdzZndCbmZrWjA2V1Vyb3JlRWtXei1fTjB6UXRpM3RTYUxwSkRadW9oQ2ozbVJlQkhVbHRYbmNnRUhnOHN1T1FkUjhkUFJkQlJOSkMweWE0RU5FZ09wMEE4bXJEa0dVZlpENVc0aGM?oc=5\" target=\"_blank\" rel=\"nofollow noopener\">Muzik\u0101lais \u0161ovs &#8220;P\u0101rdziedi mani!&#8221; atgrie\u017eas ar otro sezonu: zin\u0101mi dal\u012bbnieki un s\u0101kuma datums<\/a>&nbsp;&nbsp;Lente.lv<\/li>\n<li><a href=\"https:\/\/news.google.com\/rss\/articles\/CBMixgFBVV95cUxOYngwYzNvRUtfd09VVTIzQ2ZhVkpTM3dXa0ZBdHljU2c2X0ZybG53VzVhOEdLNnd5VnFFaHpmU01mRDFGaGlhdXd6Mnh3REoxWGNldUotTktLREYzU2phUlFsUTg3VFZTNi10THU1QlV6ZGxUUkU4MVBUdjdTcVcyTDRjbjNuYkx5Q3ZNN2l3YlNBRHRiSVBtVjNkZENYM3lpZ2NoM3pnbnNJaDdwaGttTWhxM3lTWk9UcjQtMllKeENod21JdFE?oc=5\" target=\"_blank\" rel=\"nofollow noopener\">Kl\u0101t muzik\u0101l\u0101 \u0161ova \u00abP\u0101rdziedi mani!\u00bb otr\u0101 sezona! Zin\u0101mi asto\u0146i jaun\u0101s sezonas dal\u012bbnieki<\/a>&nbsp;&nbsp;Inbox.lv<\/li>\n<\/ol>\n","protected":false},"excerpt":{"rendered":"TV ekr\u0101nos atgrie\u017eas muzik\u0101li izklaid\u0113jo\u0161ais \u0161ovs &#8220;P\u0101rdziedi mani!&#8221;&nbsp;&nbsp;Sejas.lv Kl\u0101t muzik\u0101l\u0101 \u0161ova \u00abP\u0101rdziedi mani!\u00bb otr\u0101 sezona! Zin\u0101mi asto\u0146i jaun\u0101s&hellip;\n","protected":false},"author":2,"featured_media":34428,"comment_status":"","ping_status":"","sticky":false,"template":"","format":"standard","meta":{"footnotes":""},"categories":[19],"tags":[10209,89,90,35,39,38,36,37,34,40],"class_list":{"0":"post-34427","1":"post","2":"type-post","3":"status-publish","4":"format-standard","5":"has-post-thumbnail","7":"category-izklaide","8":"tag-pardziedi-mani","9":"tag-entertainment","10":"tag-izklaide","11":"tag-latvia","12":"tag-latvian","13":"tag-latviesu","14":"tag-latviesu-valoda","15":"tag-latviesuvaloda","16":"tag-latvija","17":"tag-lv"},"share_on_mastodon":{"url":"https:\/\/pubeurope.com\/@lv\/115458099319016332","error":""},"_links":{"self":[{"href":"https:\/\/www.europesays.com\/lv\/wp-json\/wp\/v2\/posts\/34427","targetHints":{"allow":["GET"]}}],"collection":[{"href":"https:\/\/www.europesays.com\/lv\/wp-json\/wp\/v2\/posts"}],"about":[{"href":"https:\/\/www.europesays.com\/lv\/wp-json\/wp\/v2\/types\/post"}],"author":[{"embeddable":true,"href":"https:\/\/www.europesays.com\/lv\/wp-json\/wp\/v2\/users\/2"}],"replies":[{"embeddable":true,"href":"https:\/\/www.europesays.com\/lv\/wp-json\/wp\/v2\/comments?post=34427"}],"version-history":[{"count":0,"href":"https:\/\/www.europesays.com\/lv\/wp-json\/wp\/v2\/posts\/34427\/revisions"}],"wp:featuredmedia":[{"embeddable":true,"href":"https:\/\/www.europesays.com\/lv\/wp-json\/wp\/v2\/media\/34428"}],"wp:attachment":[{"href":"https:\/\/www.europesays.com\/lv\/wp-json\/wp\/v2\/media?parent=34427"}],"wp:term":[{"taxonomy":"category","embeddable":true,"href":"https:\/\/www.europesays.com\/lv\/wp-json\/wp\/v2\/categories?post=34427"},{"taxonomy":"post_tag","embeddable":true,"href":"https:\/\/www.europesays.com\/lv\/wp-json\/wp\/v2\/tags?post=34427"}],"curies":[{"name":"wp","href":"https:\/\/api.w.org\/{rel}","templated":true}]}}