{"id":34429,"date":"2025-10-29T15:21:07","date_gmt":"2025-10-29T15:21:07","guid":{"rendered":"https:\/\/www.europesays.com\/lv\/34429\/"},"modified":"2025-10-29T15:21:07","modified_gmt":"2025-10-29T15:21:07","slug":"modra-sunu-tragedija-aizgajusi-lidz-saeimai-iekslietu-ministra-kozlovska-atbilde-raisa-jautajumus","status":"publish","type":"post","link":"https:\/\/www.europesays.com\/lv\/34429\/","title":{"rendered":"Modra su\u0146u tra\u0123\u0113dija aizg\u0101jusi l\u012bdz Saeimai: iek\u0161lietu ministra Kozlovska atbilde raisa jaut\u0101jumus"},"content":{"rendered":"<p>    <img decoding=\"async\" src=\"https:\/\/www.europesays.com\/lv\/wp-content\/uploads\/2025\/10\/73392962-7fb8-4f72-881b-3651d98b5f90-1024x683.jpg\" alt=\"&#10;Protests Modra atbalstam  Bausk\u0101&#10;\"\/><\/p>\n<p>Protests Modra atbalstam  Bausk\u0101<\/p>\n<p>Foto. LETA\/Ieva Leini\u0161a. Kol\u0101\u017ea LA.lv\n<\/p>\n<p>Ministram k\u0101 amatpersonai nav pie\u0161\u0137irtas pilnvaras uzdot veikt procesu\u0101l\u0101s darb\u012bbas vai uzraudz\u012bt krimin\u0101lprocesu, teikts iek\u0161lietu ministra Riharda Kozlovska (JV) atbild\u0113 Saeimas Piepras\u012bjumu komisijai, kur\u0101 tre\u0161dien tika skat\u012bts partijas \u201cLatvija pirmaj\u0101 viet\u0101\u201d deput\u0101tu piepras\u012bjums par Valsts policijas (VP) atbild\u012bbu saist\u012bb\u0101 ar tr\u012bs su\u0146u no\u0161au\u0161anu Bauskas novada Brunavas pagast\u0101.<\/p>\n<p>        Las\u012bt\u0101kie<br \/>\n        <a data-imagesrc=\"{&quot;300&quot;:&quot;https:\\\/\\\/lastatic.ams3.cdn.digitaloceanspaces.com\\\/2022\\\/11\\\/0A0A5710-300x200.jpg&quot;,&quot;1024&quot;:&quot;https:\\\/\\\/lastatic.ams3.cdn.digitaloceanspaces.com\\\/2022\\\/11\\\/0A0A5710-1024x683.jpg&quot;,&quot;768&quot;:&quot;https:\\\/\\\/lastatic.ams3.cdn.digitaloceanspaces.com\\\/2022\\\/11\\\/0A0A5710-768x512.jpg&quot;,&quot;200&quot;:&quot;https:\\\/\\\/lastatic.ams3.cdn.digitaloceanspaces.com\\\/2022\\\/11\\\/0A0A5710-200x133.jpg&quot;,&quot;400&quot;:&quot;https:\\\/\\\/lastatic.ams3.cdn.digitaloceanspaces.com\\\/2022\\\/11\\\/0A0A5710-400x267.jpg&quot;,&quot;500&quot;:&quot;https:\\\/\\\/lastatic.ams3.cdn.digitaloceanspaces.com\\\/2022\\\/11\\\/0A0A5710-500x333.jpg&quot;,&quot;800&quot;:&quot;https:\\\/\\\/lastatic.ams3.cdn.digitaloceanspaces.com\\\/2022\\\/11\\\/0A0A5710-800x533.jpg&quot;,&quot;1000&quot;:&quot;https:\\\/\\\/lastatic.ams3.cdn.digitaloceanspaces.com\\\/2022\\\/11\\\/0A0A5710-1000x667.jpg&quot;,&quot;1200&quot;:&quot;https:\\\/\\\/lastatic.ams3.cdn.digitaloceanspaces.com\\\/2022\\\/11\\\/0A0A5710.jpg&quot;}\" data-focuspoint=\"&quot;&quot;\" data-p=\"2457169\" href=\"https:\/\/www.la.lv\/vispar-vajadzetu-aizliegt-donu-un-vina-jauno-dziesmu-muzika-jaunakais-veikums-izraisa-negaiditu-sabiedribas-reakciju\" class=\"content-item lazy-load\" wp_automatic_readability=\"26.5\" rel=\"nofollow noopener\" target=\"_blank\"><\/p>\n<p>                                <img decoding=\"async\" src=\"\" alt=\"\" style=\"\" data-imageid=\"\"\/><\/p>\n<p>                                Kokteilis<\/p>\n<p>                                            \u201cVisp\u0101r vajadz\u0113tu aizliegt Donu un vi\u0146a jauno dziesmu\u2026\u201d M\u016bzi\u0137a jaun\u0101kais veikums izraisa negaid\u012btu sabiedr\u012bbas reakciju\n                            <\/p>\n<p><\/a><a data-imagesrc=\"{&quot;300&quot;:&quot;https:\\\/\\\/lastatic.ams3.cdn.digitaloceanspaces.com\\\/2025\\\/10\\\/kremlis-300x188.png&quot;,&quot;1024&quot;:&quot;https:\\\/\\\/lastatic.ams3.cdn.digitaloceanspaces.com\\\/2025\\\/10\\\/kremlis-1024x640.png&quot;,&quot;1536&quot;:&quot;https:\\\/\\\/lastatic.ams3.cdn.digitaloceanspaces.com\\\/2025\\\/10\\\/kremlis-1536x960.png&quot;,&quot;500&quot;:&quot;https:\\\/\\\/lastatic.ams3.cdn.digitaloceanspaces.com\\\/2025\\\/10\\\/kremlis-500x313.png&quot;,&quot;800&quot;:&quot;https:\\\/\\\/lastatic.ams3.cdn.digitaloceanspaces.com\\\/2025\\\/10\\\/kremlis-800x500.png&quot;,&quot;1600&quot;:&quot;https:\\\/\\\/lastatic.ams3.cdn.digitaloceanspaces.com\\\/2025\\\/10\\\/kremlis.png&quot;}\" data-focuspoint=\"&quot;&quot;\" data-p=\"2456986\" href=\"https:\/\/www.la.lv\/tas-pats-notika-ar-prigozinu-kremli-briest-kaut-kas-vel-interesantaks-par-dumpi-vai-sazverestibu\" class=\"content-item lazy-load\" wp_automatic_readability=\"26.5\" rel=\"nofollow noopener\" target=\"_blank\"><\/p>\n<p>                                <img decoding=\"async\" src=\"\" alt=\"\" style=\"\" data-imageid=\"\"\/><\/p>\n<p>                                            Tas pats notika ar Prigo\u017einu: Kreml\u012b briest kaut kas v\u0113l interesant\u0101ks par dumpi vai sazv\u0113rest\u012bbu\n                            <\/p>\n<p><\/a><a data-imagesrc=\"{&quot;300&quot;:&quot;https:\\\/\\\/lastatic.ams3.cdn.digitaloceanspaces.com\\\/2019\\\/10\\\/skorpions2-300x196.jpg&quot;,&quot;768&quot;:&quot;https:\\\/\\\/lastatic.ams3.cdn.digitaloceanspaces.com\\\/2019\\\/10\\\/skorpions2-768x501.jpg&quot;,&quot;1024&quot;:&quot;https:\\\/\\\/lastatic.ams3.cdn.digitaloceanspaces.com\\\/2019\\\/10\\\/skorpions2-1024x668.jpg&quot;,&quot;200&quot;:&quot;https:\\\/\\\/lastatic.ams3.cdn.digitaloceanspaces.com\\\/2019\\\/10\\\/skorpions2-200x131.jpg&quot;,&quot;400&quot;:&quot;https:\\\/\\\/lastatic.ams3.cdn.digitaloceanspaces.com\\\/2019\\\/10\\\/skorpions2-400x261.jpg&quot;,&quot;500&quot;:&quot;https:\\\/\\\/lastatic.ams3.cdn.digitaloceanspaces.com\\\/2019\\\/10\\\/skorpions2-500x326.jpg&quot;,&quot;800&quot;:&quot;https:\\\/\\\/lastatic.ams3.cdn.digitaloceanspaces.com\\\/2019\\\/10\\\/skorpions2-800x522.jpg&quot;,&quot;1000&quot;:&quot;https:\\\/\\\/lastatic.ams3.cdn.digitaloceanspaces.com\\\/2019\\\/10\\\/skorpions2-1000x653.jpg&quot;,&quot;1290&quot;:&quot;https:\\\/\\\/lastatic.ams3.cdn.digitaloceanspaces.com\\\/2019\\\/10\\\/skorpions2.jpg&quot;}\" data-focuspoint=\"&quot;&quot;\" data-p=\"1443940\" href=\"https:\/\/www.la.lv\/3-specigas-raganas-saskana-ar-zodiaka-zimi-strideties-ar-vinam-ir-bistami\" class=\"content-item lazy-load\" wp_automatic_readability=\"26\" rel=\"nofollow noopener\" target=\"_blank\"><\/p>\n<p>                                <img decoding=\"async\" src=\"\" alt=\"\" style=\"\" data-imageid=\"\"\/><\/p>\n<p>                                Kokteilis<\/p>\n<p>\n                                                3 sp\u0113c\u012bgas raganas saska\u0146\u0101 ar zodiaka z\u012bmi: str\u012bd\u0113ties ar vi\u0146\u0101m ir b\u012bstami\n                            <\/p>\n<p><\/a><br \/>\n        <a class=\"read-more\" href=\"https:\/\/www.la.lv\/top\" rel=\"nofollow noopener\" target=\"_blank\">Las\u012bt citas zi\u0146as<\/a><\/p>\n<p>Kozlovskis nor\u0101d\u012bjis, ka saska\u0146\u0101 ar Krimin\u0101lprocesa likumu iek\u0161lietu ministram nav pilnvaru uzdot vai uzraudz\u012bt krimin\u0101lprocesu. Likums nosaka, ka amatpersonai, kura pilnvarota veikt krimin\u0101lprocesu, ir pien\u0101kums to uzs\u0101kt, ja ir pamats.<\/p>\n<p>Konkr\u0113taj\u0101 gad\u012bjum\u0101 uz notikuma vietu esot nekav\u0113joties nos\u016bt\u012bts policijas nor\u012bkojums, veikta apskate un sav\u0101kti pier\u0101d\u012bjumi. Izmekl\u0113\u0161ana turpin\u0101s, un tiek veiktas nepiecie\u0161am\u0101s darb\u012bbas. Vienlaikus ir s\u0101kta dienesta p\u0101rbaude, lai izv\u0113rt\u0113tu policijas amatpersonu r\u012bc\u012bbu, teikts ministra atbild\u0113.<\/p>\n<p>    CITI \u0160OBR\u012aD LASA<\/p>\n<p>Kozlovskis uzsv\u0113ris, ka nav pamata uzskat\u012bt, ka policija b\u016btu r\u012bkojusies nov\u0113loti vai neatbilsto\u0161i. Sabiedr\u012bbas satraukums ir saprotams, ta\u010du izmekl\u0113\u0161ana netiek veikta publiski. Tikl\u012bdz b\u016bs iesp\u0113jams, policija sniegs pla\u0161\u0101ku inform\u0101ciju par izmekl\u0113\u0161anas gaitu un pie\u0146emtajiem l\u0113mumiem, sola ministrs.<\/p>\n<p>Vi\u0146\u0161 paudis p\u0101rliec\u012bbu, ka policija nodro\u0161in\u0101s vispus\u012bgu un objekt\u012bvu notiku\u0161\u0101 izmekl\u0113\u0161anu.<\/p>\n<p>Jau v\u0113st\u012bts, ka deput\u0101tu piepras\u012bjum\u0101 Ministru prezidentei Evikai Sili\u0146ai (JV) uzsv\u0113rts, ka notikums ir izrais\u012bjis pla\u0161u rezonansi un emocion\u0101lu satricin\u0101jumu, ta\u010du valsts instit\u016bciju reakcija esot bijusi nov\u0113lota, neskaidra un pretrun\u012bga. Piepras\u012bjum\u0101 tiek izcelta nepiecie\u0161am\u012bba p\u0113c caursp\u012bd\u012bgas, profesion\u0101las un operat\u012bvas r\u012bc\u012bbas, kas \u0161aj\u0101 gad\u012bjum\u0101 neesot nodro\u0161in\u0101ta.<\/p>\n<p>Politi\u0137i prasa atbild\u0113t uz da\u017e\u0101diem jaut\u0101jumiem, tostarp par amatpersonu r\u012bc\u012bbu, krimin\u0101lprocesa s\u0101k\u0161anas savlaic\u012bgumu un pier\u0101d\u012bjumu fiks\u0113\u0161anu un citiem.<\/p>\n<p>T\u0101pat zi\u0146ots, ka \u0161ogad 10. oktobr\u012b, p\u0113c pa\u0161vald\u012bb\u0101 skaidrot\u0101, novada pa\u0161vald\u012bbas policija sa\u0146\u0113ma izsaukumu par tr\u012bs agres\u012bvi noska\u0146otiem klai\u0146ojo\u0161iem su\u0146iem, kuri priv\u0101t\u012bpa\u0161um\u0101 Bauskas novada Brunavas pagast\u0101 apdraud\u0113ja saimnieci. Pa\u0161vald\u012bbas policijas de\u017e\u016brda\u013ca sazin\u0101j\u0101s ar \u201cDz\u012bvnieku gl\u0101b\u0161anas dienestu\u201d \u2013 dz\u012bvnieku \u0137\u0113r\u0101jiem, ta\u010du mednieku kolekt\u012bva p\u0101rst\u0101vis esot ieradies pirms dz\u012bvnieku \u0137\u0113r\u0101jiem un su\u0146us no\u0161\u0101vis.<\/p>\n<p>Par notiku\u0161o VP s\u0101kts krimin\u0101lprocess p\u0113c Krimin\u0101llikuma 230. panta 2. da\u013cas par cietsird\u012bgu iztur\u0113\u0161anos pret dz\u012bvniekiem. Par \u0161\u0101du nodar\u012bjumu var sod\u012bt ar br\u012bv\u012bbas at\u0146em\u0161anu uz laiku l\u012bdz pieciem gadiem, \u012bslaic\u012bgu br\u012bv\u012bbas at\u0146em\u0161anu vai prob\u0101cijas uzraudz\u012bbu, at\u0146emot ties\u012bbas uz noteiktu vai visu sugu dz\u012bvnieku tur\u0113\u0161anu uz laiku l\u012bdz pieciem gadiem.<\/p>\n<p>Pa\u0161vald\u012bbas policij\u0101 ir s\u0101ktas divas administrat\u012bv\u0101s lietved\u012bbas \u2013 saist\u012bb\u0101 ar stirnas non\u0101v\u0113\u0161anu, ko izdar\u012bja su\u0146i, k\u0101 ar\u012b par to, ka tika pie\u013cauta dz\u012bvnieku klai\u0146o\u0161ana.<\/p>\n<p>Uz dienesta p\u0101rbaudes laiku pa\u0161vald\u012bbas policijas priek\u0161nieks Eg\u012bls Gailis ir atst\u0101din\u0101ts no amata pien\u0101kumu pild\u012b\u0161anas.<\/p>\n<p>Vienlaikus Bauskas novada pa\u0161vald\u012bbas policija ir v\u0113rsusies Iek\u0161\u0113j\u0101 dro\u0161\u012bbas biroj\u0101, VP un Iek\u0161lietu ministrijas Inform\u0101cijas centr\u0101 saist\u012bb\u0101 ar datu nopl\u016bdi.<\/p>\n<p>Uz\u0146\u0113m\u0113js Modris Konovalovs, kur\u0161 ir saimniec\u012bbas \u201cModra olas\u201d \u012bpa\u0161nieks, soci\u0101lajos t\u012bklos ir pazi\u0146ojis, ka dz\u012bvnieki pieder\u0113ja vi\u0146am.<\/p>\n<p>T\u0113mas<\/p>\n<p>    SAIST\u012aTIE RAKSTI<\/p>\n","protected":false},"excerpt":{"rendered":"Protests Modra atbalstam Bausk\u0101 Foto. LETA\/Ieva Leini\u0161a. Kol\u0101\u017ea LA.lv Ministram k\u0101 amatpersonai nav pie\u0161\u0137irtas pilnvaras uzdot veikt procesu\u0101l\u0101s&hellip;\n","protected":false},"author":2,"featured_media":34430,"comment_status":"","ping_status":"","sticky":false,"template":"","format":"standard","meta":{"footnotes":""},"categories":[12],"tags":[23,28,29,32,33,22,30,31,35,39,38,36,37,34,40,20,26,27,24,25,21],"class_list":{"0":"post-34429","1":"post","2":"type-post","3":"status-publish","4":"format-standard","5":"has-post-thumbnail","7":"category-latvija","8":"tag-aktualitates","9":"tag-breaking-news","10":"tag-breakingnews","11":"tag-featured-news","12":"tag-featurednews","13":"tag-headlines","14":"tag-latest-news","15":"tag-latestnews","16":"tag-latvia","17":"tag-latvian","18":"tag-latviesu","19":"tag-latviesu-valoda","20":"tag-latviesuvaloda","21":"tag-latvija","22":"tag-lv","23":"tag-news","24":"tag-popularakas-zinas","25":"tag-popularakaszinas","26":"tag-top-stories","27":"tag-topstories","28":"tag-zinas"},"share_on_mastodon":{"url":"https:\/\/pubeurope.com\/@lv\/115458138670246124","error":""},"_links":{"self":[{"href":"https:\/\/www.europesays.com\/lv\/wp-json\/wp\/v2\/posts\/34429","targetHints":{"allow":["GET"]}}],"collection":[{"href":"https:\/\/www.europesays.com\/lv\/wp-json\/wp\/v2\/posts"}],"about":[{"href":"https:\/\/www.europesays.com\/lv\/wp-json\/wp\/v2\/types\/post"}],"author":[{"embeddable":true,"href":"https:\/\/www.europesays.com\/lv\/wp-json\/wp\/v2\/users\/2"}],"replies":[{"embeddable":true,"href":"https:\/\/www.europesays.com\/lv\/wp-json\/wp\/v2\/comments?post=34429"}],"version-history":[{"count":0,"href":"https:\/\/www.europesays.com\/lv\/wp-json\/wp\/v2\/posts\/34429\/revisions"}],"wp:featuredmedia":[{"embeddable":true,"href":"https:\/\/www.europesays.com\/lv\/wp-json\/wp\/v2\/media\/34430"}],"wp:attachment":[{"href":"https:\/\/www.europesays.com\/lv\/wp-json\/wp\/v2\/media?parent=34429"}],"wp:term":[{"taxonomy":"category","embeddable":true,"href":"https:\/\/www.europesays.com\/lv\/wp-json\/wp\/v2\/categories?post=34429"},{"taxonomy":"post_tag","embeddable":true,"href":"https:\/\/www.europesays.com\/lv\/wp-json\/wp\/v2\/tags?post=34429"}],"curies":[{"name":"wp","href":"https:\/\/api.w.org\/{rel}","templated":true}]}}