{"id":34431,"date":"2025-10-29T15:22:06","date_gmt":"2025-10-29T15:22:06","guid":{"rendered":"https:\/\/www.europesays.com\/lv\/34431\/"},"modified":"2025-10-29T15:22:06","modified_gmt":"2025-10-29T15:22:06","slug":"stambulas-konvencijas-epopeja-ir-saridijusi-politikus-saeimas-komisijas-sede-emocijas-iet-pari-malam","status":"publish","type":"post","link":"https:\/\/www.europesays.com\/lv\/34431\/","title":{"rendered":"Stambulas konvencijas epopeja ir sar\u012bdijusi politi\u0137us \u2013 Saeimas komisijas s\u0113d\u0113 emocijas iet p\u0101ri mal\u0101m"},"content":{"rendered":"<p>Turpinot izskat\u012bt pirms gal\u012bg\u0101 las\u012bjuma iesniegtos priek\u0161likums, visas\u0101ko v\u0101rdu apmai\u0146u tre\u0161dien izrais\u012bja \u201cJaun\u0101s Vienot\u012bbas\u201d ierosin\u0101jums izst\u0101\u0161anos nosl\u0113gt tikai p\u0113c dro\u0161\u012bbas iest\u0101\u017eu atzinuma, vai \u0161aj\u0101 proces\u0101 nav konstat\u0113ta Krievijas ietekme.<\/p>\n<p>\u201cKol\u0113\u0123i, \u012bpa\u0161i visi no patriotiskaj\u0101m partij\u0101m, es aicin\u0101tu \u0161aj\u0101 br\u012bd\u012b attapties un nespert \u0161o soli, kas \u013coti patiktu Kremlim,\u201d aicin\u0101ja \u201cJaun\u0101s Vienot\u012bbas\u201d Saeimas frakcijas vad\u012bt\u0101js Edmunds Jur\u0113vics.<\/p>\n<p>Uz to \u201cApvienot\u0101 saraksta\u201d deput\u0101ts Edvards Smilt\u0113ns jaut\u0101ja: \u201cVai m\u016bsu specdienestu iesaiste politiskaj\u0101s sp\u0113l\u0113s ir adekv\u0101ts solis no premjera partijas?\u201d<\/p>\n<p>Smilt\u0113ns p\u0113c br\u012b\u017ea turpin\u0101ja: \u201cManupr\u0101t, tas p\u0101rk\u0101pj visas sarkan\u0101s l\u012bnijas. Tas vienk\u0101r\u0161i ir neadekv\u0101ti un nepiedien\u012bgi premjera partijai.\u201d<\/p>\n<p>Uz to Jur\u0113vics vi\u0146am atbild\u0113ja \u0161\u0101di: \u201cEs dom\u0101ju, kol\u0113\u0123i, ka ir\u00a0 diezgan neadekv\u0101ti, ka Latvijas parlamenta vair\u0101kums \u0161obr\u012bd m\u0113\u0123ina izst\u0101ties no konvencijas, kas ir pret vardarb\u012bbu pret sieviet\u0113m un \u0123imen\u0113. Paldies!\u201d<\/p>\n<p class=\"ad-desc ad-desc-main\">Saturs turpin\u0101s p\u0113c rekl\u0101mas<\/p>\n<p class=\"ad-desc ad-desc-sec\">Rekl\u0101ma<\/p>\n<p>\u0160aj\u0101 diskusij\u0101 iesaist\u012bj\u0101s ar\u012b Saeimas \u0100rlietu komisijas vad\u012bt\u0101ja In\u0101ra M\u016brniece (NA): \u201cEs tie\u0161\u0101m aicinu j\u016bs p\u0101rdom\u0101t \u0161o priek\u0161likumu. Un p\u0101rdom\u0101t, vai t\u0101ds ir nepiecie\u0161ams. Un dro\u0161i vien, ka j\u016bsu viet\u0101 es to atsauktu. Tas ir \u0101rk\u0101rt\u012bgi jut\u012bgs jaut\u0101jums. Parlament\u0101 to uztver, k\u0101 v\u0113lmi v\u0113rsties pret politiskajiem oponentiem. \u0160is priek\u0161likums ir valdo\u0161\u0101s partijas necien\u012bgs.\u201d<\/p>\n<p>Tik pat lielus str\u012bdus izrais\u012bja \u201cJaun\u0101s Vienot\u012bbas\u201d priek\u0161likums izst\u0101\u0161an\u0101s procesu nosl\u0113gt tikai t\u0101d\u0101 gad\u012bjum\u0101, ja izst\u0101tos ar\u012b Ukraina, kas\u00a0konvenciju ratific\u0113ja dr\u012bz p\u0113c tam, kad Krievija s\u0101ka pilna apm\u0113ra karu.<\/p>\n<p>\u201cKrievi izvaro vi\u0146u sievietes. Un Ukrai\u0146i pie\u0146\u0113ma l\u0113mumu aizsarg\u0101t visas savas sievietes. Un t\u0101 ir visaugst\u0101k\u0101 v\u0113rt\u012bba, k\u0101da visp\u0101r var b\u016bt,\u201d nor\u0101d\u012bja deput\u0101te Irma Kalni\u0146a (JV).<\/p>\n<p>\u201cPavisam god\u012bgi un atkl\u0101ti m\u0113s varam teikt, ka \u2013 j\u0101, \u0161\u0101da priek\u0161likuma atbalst\u012b\u0161ana pat, ja tiek pie\u0146emts likums par denons\u0113\u0161anu faktiski noz\u012bm\u0113tu, ka Latvija turpina palikt konvencij\u0101. Un tas ir m\u016bsu m\u0113r\u0137is \u2013 Latvijai palikt konvencij\u0101. Un ar\u012b m\u0113r\u0137is likt aizdom\u0101ties, ka ir nej\u0113dz\u012bgi Latvijai vien\u012bgajai sevi no t\u0101s izraut \u0101r\u0101,\u201d pauda deput\u0101te Zanda Kalni\u0146a-Luka\u0161evica (JV).<\/p>\n<p>Vi\u0146\u0101m iebilda M\u016brniece: \u201cIelikt \u0161\u0101du argument\u0101ciju un atsauci uz Ukrainas parlamentu, kur\u0161 ir ratific\u0113jis \u0161o konvenciju, es uzskatu, ka ir augst\u0101kaj\u0101 m\u0113r\u0101 nekorekti pret Ukrainu un Ukrainas situ\u0101ciju kar\u0101. Sp\u0113ka pielieto\u0161anas pa\u0146\u0113mieni un roku izgrie\u0161ana tur, kur ir v\u0113rt\u012bbu jaut\u0101jumi un tur, kur ir valsts izdz\u012bvo\u0161anas, past\u0101v\u0113\u0161anas un aizsardz\u012bbas jaut\u0101jums, ir neviet\u0101.\u201d<\/p>\n","protected":false},"excerpt":{"rendered":"Turpinot izskat\u012bt pirms gal\u012bg\u0101 las\u012bjuma iesniegtos priek\u0161likums, visas\u0101ko v\u0101rdu apmai\u0146u tre\u0161dien izrais\u012bja \u201cJaun\u0101s Vienot\u012bbas\u201d ierosin\u0101jums izst\u0101\u0161anos nosl\u0113gt tikai&hellip;\n","protected":false},"author":2,"featured_media":34432,"comment_status":"","ping_status":"","sticky":false,"template":"","format":"standard","meta":{"footnotes":""},"categories":[5],"tags":[23,28,29,32,33,22,30,31,35,39,38,36,37,34,40,20,26,27,2023,24,25,21],"class_list":{"0":"post-34431","1":"post","2":"type-post","3":"status-publish","4":"format-standard","5":"has-post-thumbnail","7":"category-aktualitates","8":"tag-aktualitates","9":"tag-breaking-news","10":"tag-breakingnews","11":"tag-featured-news","12":"tag-featurednews","13":"tag-headlines","14":"tag-latest-news","15":"tag-latestnews","16":"tag-latvia","17":"tag-latvian","18":"tag-latviesu","19":"tag-latviesu-valoda","20":"tag-latviesuvaloda","21":"tag-latvija","22":"tag-lv","23":"tag-news","24":"tag-popularakas-zinas","25":"tag-popularakaszinas","26":"tag-stambulas-konvencija","27":"tag-top-stories","28":"tag-topstories","29":"tag-zinas"},"share_on_mastodon":{"url":"https:\/\/pubeurope.com\/@lv\/115458142554017548","error":""},"_links":{"self":[{"href":"https:\/\/www.europesays.com\/lv\/wp-json\/wp\/v2\/posts\/34431","targetHints":{"allow":["GET"]}}],"collection":[{"href":"https:\/\/www.europesays.com\/lv\/wp-json\/wp\/v2\/posts"}],"about":[{"href":"https:\/\/www.europesays.com\/lv\/wp-json\/wp\/v2\/types\/post"}],"author":[{"embeddable":true,"href":"https:\/\/www.europesays.com\/lv\/wp-json\/wp\/v2\/users\/2"}],"replies":[{"embeddable":true,"href":"https:\/\/www.europesays.com\/lv\/wp-json\/wp\/v2\/comments?post=34431"}],"version-history":[{"count":0,"href":"https:\/\/www.europesays.com\/lv\/wp-json\/wp\/v2\/posts\/34431\/revisions"}],"wp:featuredmedia":[{"embeddable":true,"href":"https:\/\/www.europesays.com\/lv\/wp-json\/wp\/v2\/media\/34432"}],"wp:attachment":[{"href":"https:\/\/www.europesays.com\/lv\/wp-json\/wp\/v2\/media?parent=34431"}],"wp:term":[{"taxonomy":"category","embeddable":true,"href":"https:\/\/www.europesays.com\/lv\/wp-json\/wp\/v2\/categories?post=34431"},{"taxonomy":"post_tag","embeddable":true,"href":"https:\/\/www.europesays.com\/lv\/wp-json\/wp\/v2\/tags?post=34431"}],"curies":[{"name":"wp","href":"https:\/\/api.w.org\/{rel}","templated":true}]}}