{"id":34433,"date":"2025-10-29T15:28:10","date_gmt":"2025-10-29T15:28:10","guid":{"rendered":"https:\/\/www.europesays.com\/lv\/34433\/"},"modified":"2025-10-29T15:28:10","modified_gmt":"2025-10-29T15:28:10","slug":"zimola-amoralle-ipasnieces-uznemumam-valsts-ienemumu-dienests-uzlicis-jaunu-ierobezojumu","status":"publish","type":"post","link":"https:\/\/www.europesays.com\/lv\/34433\/","title":{"rendered":"Z\u012bmola &#8220;Amoralle&#8221; \u012bpa\u0161nieces uz\u0146\u0113mumam Valsts ie\u0146\u0113mumu dienests uzlicis jaunu ierobe\u017eojumu"},"content":{"rendered":"<p>Ap\u0123\u0113rbu z\u012bmola &#8220;Amoralle&#8221; \u012bpa\u0161niecei <a rel=\"noopener nofollow\" target=\"_blank\" href=\"https:\/\/company.lursoft.lv\/glamoralle\/40103824697\" data-rel-date-range=\"[]\">SIA &#8220;Glamoralle<\/a>&#8221; re\u0123istr\u0113ts \u0161ogad jau ceturtais nodro\u0161in\u0101jums, liecina &#8220;Lursoft IT&#8221; dati. Tie r\u0101da, ka gan iepriek\u0161 re\u0123istr\u0113tie un jau atceltie, gan ar\u012b vakar piem\u0113rotais nodro\u0161in\u0101jums liedz uz\u0146\u0113mumam re\u0123istr\u0113t komerc\u0137\u012blas, t\u0101s p\u0101rjaunot un groz\u012bt. Lieguma piem\u0113rot\u0101ja ir Valsts ie\u0146\u0113mumu dienesta Nodok\u013cu nomaksas veicin\u0101\u0161anas p\u0101rvalde.<\/p>\n<p>&#8220;Lursoft Klientu portfelis&#8221; zi\u0146o, ka SIA &#8220;Glamoralle&#8221; ir viena akt\u012bva komerc\u0137\u012bla. T\u0101 re\u0123istr\u0113ta 2018. gad\u0101, uz\u0146\u0113mumam ie\u0137\u012bl\u0101jot savas pras\u012bjuma ties\u012bbas, \u0137ermeniskos pamatl\u012bdzek\u013cus, nemateri\u0101los ieguld\u012bjumus, kr\u0101jumus, k\u0101 ar\u012b pajas, akcijas un oblig\u0101cijas, uz\u0146\u0113mumu k\u0101 lietu kop\u012bbu. Akt\u012bv\u0101s komerc\u0137\u012blas nodro\u0161in\u0101t\u0101 pras\u012bjuma maksim\u0101l\u0101 summa ir 154 t\u016bksto\u0161i eiro.<\/p>\n<p class=\"MsoNormal\">2023. gad\u0101 SIA &#8220;Glamoralle&#8221; apgroz\u012bjums samazin\u0101j\u0101s l\u012bdz 764,39 t\u016bksto\u0161iem eiro (-17,72% pret 2022. gadu, -45,79% pret 2019. gadu), finan\u0161u gadu uz\u0146\u0113mumam nosl\u0113dzot ar 280,97 t\u016bksto\u0161u eiro zaud\u0113jumiem.<\/p>\n<p class=\"m-0\">Seko &#8220;Delfi&#8221; ar\u012b  <a target=\"_blank\" href=\"https:\/\/www.instagram.com\/delfi.lv\/\" rel=\"nofollow noopener\">Instagram<\/a>  un <a target=\"_blank\" href=\"https:\/\/www.youtube.com\/channel\/UCw5foWtcJvAbUm64rv7jwUQ\" rel=\"nofollow noopener\">YouTube<\/a>  profil\u0101 \u2013 pievienojies, lai uzzin\u0101tu svar\u012bg\u0101ko un interesant\u0101ko pirmais!<\/p>\n<p>Publik\u0101cijas saturs vai t\u0101s jebk\u0101da apjoma da\u013ca ir aizsarg\u0101ts autorties\u012bbu objekts Autorties\u012bbu likuma izpratn\u0113, un t\u0101 izmanto\u0161ana bez izdev\u0113ja at\u013caujas ir aizliegta. Vair\u0101k lasi  <a target=\"_blank\" href=\"https:\/\/www.delfi.lv\/noteikumi#autortiesibas\" rel=\"nofollow noopener\">\u0161eit<\/a><script async src=\"\/\/www.instagram.com\/embed.js\"><\/script><\/p>\n","protected":false},"excerpt":{"rendered":"Ap\u0123\u0113rbu z\u012bmola &#8220;Amoralle&#8221; \u012bpa\u0161niecei SIA &#8220;Glamoralle&#8221; re\u0123istr\u0113ts \u0161ogad jau ceturtais nodro\u0161in\u0101jums, liecina &#8220;Lursoft IT&#8221; dati. Tie r\u0101da, ka&hellip;\n","protected":false},"author":2,"featured_media":34434,"comment_status":"","ping_status":"","sticky":false,"template":"","format":"standard","meta":{"footnotes":""},"categories":[5],"tags":[23,28,29,32,33,22,30,31,35,39,38,36,37,34,40,20,26,27,24,25,21],"class_list":{"0":"post-34433","1":"post","2":"type-post","3":"status-publish","4":"format-standard","5":"has-post-thumbnail","7":"category-aktualitates","8":"tag-aktualitates","9":"tag-breaking-news","10":"tag-breakingnews","11":"tag-featured-news","12":"tag-featurednews","13":"tag-headlines","14":"tag-latest-news","15":"tag-latestnews","16":"tag-latvia","17":"tag-latvian","18":"tag-latviesu","19":"tag-latviesu-valoda","20":"tag-latviesuvaloda","21":"tag-latvija","22":"tag-lv","23":"tag-news","24":"tag-popularakas-zinas","25":"tag-popularakaszinas","26":"tag-top-stories","27":"tag-topstories","28":"tag-zinas"},"share_on_mastodon":{"url":"https:\/\/pubeurope.com\/@lv\/115458166300004985","error":""},"_links":{"self":[{"href":"https:\/\/www.europesays.com\/lv\/wp-json\/wp\/v2\/posts\/34433","targetHints":{"allow":["GET"]}}],"collection":[{"href":"https:\/\/www.europesays.com\/lv\/wp-json\/wp\/v2\/posts"}],"about":[{"href":"https:\/\/www.europesays.com\/lv\/wp-json\/wp\/v2\/types\/post"}],"author":[{"embeddable":true,"href":"https:\/\/www.europesays.com\/lv\/wp-json\/wp\/v2\/users\/2"}],"replies":[{"embeddable":true,"href":"https:\/\/www.europesays.com\/lv\/wp-json\/wp\/v2\/comments?post=34433"}],"version-history":[{"count":0,"href":"https:\/\/www.europesays.com\/lv\/wp-json\/wp\/v2\/posts\/34433\/revisions"}],"wp:featuredmedia":[{"embeddable":true,"href":"https:\/\/www.europesays.com\/lv\/wp-json\/wp\/v2\/media\/34434"}],"wp:attachment":[{"href":"https:\/\/www.europesays.com\/lv\/wp-json\/wp\/v2\/media?parent=34433"}],"wp:term":[{"taxonomy":"category","embeddable":true,"href":"https:\/\/www.europesays.com\/lv\/wp-json\/wp\/v2\/categories?post=34433"},{"taxonomy":"post_tag","embeddable":true,"href":"https:\/\/www.europesays.com\/lv\/wp-json\/wp\/v2\/tags?post=34433"}],"curies":[{"name":"wp","href":"https:\/\/api.w.org\/{rel}","templated":true}]}}