{"id":34439,"date":"2025-10-29T15:34:09","date_gmt":"2025-10-29T15:34:09","guid":{"rendered":"https:\/\/www.europesays.com\/lv\/34439\/"},"modified":"2025-10-29T15:34:09","modified_gmt":"2025-10-29T15:34:09","slug":"kubu-sasniegusi-melisa-specigaka-vetra-kada-skarusi-tas-teritoriju","status":"publish","type":"post","link":"https:\/\/www.europesays.com\/lv\/34439\/","title":{"rendered":"Kubu sasniegusi &#8220;Melisa&#8221; \u2013 sp\u0113c\u012bg\u0101k\u0101 v\u0113tra, k\u0101da sk\u0101rusi t\u0101s teritoriju"},"content":{"rendered":"<p>Kub\u0101 evaku\u0113ti simtiem t\u016bksto\u0161u cilv\u0113ku, un Santjago de Kubas, Granmas, Gvantanamo, Olginas un Lastunasas provinc\u0113s izsludin\u0101ts br\u012bdin\u0101jums par viesu\u013cv\u0113tru. Meteorologi prognoz\u0113 sp\u0113c\u012bgu lietu un zemes nogruvumus.<\/p>\n<p>Kubas prezidents Migels Diass-Kanels nor\u0101d\u012bja, ka &#8220;Melisa&#8221; ir sp\u0113c\u012bg\u0101k\u0101 v\u0113tra, k\u0101da sk\u0101rusi Kubas teritoriju.<\/p>\n<p>&#8220;Melisa&#8221; iepriek\u0161 sk\u0101ra Jamaiku, Haiti un Dominik\u0101nu. Jamaikai t\u0101 tuvoj\u0101s k\u0101 piekt\u0101s kategorijas viesu\u013cv\u0113tra, draudot k\u013c\u016bt par sp\u0113c\u012bg\u0101ko l\u012bdz \u0161im Jamaik\u0101 pieredz\u0113to ork\u0101nu.<\/p>\n<p>Meteorologi prognoz\u0113, ka &#8220;Melisa&#8221; \u0161or\u012bt \u0161\u0137\u0113rsos Kubu un vakarpus\u0113 sasniegs Bahamu salas.<\/p>\n<p>Sasniedzot Jamaiku, &#8220;Melisas&#8221; maksim\u0101lais v\u0113ja \u0101trums bija 295 kilometri stund\u0101 (82 metri sekund\u0113), bet \u0161or\u012bt tas bija vairs tikai 193 kilometri stund\u0101 (54 metri sekund\u0113).<\/p>\n<p>Jamaika v\u0113l nav nov\u0113rt\u0113jusi v\u0113tras post\u012bjumus, bet pien\u0101k zi\u0146as, ka smagi cietusi Klerendonas province, valsts dienvidos, un Sentelizabetas province, valsts dienvidrietumos.<\/p>\n<p>V\u0113tra nodar\u012bjusi post\u012bjumus \u010detr\u0101m slimn\u012bc\u0101m, no kur\u0101m viena palikusi bez elektroapg\u0101des, zi\u0146o Jamaikas Katastrofu riska p\u0101rvald\u012bbas padomes amatpersona.<\/p>\n<p>Vis\u0101 valst\u012b izg\u0101zti koki, boj\u0101tas elektroapg\u0101des l\u012bnijas un izc\u0113lu\u0161ies pla\u0161i pl\u016bdi. Otrdienas vakar\u0101 bez elektr\u012bbas bija paliku\u0161i vair\u0101k nek\u0101 pusmiljons klientu.<\/p>\n<p>Vald\u012bba pazi\u0146oja, ka cer jau ceturtdien atkal atv\u0113rt visas Jamaikas lidostas, lai nodro\u0161in\u0101tu \u0101tru neatliekam\u0101s pal\u012bdz\u012bbas izplat\u012b\u0161anu.<\/p>\n<p>&#8220;Melisas&#8221; laup\u012bjusi dz\u012bv\u012bbu jau septi\u0146iem cilv\u0113kiem &#8211; tr\u012bs Jamaik\u0101, tr\u012bs Haiti un vienam Dominik\u0101n\u0101, kur v\u0113l viens cilv\u0113ks joproj\u0101m ir pazudis.<\/p>\n","protected":false},"excerpt":{"rendered":"Kub\u0101 evaku\u0113ti simtiem t\u016bksto\u0161u cilv\u0113ku, un Santjago de Kubas, Granmas, Gvantanamo, Olginas un Lastunasas provinc\u0113s izsludin\u0101ts br\u012bdin\u0101jums par&hellip;\n","protected":false},"author":2,"featured_media":34440,"comment_status":"","ping_status":"","sticky":false,"template":"","format":"standard","meta":{"footnotes":""},"categories":[5],"tags":[23,28,29,32,33,22,4989,30,31,35,39,38,36,37,34,40,20,26,27,24,25,9956,21],"class_list":{"0":"post-34439","1":"post","2":"type-post","3":"status-publish","4":"format-standard","5":"has-post-thumbnail","7":"category-aktualitates","8":"tag-aktualitates","9":"tag-breaking-news","10":"tag-breakingnews","11":"tag-featured-news","12":"tag-featurednews","13":"tag-headlines","14":"tag-kuba","15":"tag-latest-news","16":"tag-latestnews","17":"tag-latvia","18":"tag-latvian","19":"tag-latviesu","20":"tag-latviesu-valoda","21":"tag-latviesuvaloda","22":"tag-latvija","23":"tag-lv","24":"tag-news","25":"tag-popularakas-zinas","26":"tag-popularakaszinas","27":"tag-top-stories","28":"tag-topstories","29":"tag-viesulvetras","30":"tag-zinas"},"share_on_mastodon":{"url":"https:\/\/pubeurope.com\/@lv\/115458189826647002","error":""},"_links":{"self":[{"href":"https:\/\/www.europesays.com\/lv\/wp-json\/wp\/v2\/posts\/34439","targetHints":{"allow":["GET"]}}],"collection":[{"href":"https:\/\/www.europesays.com\/lv\/wp-json\/wp\/v2\/posts"}],"about":[{"href":"https:\/\/www.europesays.com\/lv\/wp-json\/wp\/v2\/types\/post"}],"author":[{"embeddable":true,"href":"https:\/\/www.europesays.com\/lv\/wp-json\/wp\/v2\/users\/2"}],"replies":[{"embeddable":true,"href":"https:\/\/www.europesays.com\/lv\/wp-json\/wp\/v2\/comments?post=34439"}],"version-history":[{"count":0,"href":"https:\/\/www.europesays.com\/lv\/wp-json\/wp\/v2\/posts\/34439\/revisions"}],"wp:featuredmedia":[{"embeddable":true,"href":"https:\/\/www.europesays.com\/lv\/wp-json\/wp\/v2\/media\/34440"}],"wp:attachment":[{"href":"https:\/\/www.europesays.com\/lv\/wp-json\/wp\/v2\/media?parent=34439"}],"wp:term":[{"taxonomy":"category","embeddable":true,"href":"https:\/\/www.europesays.com\/lv\/wp-json\/wp\/v2\/categories?post=34439"},{"taxonomy":"post_tag","embeddable":true,"href":"https:\/\/www.europesays.com\/lv\/wp-json\/wp\/v2\/tags?post=34439"}],"curies":[{"name":"wp","href":"https:\/\/api.w.org\/{rel}","templated":true}]}}