{"id":34445,"date":"2025-10-29T15:40:11","date_gmt":"2025-10-29T15:40:11","guid":{"rendered":"https:\/\/www.europesays.com\/lv\/34445\/"},"modified":"2025-10-29T15:40:11","modified_gmt":"2025-10-29T15:40:11","slug":"bijusajam-rigas-domniekam-kuzmukam-piespriez-cietumsodu-par-aicinajumu-ziedot-krievijas-armijai","status":"publish","type":"post","link":"https:\/\/www.europesays.com\/lv\/34445\/","title":{"rendered":"Biju\u0161ajam R\u012bgas domniekam Kuzmukam piesprie\u017e cietumsodu par aicin\u0101jumu ziedot Krievijas armijai"},"content":{"rendered":"<p>Tiesa Kuzmuku sod\u012bja ar br\u012bv\u012bbas at\u0146em\u0161anu uz diviem gadiem un prob\u0101cijas uzraudz\u012bbu uz vienu gadu. Iepriek\u0161 piem\u0113rotie dro\u0161\u012bbas l\u012bdzek\u013ci tika main\u012bti uz apcietin\u0101jumu, Kuzmuku apcietinot tiesas z\u0101l\u0113, a\u0123ent\u016bra LETA noskaidroja ties\u0101.<\/p>\n<p>Spriedumu v\u0113l var\u0113s p\u0101rs\u016bdz\u0113t Augst\u0101kaj\u0101 ties\u0101.<\/p>\n<p>Jau v\u0113st\u012bts, ka R\u012bgas pils\u0113tas tiesa Latgales priek\u0161pils\u0113t\u0101 piln\u012bb\u0101 Kuzmuku attaisnoja. Spriedums tika p\u0101rs\u016bdz\u0113ts apgabalties\u0101.<\/p>\n<p>Prokurat\u016bras ieskat\u0101 aps\u016bdz\u0113tais sav\u0101 &#8220;Telegram&#8221; kan\u0101l\u0101 p\u0101rpublic\u0113ja aicin\u0101jumu finans\u0113t un nodro\u0161in\u0101t ar mantu Krievijas bru\u0146otos sp\u0113kus, kuru darb\u012bba ir v\u0113rsta pret Ukrainas teritori\u0101lo neaizskaram\u012bbu un politisko neatkar\u012bbu, a\u0123ent\u016bra LETA uzzin\u0101ja prokurat\u016br\u0101.<\/p>\n<p>Kuzmuka v\u0101rds izskan\u0113ja ar\u012b iepriek\u0161, kad R\u012bgas domes Izgl\u012bt\u012bbas, kult\u016bras un sporta departaments v\u0113rt\u0113jis R\u012bgas Vingro\u0161anas skolas sporta trenera, k\u0101dreiz\u0113j\u0101 R\u012bgas domes deput\u0101ta no &#8220;Saska\u0146as&#8221; Kuzmuka r\u012bc\u012bbu saist\u012bb\u0101 ar Krieviju slavino\u0161\u0101m aktivit\u0101t\u0113m. K\u0101 toreiz nov\u0113roja LETA, Kuzmuks sav\u0101 &#8220;Facebook&#8221; kont\u0101 public\u0113jis Krieviju slavino\u0161us ierakstus.<\/p>\n<p>Departaments toreiz nor\u0101d\u012bja, ka Vingro\u0161anas skolas direktors veicis p\u0101rrunas ar Kuzmuku, aicinot skaidrot r\u012bc\u012bbas mot\u012bvus, tiesiskos un \u0113tiskos aspektus, k\u0101 ar\u012b izv\u0113rt\u0113t savas publik\u0101cijas un koment\u0101rus soci\u0101lajos t\u012bklos. Vienlaikus skolas direktors esot br\u012bdin\u0101jis Kuzmuku, ka, ja tiks veiktas darb\u012bbas, kas nelabv\u0113l\u012bgi ietekm\u0113s skolas reput\u0101ciju, tiks lemts par darba tiesisko attiec\u012bbu izbeig\u0161anu.<\/p>\n<p>Kuzmuks atk\u0101rtoti start\u0113ja 2020. gada R\u012bgas domes v\u0113l\u0113\u0161an\u0101s, ta\u010du pa\u0161vald\u012bb\u0101 neiek\u013cuva.<\/p>\n","protected":false},"excerpt":{"rendered":"Tiesa Kuzmuku sod\u012bja ar br\u012bv\u012bbas at\u0146em\u0161anu uz diviem gadiem un prob\u0101cijas uzraudz\u012bbu uz vienu gadu. Iepriek\u0161 piem\u0113rotie dro\u0161\u012bbas&hellip;\n","protected":false},"author":2,"featured_media":34446,"comment_status":"","ping_status":"","sticky":false,"template":"","format":"standard","meta":{"footnotes":""},"categories":[5],"tags":[23,28,29,32,33,22,234,74,30,31,35,39,38,36,37,34,40,20,26,27,24,25,276,21],"class_list":{"0":"post-34445","1":"post","2":"type-post","3":"status-publish","4":"format-standard","5":"has-post-thumbnail","7":"category-aktualitates","8":"tag-aktualitates","9":"tag-breaking-news","10":"tag-breakingnews","11":"tag-featured-news","12":"tag-featurednews","13":"tag-headlines","14":"tag-krievija","15":"tag-krievijas-iebrukums-ukraina","16":"tag-latest-news","17":"tag-latestnews","18":"tag-latvia","19":"tag-latvian","20":"tag-latviesu","21":"tag-latviesu-valoda","22":"tag-latviesuvaloda","23":"tag-latvija","24":"tag-lv","25":"tag-news","26":"tag-popularakas-zinas","27":"tag-popularakaszinas","28":"tag-top-stories","29":"tag-topstories","30":"tag-ukraina","31":"tag-zinas"},"share_on_mastodon":{"url":"https:\/\/pubeurope.com\/@lv\/115458213316330347","error":""},"_links":{"self":[{"href":"https:\/\/www.europesays.com\/lv\/wp-json\/wp\/v2\/posts\/34445","targetHints":{"allow":["GET"]}}],"collection":[{"href":"https:\/\/www.europesays.com\/lv\/wp-json\/wp\/v2\/posts"}],"about":[{"href":"https:\/\/www.europesays.com\/lv\/wp-json\/wp\/v2\/types\/post"}],"author":[{"embeddable":true,"href":"https:\/\/www.europesays.com\/lv\/wp-json\/wp\/v2\/users\/2"}],"replies":[{"embeddable":true,"href":"https:\/\/www.europesays.com\/lv\/wp-json\/wp\/v2\/comments?post=34445"}],"version-history":[{"count":0,"href":"https:\/\/www.europesays.com\/lv\/wp-json\/wp\/v2\/posts\/34445\/revisions"}],"wp:featuredmedia":[{"embeddable":true,"href":"https:\/\/www.europesays.com\/lv\/wp-json\/wp\/v2\/media\/34446"}],"wp:attachment":[{"href":"https:\/\/www.europesays.com\/lv\/wp-json\/wp\/v2\/media?parent=34445"}],"wp:term":[{"taxonomy":"category","embeddable":true,"href":"https:\/\/www.europesays.com\/lv\/wp-json\/wp\/v2\/categories?post=34445"},{"taxonomy":"post_tag","embeddable":true,"href":"https:\/\/www.europesays.com\/lv\/wp-json\/wp\/v2\/tags?post=34445"}],"curies":[{"name":"wp","href":"https:\/\/api.w.org\/{rel}","templated":true}]}}