{"id":34462,"date":"2025-10-29T16:09:08","date_gmt":"2025-10-29T16:09:08","guid":{"rendered":"https:\/\/www.europesays.com\/lv\/34462\/"},"modified":"2025-10-29T16:09:08","modified_gmt":"2025-10-29T16:09:08","slug":"zinams-kurs-kluvis-par-vienigo-apsudzeto-karina-lidojumu-lieta-santa","status":"publish","type":"post","link":"https:\/\/www.europesays.com\/lv\/34462\/","title":{"rendered":"Zin\u0101ms, kur\u0161 k\u013cuvis par vien\u012bgo aps\u016bdz\u0113to Kari\u0146a lidojumu liet\u0101 \u2014 Santa"},"content":{"rendered":"<p>Prokurat\u016bra a\u0123ent\u016bru LETA inform\u0113ja, ka biju\u0161ais VK direktors aps\u016bdz\u0113ts par valsts amatpersonas pien\u0101kumu nepild\u012b\u0161anu, kas izrais\u012bja smagas sekas. Liet\u0101 s\u0101kotn\u0113ji bija v\u0113l viena persona, kurai bija ties\u012bbas uz aizst\u0101v\u012bbu, ta\u010du \u0161\u012bs personas statuss tika main\u012bts un tagad t\u0101 ir liecinieks.<\/p>\n<p>P\u0113c prokurat\u016bras sniegt\u0101s inform\u0101cijas, pirmstiesas izmekl\u0113\u0161an\u0101 tikusi v\u0113rt\u0113ta ar\u012b biju\u0161\u0101 Ministru prezidenta, vair\u0101ku VK un t\u0101s strukt\u016brvien\u012bbas \u2013 Ministru prezidenta biroja \u2013 amatpersonu un darbinieku iesp\u0113jam\u0101 atbild\u012bba, bet gala rezult\u0101t\u0101 secin\u0101ts, ka tie\u0161i VK direktors k\u0101 iest\u0101des vad\u012bt\u0101js bija atbild\u012bgs par valsts bud\u017eeta l\u012bdzek\u013cu izlieto\u0161anas likum\u012bbu un lietder\u012bbu t\u0101du pakalpojumu ieg\u0101d\u0113, kas saist\u012bti ar Ministru prezidenta \u0101rvalstu komand\u0113jumiem.<\/p>\n<p>Personas bezdarb\u012bbas rezult\u0101t\u0101 Latvijai nodar\u012bti zaud\u0113jumi 89 382 eiro apm\u0113r\u0101, kas saska\u0146\u0101 ar likumu uzskat\u0101ms par noziedz\u012bgu nodar\u012bjumu ar smag\u0101m sek\u0101m, teikts aps\u016bdz\u012bb\u0101.<\/p>\n<p>Pirmstiesas krimin\u0101lprocesa gait\u0101 tika secin\u0101ts, ka \u010detros Ministru prezidenta \u0101rvalstu komand\u0113jumos VK nelikum\u012bgi pas\u016bt\u012bja un apmaks\u0101ja piecus speci\u0101los l\u012bgumreisus, neraugoties uz iesp\u0113ju laikus ieg\u0101d\u0101ties regul\u0101ro komercreisu bi\u013cetes Ministru prezidenta deleg\u0101cijas locek\u013ciem.<\/p>\n<blockquote><p>&#13;<\/p>\n<p>Izmantojot regul\u0101ros komercreisus bez papildu izdevumiem, kas b\u016btu saist\u012bti ar nak\u0161\u0146o\u0161anu, VK var\u0113ja ieekonom\u0113t valsts bud\u017eeta l\u012bdzek\u013cus 89 382,90 eiro apm\u0113r\u0101. <\/p>\n<p>&#13;\n<\/p><\/blockquote>\n<p>V\u0113rt\u0113jot valsts bud\u017eetam nodar\u012bto kait\u0113jumu, prokurat\u016bra \u0146\u0113ma v\u0113r\u0101 Valsts kontroles rev\u012bzij\u0101 par speci\u0101lo lidojumu izmanto\u0161anu Ministru prezidenta komand\u0113jumos pielietoto metodolo\u0123iju un izdar\u012btos secin\u0101jumus par valsts bud\u017eeta l\u012bdzek\u013cu nelikum\u012bgu izmanto\u0161anu un par VK iesp\u0113j\u0101m ietaup\u012bt valsts bud\u017eeta l\u012bdzek\u013cus, izmantojot regul\u0101ros komercreisus.<\/p>\n<p>Lai ar\u012b prokurat\u016bra neap\u0161aub\u012bja Ministru prezidenta pilnvaras patst\u0101v\u012bgi lemt par nepiecie\u0161am\u012bbu doties \u0101rvalsts komand\u0113jumos, pirmstiesas krimin\u0101lproces\u0101 izmekl\u0113t\u0101ji secin\u0101ju\u0161i, ka VK direktors k\u0101 iest\u0101des vad\u012bt\u0101js nenodro\u0161in\u0101ja, lai VK k\u0101 iest\u0101d\u0113, kas saska\u0146\u0101 ar likumu ir atbild\u012bga par Ministru prezidenta darb\u012bbas materi\u0101lo, tehnisko un organizatorisko nodro\u0161in\u0101\u0161anu, tiktu iev\u0113roti Publiskas personas finan\u0161u l\u012bdzek\u013cu un mantas iz\u0161\u0137\u0113rd\u0113\u0161anas nov\u0113r\u0161anas likum\u0101 ietvertie principi un Ministru kabineta noteikumos paredz\u0113tie ierobe\u017eojumi ar komand\u0113jumu ce\u013ca izdevumiem saist\u012bto pakalpojumu apmaksai.<\/p>\n<p>Prokurat\u016bra \u0146\u0113musi v\u0113r\u0101, ka speci\u0101lo l\u012bgumreisu apmaksai tika izmantoti valsts bud\u017eeta l\u012bdzek\u013ci, kas saska\u0146\u0101 ar likumu par valsts bud\u017eetu 2022. gadam VK bija paredz\u0113ti dro\u0161iem Ministru prezidenta lidojumiem Covid-19 pand\u0113mijas laik\u0101, savuk\u0101rt komand\u0113jumi tikai organiz\u0113ti p\u0113c \u0101rk\u0101rt\u0113j\u0101s situ\u0101cijas beig\u0101m.<\/p>\n<p>T\u0101d\u0113j\u0101di prokurat\u016bra secin\u0101jusi, ka VK direktors nepild\u012bja vi\u0146am k\u0101 iest\u0101des vad\u012bt\u0101jam saska\u0146\u0101 ar Valsts p\u0101rvaldes iek\u0101rtas likumu, Likumu par bud\u017eetu un finan\u0161u vad\u012bbu un citiem normat\u012bvajiem aktiem uzliktos amata pien\u0101kumus kontrol\u0113t valsts bud\u017eeta l\u012bdzek\u013cu izlieto\u0161anas likum\u012bbu un lietder\u012bbu VK, k\u0101 ar\u012b neveica darb\u012bbas un nedeva r\u012bkojumus vi\u0146a pak\u013caut\u012bb\u0101 eso\u0161aj\u0101m amatperson\u0101m, lai tiktu atcelti pretlikum\u012bgi pas\u016bt\u012btie speci\u0101lie l\u012bgumreisi.<\/p>\n","protected":false},"excerpt":{"rendered":"Prokurat\u016bra a\u0123ent\u016bru LETA inform\u0113ja, ka biju\u0161ais VK direktors aps\u016bdz\u0113ts par valsts amatpersonas pien\u0101kumu nepild\u012b\u0161anu, kas izrais\u012bja smagas sekas.&hellip;\n","protected":false},"author":2,"featured_media":34463,"comment_status":"","ping_status":"","sticky":false,"template":"","format":"standard","meta":{"footnotes":""},"categories":[12],"tags":[23,28,29,32,33,22,30,31,35,39,38,36,37,34,40,20,26,27,24,25,21],"class_list":{"0":"post-34462","1":"post","2":"type-post","3":"status-publish","4":"format-standard","5":"has-post-thumbnail","7":"category-latvija","8":"tag-aktualitates","9":"tag-breaking-news","10":"tag-breakingnews","11":"tag-featured-news","12":"tag-featurednews","13":"tag-headlines","14":"tag-latest-news","15":"tag-latestnews","16":"tag-latvia","17":"tag-latvian","18":"tag-latviesu","19":"tag-latviesu-valoda","20":"tag-latviesuvaloda","21":"tag-latvija","22":"tag-lv","23":"tag-news","24":"tag-popularakas-zinas","25":"tag-popularakaszinas","26":"tag-top-stories","27":"tag-topstories","28":"tag-zinas"},"share_on_mastodon":{"url":"https:\/\/pubeurope.com\/@lv\/115458327385720868","error":""},"_links":{"self":[{"href":"https:\/\/www.europesays.com\/lv\/wp-json\/wp\/v2\/posts\/34462","targetHints":{"allow":["GET"]}}],"collection":[{"href":"https:\/\/www.europesays.com\/lv\/wp-json\/wp\/v2\/posts"}],"about":[{"href":"https:\/\/www.europesays.com\/lv\/wp-json\/wp\/v2\/types\/post"}],"author":[{"embeddable":true,"href":"https:\/\/www.europesays.com\/lv\/wp-json\/wp\/v2\/users\/2"}],"replies":[{"embeddable":true,"href":"https:\/\/www.europesays.com\/lv\/wp-json\/wp\/v2\/comments?post=34462"}],"version-history":[{"count":0,"href":"https:\/\/www.europesays.com\/lv\/wp-json\/wp\/v2\/posts\/34462\/revisions"}],"wp:featuredmedia":[{"embeddable":true,"href":"https:\/\/www.europesays.com\/lv\/wp-json\/wp\/v2\/media\/34463"}],"wp:attachment":[{"href":"https:\/\/www.europesays.com\/lv\/wp-json\/wp\/v2\/media?parent=34462"}],"wp:term":[{"taxonomy":"category","embeddable":true,"href":"https:\/\/www.europesays.com\/lv\/wp-json\/wp\/v2\/categories?post=34462"},{"taxonomy":"post_tag","embeddable":true,"href":"https:\/\/www.europesays.com\/lv\/wp-json\/wp\/v2\/tags?post=34462"}],"curies":[{"name":"wp","href":"https:\/\/api.w.org\/{rel}","templated":true}]}}