{"id":34469,"date":"2025-10-29T16:21:08","date_gmt":"2025-10-29T16:21:08","guid":{"rendered":"https:\/\/www.europesays.com\/lv\/34469\/"},"modified":"2025-10-29T16:21:08","modified_gmt":"2025-10-29T16:21:08","slug":"saeimas-komisija-galigajam-lasijumam-virza-likumprojektu-par-izstasanos-no-stambulas-konvencijas","status":"publish","type":"post","link":"https:\/\/www.europesays.com\/lv\/34469\/","title":{"rendered":"Saeimas komisija gal\u012bgajam las\u012bjumam virza likumprojektu par izst\u0101\u0161anos no Stambulas konvencijas"},"content":{"rendered":"<p>Smilt\u0113ns pauda, ka ir samulsis par \u0161o priek\u0161likumu, un vi\u0146\u0161 esot sa\u0146\u0113mis vair\u0101kus zvanus no Ukrainas politi\u0137iem, kuri nor\u0101d\u012bju\u0161i, ka vi\u0146iem tiekot l\u016bgts nosod\u012bt Latvijas politiskos l\u0113mumus, un tas nost\u0101dot Ukrainu \u013coti ne\u0113rt\u0101 poz\u012bcij\u0101. Smilt\u0113ns teica, ka Ukrainas p\u0113d\u0113j\u0101 interese b\u016btu iesaist\u012bties &#8220;ideolo\u0123isk\u0101s kauj\u0101s&#8221;, izrais\u012bt attiec\u012bbu kr\u012bzes vien\u0101 vai otr\u0101 pus\u0113. &#8220;Iesaist\u012bt Ukrainu \u0161aj\u0101 jaut\u0101jum\u0101, manupr\u0101t, ir tot\u0101li amor\u0101li &#8211; vi\u0146iem no mums vajag iero\u010dus, nevis Stambulas konvenciju,&#8221; sac\u012bja Smilt\u0113ns, aicinot Kalni\u0146u priek\u0161likumu atsaukt.<\/p>\n","protected":false},"excerpt":{"rendered":"Smilt\u0113ns pauda, ka ir samulsis par \u0161o priek\u0161likumu, un vi\u0146\u0161 esot sa\u0146\u0113mis vair\u0101kus zvanus no Ukrainas politi\u0137iem, kuri&hellip;\n","protected":false},"author":2,"featured_media":34470,"comment_status":"","ping_status":"","sticky":false,"template":"","format":"standard","meta":{"footnotes":""},"categories":[12],"tags":[23,28,29,32,33,22,30,31,35,39,38,36,37,34,40,20,26,27,24,25,21],"class_list":{"0":"post-34469","1":"post","2":"type-post","3":"status-publish","4":"format-standard","5":"has-post-thumbnail","7":"category-latvija","8":"tag-aktualitates","9":"tag-breaking-news","10":"tag-breakingnews","11":"tag-featured-news","12":"tag-featurednews","13":"tag-headlines","14":"tag-latest-news","15":"tag-latestnews","16":"tag-latvia","17":"tag-latvian","18":"tag-latviesu","19":"tag-latviesu-valoda","20":"tag-latviesuvaloda","21":"tag-latvija","22":"tag-lv","23":"tag-news","24":"tag-popularakas-zinas","25":"tag-popularakaszinas","26":"tag-top-stories","27":"tag-topstories","28":"tag-zinas"},"share_on_mastodon":{"url":"https:\/\/pubeurope.com\/@lv\/115458374552087542","error":""},"_links":{"self":[{"href":"https:\/\/www.europesays.com\/lv\/wp-json\/wp\/v2\/posts\/34469","targetHints":{"allow":["GET"]}}],"collection":[{"href":"https:\/\/www.europesays.com\/lv\/wp-json\/wp\/v2\/posts"}],"about":[{"href":"https:\/\/www.europesays.com\/lv\/wp-json\/wp\/v2\/types\/post"}],"author":[{"embeddable":true,"href":"https:\/\/www.europesays.com\/lv\/wp-json\/wp\/v2\/users\/2"}],"replies":[{"embeddable":true,"href":"https:\/\/www.europesays.com\/lv\/wp-json\/wp\/v2\/comments?post=34469"}],"version-history":[{"count":0,"href":"https:\/\/www.europesays.com\/lv\/wp-json\/wp\/v2\/posts\/34469\/revisions"}],"wp:featuredmedia":[{"embeddable":true,"href":"https:\/\/www.europesays.com\/lv\/wp-json\/wp\/v2\/media\/34470"}],"wp:attachment":[{"href":"https:\/\/www.europesays.com\/lv\/wp-json\/wp\/v2\/media?parent=34469"}],"wp:term":[{"taxonomy":"category","embeddable":true,"href":"https:\/\/www.europesays.com\/lv\/wp-json\/wp\/v2\/categories?post=34469"},{"taxonomy":"post_tag","embeddable":true,"href":"https:\/\/www.europesays.com\/lv\/wp-json\/wp\/v2\/tags?post=34469"}],"curies":[{"name":"wp","href":"https:\/\/api.w.org\/{rel}","templated":true}]}}