{"id":34481,"date":"2025-10-29T16:34:09","date_gmt":"2025-10-29T16:34:09","guid":{"rendered":"https:\/\/www.europesays.com\/lv\/34481\/"},"modified":"2025-10-29T16:34:09","modified_gmt":"2025-10-29T16:34:09","slug":"narkotiku-kartelu-uzbrukums-brazilija-riodezaneiro-konflikts","status":"publish","type":"post","link":"https:\/\/www.europesays.com\/lv\/34481\/","title":{"rendered":"Narkotiku karte\u013cu uzbrukums Braz\u012blij\u0101: Riode\u017eaneiro konflikts"},"content":{"rendered":"<p class=\"descr\">Braz\u012blija ir iegrimusi haos\u0101, Riode\u017eaneiro p\u0101rv\u0113r\u0161oties par kara zonu, zi\u0146o &#8220;nexta_tv.lv&#8221;.<\/p>\n<p>Tikai vienas stundas laik\u0101 vair\u0101k nek\u0101 80 cilv\u0113ku, tostarp civiliedz\u012bvot\u0101ji, tika nogalin\u0101ti s\u012bv\u0101s sadursm\u0113s starp dro\u0161\u012bbas sp\u0113kiem un narkotiku karte\u013ciem.<\/p>\n<p>Pils\u0113tas zieme\u013cu rajonu ielas ir blo\u0137\u0113ju\u0161as barik\u0101des un dego\u0161i autobusi; automa\u0161\u012bnas deg, un apkaim\u0113s atskan ap\u0161audes.<\/p>\n<p>Karte\u013ci, kas kontrol\u0113 l\u012bdz pat 70% no Riode\u017eaneiro <a href=\"https:\/\/nra.lv\/pasaule\/505377-asv-militaras-operacijas-pret-narkotiku-karteliem-klusaja-okeana.htm\" data-item-link=\"true\" data-item-id=\"505377\" rel=\"nofollow noopener\" target=\"_blank\">narkotiku tirdzniec\u012bbas<\/a>, ir pasludin\u0101ju\u0161i &#8220;lokdaunu&#8221;, rea\u0123\u0113jot uz oper\u0101ciju &#8220;Ierobe\u017eo\u0161ana&#8221;, kur\u0101 piedal\u0101s 2500 policistu.<\/p>\n<blockquote class=\"twitter-tweet\">\n<p lang=\"en\" dir=\"ltr\">Brazil in flames: drug cartels wage war against the government<\/p>\n<p>Brazil has plunged into chaos, with Rio de Janeiro turning into a war zone.<\/p>\n<p>In just one hour, over 80 people \u2014 including civilians \u2014 were killed in fierce clashes between security forces and drug cartels.<\/p>\n<p>Streets\u2026 <a href=\"https:\/\/t.co\/yu7twpAq0w\" rel=\"nofollow\">pic.twitter.com\/yu7twpAq0w<\/a><\/p>\n<p>\u2014 NEXTA (@nexta_tv) <a href=\"https:\/\/twitter.com\/nexta_tv\/status\/1983254168140759227?ref_src=twsrc%5Etfw\" rel=\"nofollow noopener\" target=\"_blank\">October 28, 2025<\/a><\/p><\/blockquote>\n<p>Varas iest\u0101des zi\u0146o, ka jau ir arest\u0113ti vair\u0101k nek\u0101 80 kaujinieku. Bandas izmanto bezpilota lidapar\u0101tus (FPV), kas p\u0101rvad\u0101 spr\u0101gstvielas un blo\u0137\u0113 izejas no rajoniem.<\/p>\n<p>Gubernators Klaudio Kastro aps\u016bdz\u0113ja prezidentu Luisu Inasio Lulu da Silvu par atteik\u0161anos izvietot armiju, kam\u0113r Rio &#8220;sl\u012bkst ugun\u012b un asin\u012bs&#8221;.<\/p>\n<p>\t\t\t\t\t\tinfo<\/p>\n<p>Uzzini pirmais<br \/>kas interesants noticis Latvij\u0101 un pasaul\u0113,<br \/>pievienojoties mums <a href=\"https:\/\/t.me\/neatkariga\" rel=\"nofollow\">Telegram<\/a> vai <a href=\"https:\/\/whatsapp.com\/channel\/0029VaMLFUH5K3zLU5s4wm3y\" rel=\"nofollow noopener\" target=\"_blank\">Whatsapp<\/a> kan\u0101l\u0101<\/p>\n<p>\t\t\t\t\t\t\t\t\t<script async src=\"https:\/\/platform.twitter.com\/widgets.js\" charset=\"utf-8\"><\/script><\/p>\n","protected":false},"excerpt":{"rendered":"Braz\u012blija ir iegrimusi haos\u0101, Riode\u017eaneiro p\u0101rv\u0113r\u0161oties par kara zonu, zi\u0146o &#8220;nexta_tv.lv&#8221;. Tikai vienas stundas laik\u0101 vair\u0101k nek\u0101 80&hellip;\n","protected":false},"author":2,"featured_media":34482,"comment_status":"","ping_status":"","sticky":false,"template":"","format":"standard","meta":{"footnotes":""},"categories":[5],"tags":[23,28,29,32,33,22,30,31,35,39,38,36,37,34,40,20,26,27,24,25,21],"class_list":{"0":"post-34481","1":"post","2":"type-post","3":"status-publish","4":"format-standard","5":"has-post-thumbnail","7":"category-aktualitates","8":"tag-aktualitates","9":"tag-breaking-news","10":"tag-breakingnews","11":"tag-featured-news","12":"tag-featurednews","13":"tag-headlines","14":"tag-latest-news","15":"tag-latestnews","16":"tag-latvia","17":"tag-latvian","18":"tag-latviesu","19":"tag-latviesu-valoda","20":"tag-latviesuvaloda","21":"tag-latvija","22":"tag-lv","23":"tag-news","24":"tag-popularakas-zinas","25":"tag-popularakaszinas","26":"tag-top-stories","27":"tag-topstories","28":"tag-zinas"},"share_on_mastodon":{"url":"https:\/\/pubeurope.com\/@lv\/115458425685068912","error":""},"_links":{"self":[{"href":"https:\/\/www.europesays.com\/lv\/wp-json\/wp\/v2\/posts\/34481","targetHints":{"allow":["GET"]}}],"collection":[{"href":"https:\/\/www.europesays.com\/lv\/wp-json\/wp\/v2\/posts"}],"about":[{"href":"https:\/\/www.europesays.com\/lv\/wp-json\/wp\/v2\/types\/post"}],"author":[{"embeddable":true,"href":"https:\/\/www.europesays.com\/lv\/wp-json\/wp\/v2\/users\/2"}],"replies":[{"embeddable":true,"href":"https:\/\/www.europesays.com\/lv\/wp-json\/wp\/v2\/comments?post=34481"}],"version-history":[{"count":0,"href":"https:\/\/www.europesays.com\/lv\/wp-json\/wp\/v2\/posts\/34481\/revisions"}],"wp:featuredmedia":[{"embeddable":true,"href":"https:\/\/www.europesays.com\/lv\/wp-json\/wp\/v2\/media\/34482"}],"wp:attachment":[{"href":"https:\/\/www.europesays.com\/lv\/wp-json\/wp\/v2\/media?parent=34481"}],"wp:term":[{"taxonomy":"category","embeddable":true,"href":"https:\/\/www.europesays.com\/lv\/wp-json\/wp\/v2\/categories?post=34481"},{"taxonomy":"post_tag","embeddable":true,"href":"https:\/\/www.europesays.com\/lv\/wp-json\/wp\/v2\/tags?post=34481"}],"curies":[{"name":"wp","href":"https:\/\/api.w.org\/{rel}","templated":true}]}}