{"id":34497,"date":"2025-10-29T16:52:04","date_gmt":"2025-10-29T16:52:04","guid":{"rendered":"https:\/\/www.europesays.com\/lv\/34497\/"},"modified":"2025-10-29T16:52:04","modified_gmt":"2025-10-29T16:52:04","slug":"pie-saeimas-tukstosi-proteste-pret-latvijas-izstasanos-no-stambulas-konvencijas-raksts","status":"publish","type":"post","link":"https:\/\/www.europesays.com\/lv\/34497\/","title":{"rendered":"Pie Saeimas t\u016bksto\u0161i protest\u0113 pret Latvijas izst\u0101\u0161anos no Stambulas konvencijas \/ Raksts"},"content":{"rendered":"<p>Tre\u0161dien, 29. oktobr\u012b, pie Saeimas notiek\u00a0protests pret Latvijas izst\u0101\u0161anos no Eiropas Padomes Konvencijas par vardarb\u012bbas pret sieviet\u0113m un vardarb\u012bbas \u0123imen\u0113 nov\u0113r\u0161anu un apkaro\u0161anu jeb t\u0101 saukt\u0101s Stambulas konvencijas.<\/p>\n<p>Pie Saeimas nama sapulc\u0113ju\u0161ies vismaz tr\u012bs t\u016bksto\u0161i cilv\u0113ku, aicinot nepie\u013caut Latvijas izst\u0101\u0161anos no Stambulas konvencijas. Izskan daudz sauk\u013cu, taj\u0101 skait\u0101 &#8220;L\u016bdzu sarg\u0101 savu valsti, izst\u0101\u0161anos neatbalsti&#8221;, &#8220;N\u0101ciet pie pr\u0101ta, valsts nav pasarg\u0101ta!&#8221;<\/p>\n<p>&#8220;Man nav vienalga, kas notiek Latvij\u0101,&#8221; Latvijas Telev\u012bzijai pauda v\u0113sturnieks Gatis Kr\u016bmi\u0146\u0161.<\/p>\n<p>Vi\u0146\u0161 aicin\u0101ja uz \u0161o konvenciju un t\u0101s aizst\u0101v\u0113taj\u0101m v\u0113rt\u012bb\u0101m paskat\u012bties pla\u0161\u0101k. Debates par to Saeim\u0101 liecinot, ka &#8220;ar \u0161o esam\u00a0postpadomju telp\u0101. Deput\u0101tiem vajadz\u0113tu tikt uz priek\u0161u.\u00a0\u0160is ir padomju mantojums, tieciet gal\u0101!&#8221;<\/p>\n<p>Uz jaut\u0101jumu, ko Latvija zaud\u0113tu, izst\u0101joties no Stambulas konvencijas, Kr\u016bmi\u0146\u0161 aicin\u0101ja to nedramatiz\u0113t, ta\u010du valsts zaud\u0113tu da\u013cu no\u00a0starptautisk\u0101s reput\u0101cijas. &#8220;Uz mums skat\u012bsies ar aizdom\u0101m, vai m\u0113s esam uzticams partneris.&#8221;<\/p>\n<blockquote>\n<p>&#8220;Lasot konvenciju, neredzu apdraud\u0113jumus ar\u012b konservat\u012bv\u0101m v\u0113rt\u012bb\u0101m,&#8221; uzsv\u0113ra v\u0113sturnieks.<\/p>\n<\/blockquote>\n<p>&#8220;Atveriet acis un padom\u0101jiet par ilgtermi\u0146u,&#8221; pauda Kr\u016bmi\u0146\u0161, aicinot nepie\u013caut v\u0113sturisku k\u013c\u016bdu.<\/p>\n<blockquote>\n<p>\u012as\u0101 uzrun\u0101 ar\u012b premjere Evika Sili\u0146a (&#8220;Jaun\u0101 Vienot\u012bba&#8221;) pauda ka vardarb\u012bba bie\u017ei notiek klusum\u0101 un ar to j\u0101turpina c\u012bn\u012bties.<\/p>\n<p>&#8220;Paldies visiem, kuri neklus\u0113. M\u0113s nepadosimies, m\u0113s c\u012bn\u012bsimies, lai vardarb\u012bba neuzvar,&#8221; izteic\u0101s Sili\u0146a.<\/p>\n<\/blockquote>\n<p>Saeima <a href=\"https:\/\/www.lsm.lv\/raksts\/zinas\/latvija\/23.10.2025-jus-gribat-tikai-stambulet-saeima-pirmaja-lasijuma-atbalsta-izstasanos-no-stambulas-konvencijas.a619381\/?utm_source=lsm&amp;utm_medium=theme&amp;utm_campaign=theme\" class=\"lsm-link\" data-type=\"article\" data-id=\"619381\" rel=\"nofollow noopener\" target=\"_blank\">pirmaj\u0101 las\u012bjum\u0101 pag\u0101ju\u0161aj\u0101 ned\u0113\u013c\u0101 atbalst\u012bja<\/a> opoz\u012bcijas partiju un koal\u012bcij\u0101 ietilpsto\u0161\u0101s Za\u013co un Zemnieku savien\u012bbas rosin\u0101jumu Latvijai izst\u0101ties no konvencijas. Saeimas \u0100rlietu komisija tre\u0161dien <a href=\"https:\/\/www.lsm.lv\/raksts\/zinas\/latvija\/29.10.2025-bez-zzs-parstavja-dalibas-un-varda-dosanas-nvo-saeimas-komisija-noraida-visus-priekslikumus-stambulas-konvencijai.a620296\/\" class=\"lsm-link\" data-type=\"article\" data-id=\"620296\" rel=\"nofollow noopener\" target=\"_blank\">noraid\u012bja visus priek\u0161likumus<\/a>, ko iesniedza gal\u012bgajam las\u012bjumam saist\u012bb\u0101 ar\u00a0t\u0101 d\u0113v\u0113to Stambulas konvenciju.<\/p>\n<p>Protestu organiz\u0113 biedr\u012bba &#8220;Centrs Marta&#8221;, kas\u00a0pied\u0101v\u0101 psiholo\u0123isko un juridisko pal\u012bdz\u012bbu cilv\u0113kiem, kuri cietu\u0161i vardarb\u012bb\u0101 \u0123imen\u0113 vai partnerattiec\u012bb\u0101s.<\/p>\n<blockquote>\n<p>&#8220;Izst\u0101\u0161an\u0101s no Stambulas konvencijas noz\u012bm\u0113tu atk\u0101p\u0161anos no demokr\u0101tijas un cilv\u0113kties\u012bbu principiem. T\u0101 s\u016bta b\u012bstamu sign\u0101lu, ka valsts ir gatava piev\u0113rt acis uz vardarb\u012bbu un nevienl\u012bdz\u012bbu,&#8221; nor\u0101d\u012bja &#8220;Centrs Marta&#8221;.<\/p>\n<\/blockquote>\n<p>&#8220;Centrs Marta&#8221;\u00a0ar\u012b uzskata, ka Saeim\u0101 atbalst\u012bt\u0101 opoz\u012bcijas partiju <a href=\"https:\/\/www.lsm.lv\/raksts\/zinas\/latvija\/10.10.2025-alternativa-stambulas-konvencijai-bez-ideologiskam-interpretacijam-un-tiesiskam-saistibam.a617911\/?utm_source=lsm&amp;utm_medium=theme&amp;utm_campaign=theme\" class=\"lsm-link\" data-type=\"article\" data-id=\"617911\" rel=\"nofollow noopener\" target=\"_blank\">sagatavot\u0101 deklar\u0101cija <\/a>par vardarb\u012bbas pret sieviet\u0113m un vardarb\u012bbas \u0123imen\u0113 nov\u0113r\u0161anu un izskau\u0161anu\u00a0tiek izmantota ar\u012b k\u0101 politisks instruments, lai v\u0113rstos pret transperson\u0101m un cit\u0101m neaizsarg\u0101t\u0101m sabiedr\u012bbas grup\u0101m, radot mald\u012bgu priek\u0161statu, ka vi\u0146u ties\u012bbas apdraud sabiedr\u012bbu.<\/p>\n<p>&#8220;Paties\u012bb\u0101 tie\u0161i \u0161o grupu iek\u013cau\u0161ana un aizsardz\u012bba stiprina demokr\u0101tiju un kop\u0113jo dro\u0161\u012bbu,&#8221; pauda biedr\u012bba. &#8220;\u0160\u0101da retorika ir da\u013ca no pla\u0161\u0101kiem autorit\u0101riem procesiem, kuros aiz &#8220;tradicion\u0101lo v\u0113rt\u012bbu&#8221;\u00a0un &#8220;dzimuma ideolo\u0123ijas&#8221;\u00a0lozungiem tiek ierobe\u017eotas cilv\u0113kties\u012bbas un sa\u0161\u0137elta sabiedr\u012bba.&#8221;<\/p>\n<p>Savuk\u0101rt deklar\u0101cijas iesniedz\u0113ji uzsv\u0113ru\u0161i, ka taj\u0101, at\u0161\u0137ir\u012bb\u0101 no Stambulas konvencijas, neesot vietas ideolo\u0123isk\u0101m\u00a0interpret\u0101cij\u0101m.<\/p>\n<p>Tikm\u0113r vair\u0101k nek\u0101 20 000 cilv\u0113ku parakst\u012bju\u0161i <a href=\"https:\/\/manabalss.lv\/i\/3739\" target=\"_blank\" rel=\"nofollow noopener\">port\u0101l\u0101 &#8220;Manabalss.lv&#8221; iesniegto iniciat\u012bvu &#8220;Latvijai j\u0101turpina dal\u012bba Stambulas konvencij\u0101&#8221;<\/a>. Taj\u0101 Saeimas deput\u0101tus aicina\u00a0noraid\u012bt jebkurus priek\u0161likumus, kas paredz Latvijas izst\u0101\u0161anos no Stambulas konvencijas.<\/p>\n<p>&#8220;Latvijas vald\u012bbai un parlamentam j\u0101turpina nodro\u0161in\u0101t, ka m\u016bsu valsts ir da\u013ca no \u0161\u012bs starptautisk\u0101s vieno\u0161an\u0101s, kas pal\u012bdz nov\u0113rst un mazin\u0101t vardarb\u012bbu, k\u0101 ar\u012b aizsarg\u0101 cietu\u0161os,&#8221; nor\u0101da iniciat\u012bvas autore Megija Jaunsleine.<\/p>\n<p>Ja Saeima nolems izst\u0101ties no\u00a0t\u0101 d\u0113v\u0113t\u0101s Stambulas konvencijas,\u00a0Latvija k\u013c\u016bs par otro valstis aiz\u00a0Turcijas, kas to izdar\u012bjusi.<\/p>\n<p>KONTEKSTS:<\/p>\n<p>Latvij\u0101 atkal aktualiz\u0113jies jaut\u0101jums par Stambulas konvenciju, jo\u00a0<a data-id=\"615749\" data-type=\"article\" href=\"https:\/\/www.lsm.lv\/raksts\/zinas\/latvija\/25.09.2025-saeimas-komisija-ar-zzs-atbalstu-vertes-opozicijas-ieceri-par-latvijas-izstasanos-no-stambulas-konvencijas.a615749\/\" class=\"lsm-link\" rel=\"nofollow noopener\" target=\"_blank\">Saeim\u0101<\/a>\u00a0p\u0113c opoz\u012bcijas ierosin\u0101juma\u00a0v\u0113rt\u0113 Latvijas izst\u0101\u0161anos no t\u0101s. T\u0101 k\u0101 \u0161\u0101du ierosin\u0101jumu atbalsta ar\u012b koal\u012bcij\u0101 ietilpsto\u0161\u0101 Za\u013co un Zemnieku savien\u012bba (ZZS), ir liela iesp\u0113jam\u012bba, ka to denons\u0113s. Tas izrais\u012bjis ne vien\u00a0<a data-id=\"616755\" data-type=\"article\" href=\"https:\/\/www.lsm.lv\/article-preview\/zinas\/latvija\/02.10.2025-foto-vairaki-simti-cilveku-pie-saeimas-proteste-pret-ieceri-latvijai-izstaties-no-stambulas-konvencijas.a616755\/\" class=\"lsm-link\" rel=\"nofollow noopener\" target=\"_blank\">protestus\u00a0<\/a>sabiedr\u012bb\u0101, bet ar\u012b\u00a0<a data-id=\"616412\" data-type=\"article\" href=\"https:\/\/www.lsm.lv\/article-preview\/zinas\/latvija\/30.09.2025-vienotibas-vaditajs-jurevics-zzs-iesaistijusies-slesera-un-stepanenko-prieksvelesanu-kampana.a616412\/\" class=\"lsm-link\" rel=\"nofollow noopener\" target=\"_blank\">\u0161\u016bpo\u0161anos koal\u012bcij\u0101<\/a>. Izst\u0101\u0161anos no konvencijas Saeimas vair\u0101kums atbalst\u012bjis <a href=\"https:\/\/www.lsm.lv\/raksts\/zinas\/latvija\/23.10.2025-jus-gribat-tikai-stambulet-saeima-pirmaja-lasijuma-atbalsta-izstasanos-no-stambulas-konvencijas.a619381\/?utm_source=lsm&amp;utm_medium=theme&amp;utm_campaign=theme\" class=\"lsm-link\" data-type=\"article\" data-id=\"619381\" rel=\"nofollow noopener\" target=\"_blank\">pirmaj\u0101 las\u012bjum\u0101<\/a>. Likumprojektu otraj\u0101 \u2013 gal\u012bgaj\u0101 \u2013 las\u012bjum\u0101 pl\u0101nots skat\u012bt jau \u0161oned\u0113\u013c.<\/p>\n<p>Vienlaikus\u00a0Saeim\u0101 non\u0101kusi opoz\u012bcijas partiju un ZZS sagatavot\u0101\u00a0<a data-id=\"617682\" data-type=\"article\" href=\"https:\/\/www.lsm.lv\/raksts\/zinas\/latvija\/09.10.2025-saeima-vertes-opozicijas-deputatu-un-zzs-izstradato-alternativu-stambulas-konvencijai.a617682\/\" class=\"lsm-link\" rel=\"nofollow noopener\" target=\"_blank\">alternat\u012bva\u00a0Stambulas konvencijai.\u00a0<\/a>Saeimas priek\u0161s\u0113d\u0113t\u0101ja Daiga\u00a0<a data-id=\"617911\" data-type=\"article\" href=\"https:\/\/www.lsm.lv\/raksts\/zinas\/latvija\/10.10.2025-alternativa-stambulas-konvencijai-bez-ideologiskam-interpretacijam-un-tiesiskam-saistibam.a617911\/\" class=\"lsm-link\" rel=\"nofollow noopener\" target=\"_blank\">Mieri\u0146a<\/a>\u00a0(ZZS) nor\u0101d\u012bjusi, ka izstr\u0101d\u0101t\u0101 alternat\u012bva nedod vietu ideolo\u0123isk\u0101m interpret\u0101cij\u0101m. Vienlaikus ties\u012bbsardze Karina Palkova uzsv\u0113rusi\u00a0\u2013\u00a0Saeim\u0101 pied\u0101v\u0101tajai deklar\u0101cijai nav juridiska sp\u0113ka un t\u0101 pati par sevi nerada nek\u0101das tiesiskas saist\u012bbas.\u00a0<\/p>\n<p>Latvija Stambulas konvenciju\u00a0<a data-id=\"533581\" data-type=\"article\" href=\"https:\/\/www.lsm.lv\/raksts\/zinas\/latvija\/30.11.2023-saeima-ratifice-stambulas-konvenciju-pec-teju-5-stundu-debatem.a533581\/\" class=\"lsm-link\" rel=\"nofollow noopener\" target=\"_blank\">ratific\u0113ja<\/a>\u00a02023. gad\u0101 \u2013 septi\u0146arpus gadus p\u0113c t\u0101s parakst\u012b\u0161anas. Tas bija laik\u0101, kad labkl\u0101j\u012bbas ministrs bija ZZS\u00a0politi\u0137is Uldis Augulis. Toreiz vi\u0146\u0161 ZZS atbalstu konvencijas ratific\u0113\u0161anai pamatoja ar m\u0113r\u0137i aizsarg\u0101t sievietes no vardarb\u012bbas. Labkl\u0101j\u012bbas ministrija\u00a0konvencijai toreiz pievienoja skaidrojo\u0161u pielikumu, kur\u0101 uzsv\u0113ra, ka konvencij\u0101 iek\u013cautais un pretrun\u012bg\u0101s diskusij\u0101s izmantotais termins &#8220;soci\u0101lais dzimums&#8221; nav saist\u012bts ar pien\u0101kumu ieviest k\u0101du citu izpratni par dzimumu Latvijas ties\u012bbu un izgl\u012bt\u012bbas sist\u0113m\u0101. ZZS\u00a0nesen izplat\u012bja pazi\u0146ojumu, ka Kult\u016bras ministrija un Izgl\u012bt\u012bbas un zin\u0101tnes ministrija p\u0101rk\u0101pu\u0161as deklar\u0101ciju, jo<a data-id=\"616332\" data-type=\"article\" href=\"https:\/\/www.lsm.lv\/article-preview\/zinas\/latvija\/30.09.2025-labklajibas-ministrs-parliecinats-par-latvijas-izstasanos-no-stambulas-konvencijas.a616332\/\" class=\"lsm-link\" rel=\"nofollow noopener\" target=\"_blank\">\u00a0izmantoju\u0161as to citiem m\u0113r\u0137iem<\/a>\u00a0\u2013 populariz\u0113ju\u0161as citu izpratni par dzimumu, stiprinot dzimtes ideolo\u0123iju\u00a0Latvij\u0101.\u00a0<a data-id=\"617380\" data-type=\"article\" href=\"https:\/\/www.lsm.lv\/raksts\/zinas\/latvija\/07.10.2025-melbarde-izglitibas-un-zinatnes-ministrija-nepopularize-dzimtes-ideologiju.a617380\/\" class=\"lsm-link\" rel=\"nofollow noopener\" target=\"_blank\">Abas ministres\u00a0<\/a>pret to iebildu\u0161as.<\/p>\n<p>Stambulas konvencijas m\u0113r\u0137is ir aizsarg\u0101t sievietes no jebk\u0101das vardarb\u012bbas un nov\u0113rst vardarb\u012bbu pret sieviet\u0113m un vardarb\u012bbu \u0123imen\u0113, sod\u012bt par to, k\u0101 ar\u012b sekm\u0113t jebk\u0101das vardarb\u012bbas pret sieviet\u0113m izskau\u0161anu un veicin\u0101t sievie\u0161u un v\u012brie\u0161u faktisku l\u012bdzties\u012bbu.\u00a0<a data-id=\"617358\" data-type=\"article\" href=\"https:\/\/www.lsm.lv\/raksts\/zinas\/latvija\/07.10.2025-pedejos-gados-latvija-butiski-stiprinajusi-vardarbibas-mazinasanu-uzulnieks-aicina-gaidit-saeimas-lemumu-par-konvenciju.a617358\/\" class=\"lsm-link\" rel=\"nofollow noopener\" target=\"_blank\">Labkl\u0101j\u012bbas ministrija\u00a0<\/a>iepriek\u0161 v\u0113st\u012bja, ka p\u0113d\u0113jos gados Latvija b\u016btiski stiprin\u0101jusi vardarb\u012bbas mazin\u0101\u0161anu.<\/p>\n<p>                    Valodas k\u013c\u016bda rakst\u0101?<\/p>\n<p class=\"d-none d-md-block\">Iez\u012bm\u0113jiet tekstu un spiediet Ctrl+Enter, lai nos\u016bt\u012btu labojamo teksta fragmentu redaktoram! Par faktu k\u013c\u016bd\u0101m l\u016bdzam zi\u0146ot e-past\u0101 <a href=\"https:\/\/www.lsm.lv\/cdn-cgi\/l\/email-protection\" class=\"__cf_email__\" data-cfemail=\"186a7d7c79737b71727958746b7536746e\" rel=\"nofollow noopener\" target=\"_blank\">[email\u00a0protected]<\/a>.<\/p>\n<p class=\"d-md-none\">Iez\u012bm\u0113jiet tekstu un spiediet uz Zi\u0146ot par k\u013c\u016bdu pogas, lai nos\u016bt\u012btu labojamo teksta fragmentu redaktoram!<\/p>\n<p>\n                    Zi\u0146ot par k\u013c\u016bdu\n                <\/p>\n","protected":false},"excerpt":{"rendered":"Tre\u0161dien, 29. oktobr\u012b, pie Saeimas notiek\u00a0protests pret Latvijas izst\u0101\u0161anos no Eiropas Padomes Konvencijas par vardarb\u012bbas pret sieviet\u0113m un&hellip;\n","protected":false},"author":2,"featured_media":34498,"comment_status":"","ping_status":"","sticky":false,"template":"","format":"standard","meta":{"footnotes":""},"categories":[5],"tags":[23,28,29,32,33,22,30,31,35,39,38,36,37,34,40,20,26,27,24,25,21],"class_list":{"0":"post-34497","1":"post","2":"type-post","3":"status-publish","4":"format-standard","5":"has-post-thumbnail","7":"category-aktualitates","8":"tag-aktualitates","9":"tag-breaking-news","10":"tag-breakingnews","11":"tag-featured-news","12":"tag-featurednews","13":"tag-headlines","14":"tag-latest-news","15":"tag-latestnews","16":"tag-latvia","17":"tag-latvian","18":"tag-latviesu","19":"tag-latviesu-valoda","20":"tag-latviesuvaloda","21":"tag-latvija","22":"tag-lv","23":"tag-news","24":"tag-popularakas-zinas","25":"tag-popularakaszinas","26":"tag-top-stories","27":"tag-topstories","28":"tag-zinas"},"share_on_mastodon":{"url":"https:\/\/pubeurope.com\/@lv\/115458496450394715","error":""},"_links":{"self":[{"href":"https:\/\/www.europesays.com\/lv\/wp-json\/wp\/v2\/posts\/34497","targetHints":{"allow":["GET"]}}],"collection":[{"href":"https:\/\/www.europesays.com\/lv\/wp-json\/wp\/v2\/posts"}],"about":[{"href":"https:\/\/www.europesays.com\/lv\/wp-json\/wp\/v2\/types\/post"}],"author":[{"embeddable":true,"href":"https:\/\/www.europesays.com\/lv\/wp-json\/wp\/v2\/users\/2"}],"replies":[{"embeddable":true,"href":"https:\/\/www.europesays.com\/lv\/wp-json\/wp\/v2\/comments?post=34497"}],"version-history":[{"count":0,"href":"https:\/\/www.europesays.com\/lv\/wp-json\/wp\/v2\/posts\/34497\/revisions"}],"wp:featuredmedia":[{"embeddable":true,"href":"https:\/\/www.europesays.com\/lv\/wp-json\/wp\/v2\/media\/34498"}],"wp:attachment":[{"href":"https:\/\/www.europesays.com\/lv\/wp-json\/wp\/v2\/media?parent=34497"}],"wp:term":[{"taxonomy":"category","embeddable":true,"href":"https:\/\/www.europesays.com\/lv\/wp-json\/wp\/v2\/categories?post=34497"},{"taxonomy":"post_tag","embeddable":true,"href":"https:\/\/www.europesays.com\/lv\/wp-json\/wp\/v2\/tags?post=34497"}],"curies":[{"name":"wp","href":"https:\/\/api.w.org\/{rel}","templated":true}]}}