{"id":34499,"date":"2025-10-29T16:56:08","date_gmt":"2025-10-29T16:56:08","guid":{"rendered":"https:\/\/www.europesays.com\/lv\/34499\/"},"modified":"2025-10-29T16:56:08","modified_gmt":"2025-10-29T16:56:08","slug":"karaviru-skaita-samazinasana-eiropa-nav-speku-izvesana-uzsver-asv-armija-2","status":"publish","type":"post","link":"https:\/\/www.europesays.com\/lv\/34499\/","title":{"rendered":"Karav\u012bru skaita samazin\u0101\u0161ana Eirop\u0101 nav sp\u0113ku izve\u0161ana, uzsver ASV armija"},"content":{"rendered":"<p>&#8220;T\u0101 nav amerik\u0101\u0146u aizie\u0161ana no Eiropas vai sign\u0101ls par maz\u0101ku uztic\u012bbu <a href=\"https:\/\/www.tvnet.lv\/term\/9898\/nato\" class=\"topicLink\" target=\"_blank\" rel=\"nofollow noopener\">NATO<\/a> un 5. pantam,&#8221; teikts <a href=\"https:\/\/www.tvnet.lv\/term\/555410\/asv\" class=\"topicLink\" target=\"_blank\" rel=\"nofollow noopener\">ASV<\/a> armijas Eirop\u0101 un \u0100frik\u0101 pazi\u0146ojum\u0101. &#8220;Dr\u012bz\u0101k t\u0101 ir pozit\u012bva z\u012bme par Eiropas sp\u0113ju un atbild\u012bbas palielin\u0101\u0161anos.&#8221;<\/p>\n<p>ASV inform\u0113ju\u0161as NATO sabiedrotos par ASV karav\u012bru skaita samazin\u0101\u0161anu Eiropas austrumu flang\u0101, tai skait\u0101 Rum\u0101nij\u0101, kur bija pl\u0101nota amerik\u0101\u0146u karav\u012bru izvieto\u0161ana Mihaila Kogelni\u010djanu gaisa sp\u0113ku b\u0101z\u0113, tre\u0161dien pazi\u0146oja Rum\u0101nijas Aizsardz\u012bbas ministrija.<\/p>\n<p>ASV prezidenta Donalda Trampa administr\u0101cija jau iepriek\u0161 br\u012bdin\u0101jusi Eiropas sabiedrotos, ka tiem j\u0101uz\u0146emas liel\u0101ka atbild\u012bba par savu dro\u0161\u012bbu, jo ASV tagad vair\u0101k koncentr\u0113jas uz sav\u0101m robe\u017e\u0101m un Indijas un Klus\u0101 oke\u0101na re\u0123ionu.<\/p>\n<p>Rum\u0101nijas aizsardz\u012bbas ministrs Jonuts Mostjanu pazi\u0146oja, ka neuzskata \u0161o ASV soli par sp\u0113ku atvilk\u0161anu. ASV nol\u0113musi aptur\u0113t t\u0101s brig\u0101des rot\u0101ciju Eirop\u0101, kurai bija elementi vair\u0101k\u0101s NATO valst\u012bs, tai skait\u0101 Bulg\u0101rij\u0101, Rum\u0101nij\u0101, Slov\u0101kij\u0101 un Ung\u0101rij\u0101, \u017eurn\u0101listiem skaidroja ministrs.<\/p>\n<p>Ministrijas pazi\u0146ojum\u0101 teikts, ka ASV sp\u0113ku samazin\u0101\u0161ana ir jauno prezidenta administr\u0101cijas priorit\u0101\u0161u rezult\u0101ts.<\/p>\n<p>Ministrija nor\u0101d\u012bja, ka \u0161\u0101ds l\u0113mums bija gaid\u0101ms, \u0146emot v\u0113r\u0101 izmai\u0146as Va\u0161ingtonas priorit\u0101t\u0113s, ta\u010du Rum\u0101nij\u0101 ar\u012b turpm\u0101k tiks izvietots aptuveni 1000 ASV karav\u012bru. Vi\u0146i pal\u012bdz\u0113s &#8220;attur\u0113t jebk\u0101dus draudus&#8221; un b\u016bs &#8220;garantija Savienoto Valstu ap\u0146\u0113m\u012bbai nodro\u0161in\u0101t re\u0123ion\u0101lo dro\u0161\u012bbu&#8221;, skaidroja Mostjanu.<\/p>\n","protected":false},"excerpt":{"rendered":"&#8220;T\u0101 nav amerik\u0101\u0146u aizie\u0161ana no Eiropas vai sign\u0101ls par maz\u0101ku uztic\u012bbu NATO un 5. pantam,&#8221; teikts ASV armijas&hellip;\n","protected":false},"author":2,"featured_media":34500,"comment_status":"","ping_status":"","sticky":false,"template":"","format":"standard","meta":{"footnotes":""},"categories":[14],"tags":[1546,23,57,292,28,29,427,32,33,22,30,31,35,39,38,36,37,34,40,71,20,26,27,24,25,54,55,56,21,58],"class_list":{"0":"post-34499","1":"post","2":"type-post","3":"status-publish","4":"format-standard","5":"has-post-thumbnail","7":"category-zinas-no-arvalstim","8":"tag-aizsardziba","9":"tag-aktualitates","10":"tag-arvalstim","11":"tag-asv","12":"tag-breaking-news","13":"tag-breakingnews","14":"tag-eiropa","15":"tag-featured-news","16":"tag-featurednews","17":"tag-headlines","18":"tag-latest-news","19":"tag-latestnews","20":"tag-latvia","21":"tag-latvian","22":"tag-latviesu","23":"tag-latviesu-valoda","24":"tag-latviesuvaloda","25":"tag-latvija","26":"tag-lv","27":"tag-nato","28":"tag-news","29":"tag-popularakas-zinas","30":"tag-popularakaszinas","31":"tag-top-stories","32":"tag-topstories","33":"tag-world","34":"tag-world-news","35":"tag-worldnews","36":"tag-zinas","37":"tag-zinas-no-arvalstim"},"share_on_mastodon":{"url":"https:\/\/pubeurope.com\/@lv\/115458512150738714","error":""},"_links":{"self":[{"href":"https:\/\/www.europesays.com\/lv\/wp-json\/wp\/v2\/posts\/34499","targetHints":{"allow":["GET"]}}],"collection":[{"href":"https:\/\/www.europesays.com\/lv\/wp-json\/wp\/v2\/posts"}],"about":[{"href":"https:\/\/www.europesays.com\/lv\/wp-json\/wp\/v2\/types\/post"}],"author":[{"embeddable":true,"href":"https:\/\/www.europesays.com\/lv\/wp-json\/wp\/v2\/users\/2"}],"replies":[{"embeddable":true,"href":"https:\/\/www.europesays.com\/lv\/wp-json\/wp\/v2\/comments?post=34499"}],"version-history":[{"count":0,"href":"https:\/\/www.europesays.com\/lv\/wp-json\/wp\/v2\/posts\/34499\/revisions"}],"wp:featuredmedia":[{"embeddable":true,"href":"https:\/\/www.europesays.com\/lv\/wp-json\/wp\/v2\/media\/34500"}],"wp:attachment":[{"href":"https:\/\/www.europesays.com\/lv\/wp-json\/wp\/v2\/media?parent=34499"}],"wp:term":[{"taxonomy":"category","embeddable":true,"href":"https:\/\/www.europesays.com\/lv\/wp-json\/wp\/v2\/categories?post=34499"},{"taxonomy":"post_tag","embeddable":true,"href":"https:\/\/www.europesays.com\/lv\/wp-json\/wp\/v2\/tags?post=34499"}],"curies":[{"name":"wp","href":"https:\/\/api.w.org\/{rel}","templated":true}]}}