{"id":34503,"date":"2025-10-29T17:03:14","date_gmt":"2025-10-29T17:03:14","guid":{"rendered":"https:\/\/www.europesays.com\/lv\/34503\/"},"modified":"2025-10-29T17:03:14","modified_gmt":"2025-10-29T17:03:14","slug":"sie-cilveki-izgajusi-cauri-manam-rentgenam","status":"publish","type":"post","link":"https:\/\/www.europesays.com\/lv\/34503\/","title":{"rendered":"\u0160ie cilv\u0113ki izg\u0101ju\u0161i cauri manam rentgenam"},"content":{"rendered":"<p>Lai gan da\u013cu no domubiedriem, ar kuriem kop\u0101 pieteicis politisko organiz\u0101ciju &#8220;Bez partij\u0101m&#8221; Jaun\u0101 R\u012bgas te\u0101tra (JRT) re\u017eisors <a rel=\"noopener nofollow\" target=\"_blank\" href=\"https:\/\/www.delfi.lv\/temas\/40410413\/alvis-hermanis\" data-rel-date-range=\"[]\">Alvis Hermanis<\/a> paz\u012bstot sal\u012bdzino\u0161i neilgi un da\u013cai politikas v\u0113rot\u0101ju vi\u0146u iepriek\u0161\u0113jie so\u013ci politik\u0101 izraisa jaut\u0101jumus, intervij\u0101 &#8220;Delfi TV&#8221; raid\u012bjumam &#8220;K\u0101p\u0113c&#8221; Hermanis tre\u0161dien pauda, ka \u0161iem cilv\u0113kiem uzticas: &#8220;Mana profesija m\u0101ca sken\u0113t cilv\u0113kus, ar kuriem man ir person\u012bgs kontakts un v\u0113l ilglaic\u012bgs. Tad es laikam esmu iem\u0101c\u012bjies kaut k\u0101dam savam rentgenam uztic\u0113ties. \u0160ie konkr\u0113tie cilv\u0113ki ir izg\u0101ju\u0161i cauri manam re\u0123ionam, un es vi\u0146iem uzticos.&#8221; <\/p>\n<p class=\"m-0\">Seko &#8220;Delfi&#8221; ar\u012b  <a target=\"_blank\" href=\"https:\/\/www.instagram.com\/delfi.lv\/\" rel=\"nofollow noopener\">Instagram<\/a>  un <a target=\"_blank\" href=\"https:\/\/www.youtube.com\/channel\/UCw5foWtcJvAbUm64rv7jwUQ\" rel=\"nofollow noopener\">YouTube<\/a>  profil\u0101 \u2013 pievienojies, lai uzzin\u0101tu svar\u012bg\u0101ko un interesant\u0101ko pirmais!<\/p>\n<p>Publik\u0101cijas saturs vai t\u0101s jebk\u0101da apjoma da\u013ca ir aizsarg\u0101ts autorties\u012bbu objekts Autorties\u012bbu likuma izpratn\u0113, un t\u0101 izmanto\u0161ana bez izdev\u0113ja at\u013caujas ir aizliegta. Vair\u0101k lasi  <a target=\"_blank\" href=\"https:\/\/www.delfi.lv\/noteikumi#autortiesibas\" rel=\"nofollow noopener\">\u0161eit<\/a><script async src=\"\/\/www.instagram.com\/embed.js\"><\/script><\/p>\n","protected":false},"excerpt":{"rendered":"Lai gan da\u013cu no domubiedriem, ar kuriem kop\u0101 pieteicis politisko organiz\u0101ciju &#8220;Bez partij\u0101m&#8221; Jaun\u0101 R\u012bgas te\u0101tra (JRT) re\u017eisors&hellip;\n","protected":false},"author":2,"featured_media":34504,"comment_status":"","ping_status":"","sticky":false,"template":"","format":"standard","meta":{"footnotes":""},"categories":[12],"tags":[4188,23,5992,28,29,5728,8665,32,33,22,5272,10137,30,31,35,39,38,36,37,34,40,20,26,27,24,25,21],"class_list":{"0":"post-34503","1":"post","2":"type-post","3":"status-publish","4":"format-standard","5":"has-post-thumbnail","7":"category-latvija","8":"tag-aizkadra","9":"tag-aktualitates","10":"tag-alvis-hermanis","11":"tag-breaking-news","12":"tag-breakingnews","13":"tag-delfi-plus","14":"tag-didzis-smits","15":"tag-featured-news","16":"tag-featurednews","17":"tag-headlines","18":"tag-jaunais-rigas-teatris","19":"tag-kapec","20":"tag-latest-news","21":"tag-latestnews","22":"tag-latvia","23":"tag-latvian","24":"tag-latviesu","25":"tag-latviesu-valoda","26":"tag-latviesuvaloda","27":"tag-latvija","28":"tag-lv","29":"tag-news","30":"tag-popularakas-zinas","31":"tag-popularakaszinas","32":"tag-top-stories","33":"tag-topstories","34":"tag-zinas"},"share_on_mastodon":{"url":"https:\/\/pubeurope.com\/@lv\/115458539812201861","error":""},"_links":{"self":[{"href":"https:\/\/www.europesays.com\/lv\/wp-json\/wp\/v2\/posts\/34503","targetHints":{"allow":["GET"]}}],"collection":[{"href":"https:\/\/www.europesays.com\/lv\/wp-json\/wp\/v2\/posts"}],"about":[{"href":"https:\/\/www.europesays.com\/lv\/wp-json\/wp\/v2\/types\/post"}],"author":[{"embeddable":true,"href":"https:\/\/www.europesays.com\/lv\/wp-json\/wp\/v2\/users\/2"}],"replies":[{"embeddable":true,"href":"https:\/\/www.europesays.com\/lv\/wp-json\/wp\/v2\/comments?post=34503"}],"version-history":[{"count":0,"href":"https:\/\/www.europesays.com\/lv\/wp-json\/wp\/v2\/posts\/34503\/revisions"}],"wp:featuredmedia":[{"embeddable":true,"href":"https:\/\/www.europesays.com\/lv\/wp-json\/wp\/v2\/media\/34504"}],"wp:attachment":[{"href":"https:\/\/www.europesays.com\/lv\/wp-json\/wp\/v2\/media?parent=34503"}],"wp:term":[{"taxonomy":"category","embeddable":true,"href":"https:\/\/www.europesays.com\/lv\/wp-json\/wp\/v2\/categories?post=34503"},{"taxonomy":"post_tag","embeddable":true,"href":"https:\/\/www.europesays.com\/lv\/wp-json\/wp\/v2\/tags?post=34503"}],"curies":[{"name":"wp","href":"https:\/\/api.w.org\/{rel}","templated":true}]}}