{"id":34507,"date":"2025-10-29T17:06:17","date_gmt":"2025-10-29T17:06:17","guid":{"rendered":"https:\/\/www.europesays.com\/lv\/34507\/"},"modified":"2025-10-29T17:06:17","modified_gmt":"2025-10-29T17:06:17","slug":"bijusais-delfi-sporta-zurnalists-lacis-kluvis-par-nba-kluba-skautu","status":"publish","type":"post","link":"https:\/\/www.europesays.com\/lv\/34507\/","title":{"rendered":"Biju\u0161ais &#8220;Delfi&#8221; sporta \u017eurn\u0101lists L\u0101cis k\u013cuvis par NBA kluba skautu"},"content":{"rendered":"<p>Biju\u0161ais sporta \u017eurn\u0101lists un basketbola anal\u012bti\u0137is <a rel=\"noopener nofollow\" target=\"_blank\" href=\"https:\/\/www.delfi.lv\/temas\/54068306\/reinis-lacis\" tag-id=\"54068306\">Reinis L\u0101cis<\/a> k\u013cuvis par pirmo latvieti, kur\u0161 str\u0101d\u0101s Nacion\u0101l\u0101s basketbola asoci\u0101cijas (<a rel=\"noopener nofollow\" target=\"_blank\" href=\"https:\/\/www.delfi.lv\/temas\/35299954\/nba\" tag-id=\"35299954\">NBA<\/a>) kluba biroj\u0101, uz\u0146emoties <a rel=\"noopener nofollow\" target=\"_blank\" href=\"https:\/\/www.delfi.lv\/temas\/35962617\/76ers-filadelfija\" tag-id=\"35962617\">Filadelfijas &#8220;76ers&#8221;<\/a> skauta pien\u0101kumus, v\u0113sta raid\u012bjums &#8220;\u016adensze\u013c\u013ci&#8221;.<\/p>\n<p class=\"m-0\">Seko &#8220;Delfi&#8221; ar\u012b  <a target=\"_blank\" href=\"https:\/\/www.instagram.com\/delfi.lv\/\" rel=\"nofollow noopener\">Instagram<\/a>  un <a target=\"_blank\" href=\"https:\/\/www.youtube.com\/channel\/UCw5foWtcJvAbUm64rv7jwUQ\" rel=\"nofollow noopener\">YouTube<\/a>  profil\u0101 \u2013 pievienojies, lai uzzin\u0101tu svar\u012bg\u0101ko un interesant\u0101ko pirmais!<\/p>\n<p>Publik\u0101cijas saturs vai t\u0101s jebk\u0101da apjoma da\u013ca ir aizsarg\u0101ts autorties\u012bbu objekts Autorties\u012bbu likuma izpratn\u0113, un t\u0101 izmanto\u0161ana bez izdev\u0113ja at\u013caujas ir aizliegta. Vair\u0101k lasi  <a target=\"_blank\" href=\"https:\/\/www.delfi.lv\/noteikumi#autortiesibas\" rel=\"nofollow noopener\">\u0161eit<\/a><script async src=\"\/\/www.instagram.com\/embed.js\"><\/script><\/p>\n","protected":false},"excerpt":{"rendered":"Biju\u0161ais sporta \u017eurn\u0101lists un basketbola anal\u012bti\u0137is Reinis L\u0101cis k\u013cuvis par pirmo latvieti, kur\u0161 str\u0101d\u0101s Nacion\u0101l\u0101s basketbola asoci\u0101cijas (NBA)&hellip;\n","protected":false},"author":2,"featured_media":34508,"comment_status":"","ping_status":"","sticky":false,"template":"","format":"standard","meta":{"footnotes":""},"categories":[17],"tags":[10225,10226,7105,744,35,39,38,36,37,34,7194,40,1258,10227,146,67],"class_list":{"0":"post-34507","1":"post","2":"type-post","3":"status-publish","4":"format-standard","5":"has-post-thumbnail","7":"category-sports","8":"tag-76ers-filadelfija","9":"tag-anzejs-pasecniks","10":"tag-delfi","11":"tag-eurobasket-2025","12":"tag-latvia","13":"tag-latvian","14":"tag-latviesu","15":"tag-latviesu-valoda","16":"tag-latviesuvaloda","17":"tag-latvija","18":"tag-latvijas-basketbola-savieniba","19":"tag-lv","20":"tag-nba","21":"tag-reinis-lacis","22":"tag-rigas-zelli","23":"tag-sports"},"share_on_mastodon":{"url":"https:\/\/pubeurope.com\/@lv\/115458551501636561","error":""},"_links":{"self":[{"href":"https:\/\/www.europesays.com\/lv\/wp-json\/wp\/v2\/posts\/34507","targetHints":{"allow":["GET"]}}],"collection":[{"href":"https:\/\/www.europesays.com\/lv\/wp-json\/wp\/v2\/posts"}],"about":[{"href":"https:\/\/www.europesays.com\/lv\/wp-json\/wp\/v2\/types\/post"}],"author":[{"embeddable":true,"href":"https:\/\/www.europesays.com\/lv\/wp-json\/wp\/v2\/users\/2"}],"replies":[{"embeddable":true,"href":"https:\/\/www.europesays.com\/lv\/wp-json\/wp\/v2\/comments?post=34507"}],"version-history":[{"count":0,"href":"https:\/\/www.europesays.com\/lv\/wp-json\/wp\/v2\/posts\/34507\/revisions"}],"wp:featuredmedia":[{"embeddable":true,"href":"https:\/\/www.europesays.com\/lv\/wp-json\/wp\/v2\/media\/34508"}],"wp:attachment":[{"href":"https:\/\/www.europesays.com\/lv\/wp-json\/wp\/v2\/media?parent=34507"}],"wp:term":[{"taxonomy":"category","embeddable":true,"href":"https:\/\/www.europesays.com\/lv\/wp-json\/wp\/v2\/categories?post=34507"},{"taxonomy":"post_tag","embeddable":true,"href":"https:\/\/www.europesays.com\/lv\/wp-json\/wp\/v2\/tags?post=34507"}],"curies":[{"name":"wp","href":"https:\/\/api.w.org\/{rel}","templated":true}]}}