{"id":34542,"date":"2025-10-29T18:08:15","date_gmt":"2025-10-29T18:08:15","guid":{"rendered":"https:\/\/www.europesays.com\/lv\/34542\/"},"modified":"2025-10-29T18:08:15","modified_gmt":"2025-10-29T18:08:15","slug":"tramps-gaida-daudzu-problemu-atrisinasanu-sarunas-ar-dzjinpinu","status":"publish","type":"post","link":"https:\/\/www.europesays.com\/lv\/34542\/","title":{"rendered":"Tramps gaida daudzu probl\u0113mu atrisin\u0101\u0161anu sarun\u0101s ar Dzji\u0146pinu"},"content":{"rendered":"<p>Ceturtdien paredz\u0113t\u0101s Sji un Trampa sarunas b\u016bs vi\u0146u pirm\u0101 tik\u0161an\u0101s kl\u0101tien\u0113 kop\u0161 Trampa atgrie\u0161an\u0101s Baltaj\u0101 nam\u0101 \u0161\u012b gada janv\u0101r\u012b. <a href=\"https:\/\/www.apollo.lv\/term\/555410\/asv\" class=\"topicLink\" target=\"_blank\" rel=\"nofollow noopener\">ASV<\/a> prezidents sagaida, ka sarunu rezult\u0101t\u0101 Savienot\u0101s Valstis samazin\u0101s tarifus \u0136\u012bnai.<\/p>\n<p>&#8220;Es dom\u0101ju, ka mums b\u016bs lieliska tik\u0161an\u0101s ar \u0136\u012bnas prezidentu Sji, un daudzas probl\u0113mas tiks atrisin\u0101tas,&#8221; pazi\u0146oja Tramps, dodoties uz Dienvidkoreju, kur paredz\u0113ta abu l\u012bderu tik\u0161an\u0101s.<\/p>\n<p>Vi\u0146\u0161 ar\u012b nor\u0101d\u012bja, ka &#8220;nav p\u0101rliecin\u0101ts&#8221;, vai tik\u0161an\u0101s laik\u0101 apspried\u012bs Taiv\u0101nas pa\u0161p\u0101rvaldes jaut\u0101jumu.<\/p>\n<p>Tramps \u0161oned\u0113\u013c atrodas \u0100zij\u0101, kur jau apmekl\u0113jis Malaiziju un Jap\u0101nu, bet \u0161odien ierad\u012bsies Dienvidkorej\u0101 uz \u0100zijas un Klus\u0101 oke\u0101na valstu ekonomisk\u0101s sadarb\u012bbas (APEC) samitu, kur\u0101 piedal\u012bsies ar\u012b Sji.<\/p>\n<p>Trampa un Sji tik\u0161an\u0101s var b\u016bt iz\u0161\u0137iro\u0161a tirdzniec\u012bbas kar\u0101, kas valda starp ab\u0101m valst\u012bm un ietekm\u0113 visu pasauli.<\/p>\n<p>Diplom\u0101ti no Pekinas un Va\u0161ingtonas apstiprin\u0101ja, ka pan\u0101kta vieno\u0161an\u0101s par sarunu ietvaru.<\/p>\n<p>Savienot\u0101s Valstis &#8220;\u013coti v\u0113las pan\u0101kt jebk\u0101du tirdzniec\u012bbas vieno\u0161anos, ko Tramps var\u0113tu pasludin\u0101t par uzvaru&#8221;, savuk\u0101rt <a href=\"https:\/\/www.apollo.lv\/term\/555483\/kina\" class=\"topicLink\" target=\"_blank\" rel=\"nofollow noopener\">\u0136\u012bna<\/a> koncentr\u0113jas uz &#8220;liel\u0101kas savstarp\u0113j\u0101s uztic\u012bbas veido\u0161anu, ilgsto\u0161u at\u0161\u0137ir\u012bbu p\u0101rvar\u0113\u0161anu un divpus\u0113jo tirdzniec\u012bbas attiec\u012bbu nostabiliz\u0113\u0161anu&#8221;, skaidroja Starptautisk\u0101s Kr\u012bzes grupas anal\u012bti\u0137is Viljams Jangs, nor\u0101dot, ka abas puses ac\u012bmredzot sagaida at\u0161\u0137ir\u012bgas lietas no \u0161\u012bs tik\u0161an\u0101s.<\/p>\n","protected":false},"excerpt":{"rendered":"Ceturtdien paredz\u0113t\u0101s Sji un Trampa sarunas b\u016bs vi\u0146u pirm\u0101 tik\u0161an\u0101s kl\u0101tien\u0113 kop\u0161 Trampa atgrie\u0161an\u0101s Baltaj\u0101 nam\u0101 \u0161\u012b gada&hellip;\n","protected":false},"author":2,"featured_media":30648,"comment_status":"","ping_status":"","sticky":false,"template":"","format":"standard","meta":{"footnotes":""},"categories":[14],"tags":[23,57,292,28,29,542,32,33,22,4213,30,31,35,39,38,36,37,34,40,20,26,27,630,24,25,54,55,56,21,58],"class_list":{"0":"post-34542","1":"post","2":"type-post","3":"status-publish","4":"format-standard","5":"has-post-thumbnail","7":"category-zinas-no-arvalstim","8":"tag-aktualitates","9":"tag-arvalstim","10":"tag-asv","11":"tag-breaking-news","12":"tag-breakingnews","13":"tag-donalds-tramps","14":"tag-featured-news","15":"tag-featurednews","16":"tag-headlines","17":"tag-kina","18":"tag-latest-news","19":"tag-latestnews","20":"tag-latvia","21":"tag-latvian","22":"tag-latviesu","23":"tag-latviesu-valoda","24":"tag-latviesuvaloda","25":"tag-latvija","26":"tag-lv","27":"tag-news","28":"tag-popularakas-zinas","29":"tag-popularakaszinas","30":"tag-sji-dzjinpins","31":"tag-top-stories","32":"tag-topstories","33":"tag-world","34":"tag-world-news","35":"tag-worldnews","36":"tag-zinas","37":"tag-zinas-no-arvalstim"},"share_on_mastodon":{"url":"https:\/\/pubeurope.com\/@lv\/115458795294578556","error":""},"_links":{"self":[{"href":"https:\/\/www.europesays.com\/lv\/wp-json\/wp\/v2\/posts\/34542","targetHints":{"allow":["GET"]}}],"collection":[{"href":"https:\/\/www.europesays.com\/lv\/wp-json\/wp\/v2\/posts"}],"about":[{"href":"https:\/\/www.europesays.com\/lv\/wp-json\/wp\/v2\/types\/post"}],"author":[{"embeddable":true,"href":"https:\/\/www.europesays.com\/lv\/wp-json\/wp\/v2\/users\/2"}],"replies":[{"embeddable":true,"href":"https:\/\/www.europesays.com\/lv\/wp-json\/wp\/v2\/comments?post=34542"}],"version-history":[{"count":0,"href":"https:\/\/www.europesays.com\/lv\/wp-json\/wp\/v2\/posts\/34542\/revisions"}],"wp:featuredmedia":[{"embeddable":true,"href":"https:\/\/www.europesays.com\/lv\/wp-json\/wp\/v2\/media\/30648"}],"wp:attachment":[{"href":"https:\/\/www.europesays.com\/lv\/wp-json\/wp\/v2\/media?parent=34542"}],"wp:term":[{"taxonomy":"category","embeddable":true,"href":"https:\/\/www.europesays.com\/lv\/wp-json\/wp\/v2\/categories?post=34542"},{"taxonomy":"post_tag","embeddable":true,"href":"https:\/\/www.europesays.com\/lv\/wp-json\/wp\/v2\/tags?post=34542"}],"curies":[{"name":"wp","href":"https:\/\/api.w.org\/{rel}","templated":true}]}}