{"id":34572,"date":"2025-10-29T18:54:34","date_gmt":"2025-10-29T18:54:34","guid":{"rendered":"https:\/\/www.europesays.com\/lv\/34572\/"},"modified":"2025-10-29T18:54:34","modified_gmt":"2025-10-29T18:54:34","slug":"galvenie-protams-ir-treneri-esmu-seit-lai-komandai-palidzetu-handbols-sportacentrs-com","status":"publish","type":"post","link":"https:\/\/www.europesays.com\/lv\/34572\/","title":{"rendered":"&#8220;Galvenie, protams, ir treneri. Esmu \u0161eit, lai komandai pal\u012bdz\u0113tu&#8221; \u2013 Handbols \u2013 Sportacentrs.com"},"content":{"rendered":"<p>August\u0101 par Latvijas izlases galveno treneri k\u013cuva V\u0101cij\u0101 dz\u012bvojo\u0161ais latvie\u0161u speci\u0101lists Margots Valkovskis. Vi\u0146a pal\u012bgs ir Aleksandrs P\u0113tersons, bet v\u0101rtsargu trenera pien\u0101kumus pilda pieredz\u0113ju\u0161ais Andris Molotanovs. \u0160aj\u0101 treni\u0146nometn\u0113 izlases treneru kolekt\u012bv\u0101 darbosies ar\u012b Dobeles \u201cTenax\u201d v\u0101rtsargu treneris Dainis Putra. Vi\u0146\u0161 kop\u0101 ar valstsvien\u012bbu dosies uz sp\u0113l\u0113m Luksemburg\u0101, bet Molotanovs \u0161aj\u0101 ned\u0113\u013cas nogal\u0113 pievienosies Latvijas U-18 z\u0113nu izlasei, kurai \u0160veic\u0113 no 31. oktobra l\u012bdz 2. novembrim j\u0101aizvada Eiropas \u010dempion\u0101ta kvalifik\u0101cijas B apak\u0161grupas turn\u012brs.<br \/>Jaunais treneru korpuss uz pirmo sabraukumu aicin\u0101jis 18 no 32 valstsvien\u012bbas kandid\u0101tiem.<\/p>\n<p>Asto\u0146i no tiem ir \u0101rzem\u0113s sp\u0113l\u0113jo\u0161ie latvie\u0161i \u2013 Dainis Kri\u0161top\u0101ns (\u201cMT Melsungen\u201d, V\u0101cijas Bundesl\u012bga), br\u0101\u013ci J\u0101nis P\u0101vels un Leonards Valkovski (\u201cHSC 2000 Coburg\u201d, V\u0101cijas 2. Bundesl\u012bga), Jevge\u0146ijs Rogonovs (\u201cVilla de Aranda\u201d, Sp\u0101nijas augst\u0101k\u0101 l\u012bga), Art\u016brs Meik\u0161\u0101ns (\u201cPolva Serviti\u201d, Igaunijas augst\u0101k\u0101 l\u012bga), Endijs Ku\u0161ners (\u201cHordur\u201d, Islandes 2. l\u012bga), Niks Lagzda (\u201cCS Chenois Geneve\u201d, \u0160veices 2. l\u012bga) un Rauls Erlends Serafimovi\u010ds (\u201cTV Steffisburg\u201d, \u0160veices 2. l\u012bga).<\/p>\n<p>No viet\u0113jo klubu sp\u0113l\u0113t\u0101jiem treni\u0146nometn\u0113 piedal\u0101s Ritvars Putra, Ri\u010dards Juzups, Kristers Suharevs, Em\u012bls Kurzemnieks, \u0145ikita Pan\u010denko, M\u0101rti\u0146\u0161 Misulis (visi Dobeles \u201cTenax\u201d), Valdis Kalni\u0146\u0161, Krists Vidzis (abi ASK\/MS\u0122), Lauris Matis\u0101ns un Ein\u0101rs Borisovs (abi \u201cSK Latgols\u201d).<\/p>\n<p>Ieguvums komandai un jauno treneru v\u012bzijas realiz\u0113\u0161anai valstsvien\u012bbas att\u012bst\u012bb\u0101 ir V\u0101cijas bundesl\u012bgas kluba \u201cMT Melsungen\u201d sp\u0113l\u0113t\u0101ja Dai\u0146a Kri\u0161top\u0101na p\u0113c tr\u012bs gadu p\u0101rtraukuma atgrie\u0161an\u0101s izlases aprit\u0113.<\/p>\n<p>\u201cIr vienm\u0113r pat\u012bkami atgriezties m\u0101j\u0101s. Esam aizvd\u012bju\u0161i v\u0113l tikai vienu treni\u0146u, t\u0101p\u0113c v\u0113l nepiecie\u0161ams laiks pierast. Galvenie, protams, ir treneri, bet es esmu \u0161eit, lai komandai pal\u012bdz\u0113tu. Man nav skaidri noteikta loma \u2013 ko treneri liks, to ar\u012b dar\u012b\u0161u. Vakar treni\u0146\u0101 v\u0113l tikai iesild\u012bj\u0101mies, \u0161odien s\u0101ksies video anal\u012bze, run\u0101\u0161ana un pl\u0101no\u0161ana, l\u012bdz ar to redz\u0113sim k\u0101 viss att\u012bst\u012bsies t\u0101l\u0101k,\u201d par atgrie\u0161anos izlas\u0113 sac\u012bja Dainis Kri\u0161top\u0101ns.<\/p>\n<p>\u201cIepriek\u0161 ar Luksemburgu izlasei nav bijusi laba pieredze, t\u0101p\u0113c nopietni skatos uz gaid\u0101maj\u0101m sp\u0113l\u0113m. Neb\u016bs viegli, jo p\u0113c ilg\u0101kas pauzes un pavisam \u012bs\u0101 laik\u0101 komandai j\u0101sp\u0113j sasp\u0113l\u0113ties. B\u016bs j\u0101izmanto k\u0101das vilt\u012bbas un maksim\u0101li j\u0101nokoncentr\u0113j\u0101s, lai no sp\u0113l\u0113m ieg\u016btu v\u0113lamo rezult\u0101tu,\u201d papildina Kri\u0161top\u0101ns.<\/p>\n<p>Abas 2027. gada pasaules \u010dempion\u0101ta priek\u0161kvalifik\u0101cijas sp\u0113les pret Luksemburgu Latvijas izlase aizvad\u012bs izbraukum\u0101 \u2013 1. un 2. novembr\u012b. Pirm\u0101 sp\u0113le s\u0101ksies plkst. 21.00 p\u0113c Latvijas laika, bet otr\u0101 \u2013 plkst. 18.30.Sestdienas ma\u010ds (1. novembr\u012b) tiks transl\u0113ts tie\u0161raid\u0113 Eiropas Handbola feder\u0101cijas platform\u0101 ehftv.com, savuk\u0101rt iesp\u0113ju sekot l\u012bdzi iz\u0161\u0137iro\u0161ajai sp\u0113lei sv\u0113tdien nodro\u0161in\u0101s Latvijas Telev\u012bzija kan\u0101l\u0101 LTV7.<\/p>\n<p>Izmantotie resursi:<br \/><a target=\"_blank\" href=\"https:\/\/handball.lv\/news\/latvijas-viriesu-izlase-dobele-gatavojas-pc-priekskvalifikacijai-ierinda-atgriezas-dainis-kristopans\" rel=\"nofollow noopener\">https:\/\/handball.lv\/news\/latvijas-v&#8230;<\/a><\/p>\n","protected":false},"excerpt":{"rendered":"August\u0101 par Latvijas izlases galveno treneri k\u013cuva V\u0101cij\u0101 dz\u012bvojo\u0161ais latvie\u0161u speci\u0101lists Margots Valkovskis. Vi\u0146a pal\u012bgs ir Aleksandrs P\u0113tersons,&hellip;\n","protected":false},"author":2,"featured_media":34573,"comment_status":"","ping_status":"","sticky":false,"template":"","format":"standard","meta":{"footnotes":""},"categories":[17],"tags":[1615,35,39,38,36,37,34,40,67],"class_list":{"0":"post-34572","1":"post","2":"type-post","3":"status-publish","4":"format-standard","5":"has-post-thumbnail","7":"category-sports","8":"tag-handbols","9":"tag-latvia","10":"tag-latvian","11":"tag-latviesu","12":"tag-latviesu-valoda","13":"tag-latviesuvaloda","14":"tag-latvija","15":"tag-lv","16":"tag-sports"},"share_on_mastodon":{"url":"https:\/\/pubeurope.com\/@lv\/115458976164347023","error":""},"_links":{"self":[{"href":"https:\/\/www.europesays.com\/lv\/wp-json\/wp\/v2\/posts\/34572","targetHints":{"allow":["GET"]}}],"collection":[{"href":"https:\/\/www.europesays.com\/lv\/wp-json\/wp\/v2\/posts"}],"about":[{"href":"https:\/\/www.europesays.com\/lv\/wp-json\/wp\/v2\/types\/post"}],"author":[{"embeddable":true,"href":"https:\/\/www.europesays.com\/lv\/wp-json\/wp\/v2\/users\/2"}],"replies":[{"embeddable":true,"href":"https:\/\/www.europesays.com\/lv\/wp-json\/wp\/v2\/comments?post=34572"}],"version-history":[{"count":0,"href":"https:\/\/www.europesays.com\/lv\/wp-json\/wp\/v2\/posts\/34572\/revisions"}],"wp:featuredmedia":[{"embeddable":true,"href":"https:\/\/www.europesays.com\/lv\/wp-json\/wp\/v2\/media\/34573"}],"wp:attachment":[{"href":"https:\/\/www.europesays.com\/lv\/wp-json\/wp\/v2\/media?parent=34572"}],"wp:term":[{"taxonomy":"category","embeddable":true,"href":"https:\/\/www.europesays.com\/lv\/wp-json\/wp\/v2\/categories?post=34572"},{"taxonomy":"post_tag","embeddable":true,"href":"https:\/\/www.europesays.com\/lv\/wp-json\/wp\/v2\/tags?post=34572"}],"curies":[{"name":"wp","href":"https:\/\/api.w.org\/{rel}","templated":true}]}}