{"id":34599,"date":"2025-10-29T19:40:09","date_gmt":"2025-10-29T19:40:09","guid":{"rendered":"https:\/\/www.europesays.com\/lv\/34599\/"},"modified":"2025-10-29T19:40:09","modified_gmt":"2025-10-29T19:40:09","slug":"8-xi-pasakumu-cikla-latviesu-gramatai-500-svinibas-ulbroka","status":"publish","type":"post","link":"https:\/\/www.europesays.com\/lv\/34599\/","title":{"rendered":"8.XI Pas\u0101kumu cikla &#8220;Latvie\u0161u gr\u0101matai 500&#8221; svin\u012bbas Ulbrok\u0101"},"content":{"rendered":"<p>8.novembr\u012b no plkst.11.00 Ulbrokas bibliot\u0113k\u0101 notiks pas\u0101kumu cikla &#8220;Latvie\u0161u gr\u0101matai 500&#8221; svin\u012bbas. Dienas laik\u0101\u00a0gr\u0101matu atjauno\u0161anas iesp\u0113ja un saj\u016btas, ko rad\u012bs un r\u0101d\u012bs dizainere\u00a0Aiva Bumbure. Kop\u0101 god\u0101sim gr\u0101matu un Latvijas maizi, veicin\u0101sim izpratni par maizes v\u0113rt\u012bb\u0101m \u2013 viesosies maiznieka amata\u00a0meistare\u00a0Gunta Duka. \u012apa\u0161ais\u00a0Novadp\u0113tnieku launags \u2013 par da\u017e\u0101du objektu restaur\u0101ciju\u00a0st\u0101st\u012bs restauratore\u00a0Inese Ozoli\u0146a. Darbs ar tekstu un arh\u012bvi v\u0113stures p\u0113t\u012b\u0161an\u0101 sarun\u0101 ar m\u0101kslas v\u0113sturnieci\u00a0Vitu Bangu.<\/p>\n","protected":false},"excerpt":{"rendered":"8.novembr\u012b no plkst.11.00 Ulbrokas bibliot\u0113k\u0101 notiks pas\u0101kumu cikla &#8220;Latvie\u0161u gr\u0101matai 500&#8221; svin\u012bbas. Dienas laik\u0101\u00a0gr\u0101matu atjauno\u0161anas iesp\u0113ja un saj\u016btas,&hellip;\n","protected":false},"author":2,"featured_media":34600,"comment_status":"","ping_status":"","sticky":false,"template":"","format":"standard","meta":{"footnotes":""},"categories":[5],"tags":[23,28,29,47,32,33,22,381,64,30,31,35,39,38,36,37,34,40,20,385,26,27,172,382,384,383,24,25,21],"class_list":{"0":"post-34599","1":"post","2":"type-post","3":"status-publish","4":"format-standard","5":"has-post-thumbnail","7":"category-aktualitates","8":"tag-aktualitates","9":"tag-breaking-news","10":"tag-breakingnews","11":"tag-ekonomika","12":"tag-featured-news","13":"tag-featurednews","14":"tag-headlines","15":"tag-jaunumi","16":"tag-kultura","17":"tag-latest-news","18":"tag-latestnews","19":"tag-latvia","20":"tag-latvian","21":"tag-latviesu","22":"tag-latviesu-valoda","23":"tag-latviesuvaloda","24":"tag-latvija","25":"tag-lv","26":"tag-news","27":"tag-pieriga","28":"tag-popularakas-zinas","29":"tag-popularakaszinas","30":"tag-riga","31":"tag-sabiedriba","32":"tag-sludinajumi","33":"tag-sports-afisa","34":"tag-top-stories","35":"tag-topstories","36":"tag-zinas"},"share_on_mastodon":{"url":"https:\/\/pubeurope.com\/@lv\/115459157056462185","error":""},"_links":{"self":[{"href":"https:\/\/www.europesays.com\/lv\/wp-json\/wp\/v2\/posts\/34599","targetHints":{"allow":["GET"]}}],"collection":[{"href":"https:\/\/www.europesays.com\/lv\/wp-json\/wp\/v2\/posts"}],"about":[{"href":"https:\/\/www.europesays.com\/lv\/wp-json\/wp\/v2\/types\/post"}],"author":[{"embeddable":true,"href":"https:\/\/www.europesays.com\/lv\/wp-json\/wp\/v2\/users\/2"}],"replies":[{"embeddable":true,"href":"https:\/\/www.europesays.com\/lv\/wp-json\/wp\/v2\/comments?post=34599"}],"version-history":[{"count":0,"href":"https:\/\/www.europesays.com\/lv\/wp-json\/wp\/v2\/posts\/34599\/revisions"}],"wp:featuredmedia":[{"embeddable":true,"href":"https:\/\/www.europesays.com\/lv\/wp-json\/wp\/v2\/media\/34600"}],"wp:attachment":[{"href":"https:\/\/www.europesays.com\/lv\/wp-json\/wp\/v2\/media?parent=34599"}],"wp:term":[{"taxonomy":"category","embeddable":true,"href":"https:\/\/www.europesays.com\/lv\/wp-json\/wp\/v2\/categories?post=34599"},{"taxonomy":"post_tag","embeddable":true,"href":"https:\/\/www.europesays.com\/lv\/wp-json\/wp\/v2\/tags?post=34599"}],"curies":[{"name":"wp","href":"https:\/\/api.w.org\/{rel}","templated":true}]}}