{"id":34606,"date":"2025-10-29T19:47:08","date_gmt":"2025-10-29T19:47:08","guid":{"rendered":"https:\/\/www.europesays.com\/lv\/34606\/"},"modified":"2025-10-29T19:47:08","modified_gmt":"2025-10-29T19:47:08","slug":"video-par-3-latiem-jelgavas-ledus-halle-22-gadus-vecs-prata-vetras-reklamas-video-liek-ieplest-acis","status":"publish","type":"post","link":"https:\/\/www.europesays.com\/lv\/34606\/","title":{"rendered":"VIDEO. \u201cPar 3 latiem Jelgavas Ledus hall\u0113!\u201d 22 gadus vecs \u201cPr\u0101ta V\u0113tras\u201d rekl\u0101mas video liek ieplest acis"},"content":{"rendered":"<p>    <img decoding=\"async\" src=\"https:\/\/www.europesays.com\/lv\/wp-content\/uploads\/2025\/10\/LET_367862-1024x772.jpg\" alt=\"&#10;\"\/><\/p>\n<p>Foto: Sergejs Bi\u017e\u0101ns\/LETA\n<\/p>\n<p>Aizvad\u012btaj\u0101 vasar\u0101 Me\u017eaparka estr\u0101di pieskandin\u0101ja pa\u0161m\u0101ju supergrupa \u201cPr\u0101ta V\u0113tra\u201d, prezent\u0113jot gan jaun\u0101s dziesmas no albuma \u201cP\u016b\u0137a lieto\u0161anas instrukcija\u201d, gan, protams, iepriecinot fanus ar lab\u0101kajiem hitiem no p\u0113d\u0113jos 20 gados rad\u012bt\u0101s dai\u013crades. <\/p>\n<p>        Las\u012bt\u0101kie<br \/>\n        <a data-imagesrc=\"{&quot;300&quot;:&quot;https:\\\/\\\/lastatic.ams3.cdn.digitaloceanspaces.com\\\/2022\\\/11\\\/0A0A5710-300x200.jpg&quot;,&quot;1024&quot;:&quot;https:\\\/\\\/lastatic.ams3.cdn.digitaloceanspaces.com\\\/2022\\\/11\\\/0A0A5710-1024x683.jpg&quot;,&quot;768&quot;:&quot;https:\\\/\\\/lastatic.ams3.cdn.digitaloceanspaces.com\\\/2022\\\/11\\\/0A0A5710-768x512.jpg&quot;,&quot;200&quot;:&quot;https:\\\/\\\/lastatic.ams3.cdn.digitaloceanspaces.com\\\/2022\\\/11\\\/0A0A5710-200x133.jpg&quot;,&quot;400&quot;:&quot;https:\\\/\\\/lastatic.ams3.cdn.digitaloceanspaces.com\\\/2022\\\/11\\\/0A0A5710-400x267.jpg&quot;,&quot;500&quot;:&quot;https:\\\/\\\/lastatic.ams3.cdn.digitaloceanspaces.com\\\/2022\\\/11\\\/0A0A5710-500x333.jpg&quot;,&quot;800&quot;:&quot;https:\\\/\\\/lastatic.ams3.cdn.digitaloceanspaces.com\\\/2022\\\/11\\\/0A0A5710-800x533.jpg&quot;,&quot;1000&quot;:&quot;https:\\\/\\\/lastatic.ams3.cdn.digitaloceanspaces.com\\\/2022\\\/11\\\/0A0A5710-1000x667.jpg&quot;,&quot;1200&quot;:&quot;https:\\\/\\\/lastatic.ams3.cdn.digitaloceanspaces.com\\\/2022\\\/11\\\/0A0A5710.jpg&quot;}\" data-focuspoint=\"&quot;&quot;\" data-p=\"2457169\" href=\"https:\/\/www.la.lv\/vispar-vajadzetu-aizliegt-donu-un-vina-jauno-dziesmu-muzika-jaunakais-veikums-izraisa-negaiditu-sabiedribas-reakciju\" class=\"content-item lazy-load\" wp_automatic_readability=\"26.5\" rel=\"nofollow noopener\" target=\"_blank\"><\/p>\n<p>                                <img decoding=\"async\" src=\"\" alt=\"\" style=\"\" data-imageid=\"\"\/><\/p>\n<p>                                Kokteilis<\/p>\n<p>                                            \u201cVisp\u0101r vajadz\u0113tu aizliegt Donu un vi\u0146a jauno dziesmu\u2026\u201d M\u016bzi\u0137a jaun\u0101kais veikums izraisa negaid\u012btu sabiedr\u012bbas reakciju\n                            <\/p>\n<p><\/a><a data-imagesrc=\"{&quot;300&quot;:&quot;https:\\\/\\\/lastatic.ams3.cdn.digitaloceanspaces.com\\\/2019\\\/10\\\/skorpions2-300x196.jpg&quot;,&quot;768&quot;:&quot;https:\\\/\\\/lastatic.ams3.cdn.digitaloceanspaces.com\\\/2019\\\/10\\\/skorpions2-768x501.jpg&quot;,&quot;1024&quot;:&quot;https:\\\/\\\/lastatic.ams3.cdn.digitaloceanspaces.com\\\/2019\\\/10\\\/skorpions2-1024x668.jpg&quot;,&quot;200&quot;:&quot;https:\\\/\\\/lastatic.ams3.cdn.digitaloceanspaces.com\\\/2019\\\/10\\\/skorpions2-200x131.jpg&quot;,&quot;400&quot;:&quot;https:\\\/\\\/lastatic.ams3.cdn.digitaloceanspaces.com\\\/2019\\\/10\\\/skorpions2-400x261.jpg&quot;,&quot;500&quot;:&quot;https:\\\/\\\/lastatic.ams3.cdn.digitaloceanspaces.com\\\/2019\\\/10\\\/skorpions2-500x326.jpg&quot;,&quot;800&quot;:&quot;https:\\\/\\\/lastatic.ams3.cdn.digitaloceanspaces.com\\\/2019\\\/10\\\/skorpions2-800x522.jpg&quot;,&quot;1000&quot;:&quot;https:\\\/\\\/lastatic.ams3.cdn.digitaloceanspaces.com\\\/2019\\\/10\\\/skorpions2-1000x653.jpg&quot;,&quot;1290&quot;:&quot;https:\\\/\\\/lastatic.ams3.cdn.digitaloceanspaces.com\\\/2019\\\/10\\\/skorpions2.jpg&quot;}\" data-focuspoint=\"&quot;&quot;\" data-p=\"1443940\" href=\"https:\/\/www.la.lv\/3-specigas-raganas-saskana-ar-zodiaka-zimi-strideties-ar-vinam-ir-bistami\" class=\"content-item lazy-load\" wp_automatic_readability=\"26\" rel=\"nofollow noopener\" target=\"_blank\"><\/p>\n<p>                                <img decoding=\"async\" src=\"\" alt=\"\" style=\"\" data-imageid=\"\"\/><\/p>\n<p>                                Kokteilis<\/p>\n<p>\n                                                3 sp\u0113c\u012bgas raganas saska\u0146\u0101 ar zodiaka z\u012bmi: str\u012bd\u0113ties ar vi\u0146\u0101m ir b\u012bstami\n                            <\/p>\n<p><\/a><a data-imagesrc=\"{&quot;300&quot;:&quot;https:\\\/\\\/lastatic.ams3.cdn.digitaloceanspaces.com\\\/2024\\\/01\\\/LET_24751137-1-300x205.jpg&quot;,&quot;768&quot;:&quot;https:\\\/\\\/lastatic.ams3.cdn.digitaloceanspaces.com\\\/2024\\\/01\\\/LET_24751137-1-768x524.jpg&quot;,&quot;200&quot;:&quot;https:\\\/\\\/lastatic.ams3.cdn.digitaloceanspaces.com\\\/2024\\\/01\\\/LET_24751137-1-200x136.jpg&quot;,&quot;400&quot;:&quot;https:\\\/\\\/lastatic.ams3.cdn.digitaloceanspaces.com\\\/2024\\\/01\\\/LET_24751137-1-400x273.jpg&quot;,&quot;500&quot;:&quot;https:\\\/\\\/lastatic.ams3.cdn.digitaloceanspaces.com\\\/2024\\\/01\\\/LET_24751137-1-500x341.jpg&quot;,&quot;800&quot;:&quot;https:\\\/\\\/lastatic.ams3.cdn.digitaloceanspaces.com\\\/2024\\\/01\\\/LET_24751137-1-800x546.jpg&quot;,&quot;1000&quot;:&quot;https:\\\/\\\/lastatic.ams3.cdn.digitaloceanspaces.com\\\/2024\\\/01\\\/LET_24751137-1.jpg&quot;}\" data-focuspoint=\"{&quot;x&quot;:&quot;48.60395591211969&quot;,&quot;y&quot;:&quot;41.41964197496676&quot;}\" data-p=\"2457310\" href=\"https:\/\/www.la.lv\/latvija-plano-ieviest-cukura-nodokli-nosauc-pirmas-preces-kuram-pavisam-driz-strauji-mainisies-cena\" class=\"content-item lazy-load\" wp_automatic_readability=\"27\" rel=\"nofollow noopener\" target=\"_blank\"><\/p>\n<p>                                <img decoding=\"async\" src=\"\" alt=\"\" style=\"object-position: 48.60395591211969% 41.41964197496676%\" data-imageid=\"\"\/><\/p>\n<p>\n                                                Latvij\u0101 pl\u0101no ieviest \u201ccukura nodokli\u201d: nosauc pirm\u0101s preces, kur\u0101m pavisam dr\u012bz strauji main\u012bsies cena<\/p>\n<p><\/a><br \/>\n        <a class=\"read-more\" href=\"https:\/\/www.la.lv\/top\" rel=\"nofollow noopener\" target=\"_blank\">Las\u012bt citas zi\u0146as<\/a><\/p>\n<p>\u0160odien b\u016btu gr\u016bti atrast latvieti, kur\u0161 nevar padungot k\u0101du pr\u0101tinieku dziesmu, lielkoncerti pulc\u0113 50 000 cilv\u0113ku un v\u0113rien\u012bg\u0101s skatuves gaismas, sal\u016bti, specefekti liek elpai aizrauties, bet mums katram kaut kur ir j\u0101s\u0101k un tie\u0161i t\u0101ds pats s\u0101kums reiz bija ar\u012b \u201cPr\u0101ta V\u0113trai\u201d. Vai atceries, cik bi\u013cetes maks\u0101ja pirms 20 gadiem un kur notika vi\u0146u koncerti?<\/p>\n<p>Nosta\u013c\u0123ijas p\u0101r\u0146emts \u201cTikTok\u201d konts, kura saturs aizved gadiem senos notikumos un video liec\u012bb\u0101s public\u0113jis 22 gadus vecu \u201cPr\u0101ta V\u0113tras rekl\u0101mu!\u201d<\/p>\n<p>    CITI \u0160OBR\u012aD LASA<\/p>\n<p>\u201c\u201dPr\u0101ta V\u0113tras\u201d koncertt\u016bre Latvij\u0101 \u201cKa\u0137\u0113ns, kur\u0161 atteic\u0101s no j\u016brasskolas\u201d. Koncerti notiks Liep\u0101jas un Jelgavas ledusshall\u0113s, Tukum\u0101 klub\u0101 \u201cGrants\u201d un Ventspils basketbola hall\u0113. Atbalsta \u201cLatvijas Kr\u0101jbanka\u201d, informat\u012bvais atbalst\u012bt\u0101js \u201cLNT\u201d, \u201cDiena\u201d un radio \u201cSWH\u201d. Bi\u013cetes iepriek\u0161p\u0101rdo\u0161an\u0101 3 lati, koncerta dien\u0101 5 lati!\u201d rekl\u0101ma v\u0113sta un atmest m\u016bs sen sen\u0101 pag\u0101tn\u0113. <\/p>\n<blockquote class=\"tiktok-embed\" cite=\"https:\/\/www.tiktok.com\/@90s_latvia\/video\/7556583872155143446\" data-video-id=\"7556583872155143446\" style=\"max-width: 605px;min-width: 325px;\"><p>\n <a target=\"_blank\" title=\"@90s_latvia\" href=\"https:\/\/www.tiktok.com\/@90s_latvia?refer=embed\" rel=\"noopener nofollow\">@90s_latvia<\/a> \u201ePr\u0101ta V\u0113tras\u201c koncertt\u016bre. Bi\u013cetes no 3 latiem. 04.2002. . \u010cau, @Pr\u0101ta V\u0113tra  . <a title=\"2002\" target=\"_blank\" href=\"https:\/\/www.tiktok.com\/tag\/2002?refer=embed\" rel=\"noopener nofollow\">#2002<\/a> <a title=\"koncerts\" target=\"_blank\" href=\"https:\/\/www.tiktok.com\/tag\/koncerts?refer=embed\" rel=\"noopener nofollow\">#koncerts<\/a> <a title=\"pr\u0101tav\u0113tra\" target=\"_blank\" href=\"https:\/\/www.tiktok.com\/tag\/pr%C4%81tav%C4%93tra?refer=embed\" rel=\"noopener nofollow\">#pr\u0101tav\u0113tra<\/a> <a target=\"_blank\" title=\"\u266c original sound - Devin\u0327desmito gadu este\u0304tika\" href=\"https:\/\/www.tiktok.com\/music\/original-sound-7556583859320654614?refer=embed\" rel=\"noopener nofollow\">\u266c original sound \u2013 Devin\u0327desmito gadu este\u0304tika<\/a>\n<\/p><\/blockquote>\n<p>\n    LA.LV Aptauja<br \/>\n    Vai tu toreiz biji uz \u0161\u012b albuma koncertu?<\/p>\n<ul class=\"poll-options\">\n<li class=\"poll-option\" data-id=\"cfcd208495d565ef66e7dff9f98764da\">\n<p>J\u0101, protams<\/p>\n<\/li>\n<li class=\"poll-option\" data-id=\"c4ca4238a0b923820dcc509a6f75849b\">\n<p>Neatceros<\/p>\n<\/li>\n<li class=\"poll-option\" data-id=\"c81e728d9d4c2f636f067f89cc14862c\">\n<p>N\u0113, nebiju<\/p>\n<\/li>\n<\/ul>\n<p>Par \u201cPr\u0101ta V\u0113tru\u201d \u0161ogad rakst\u012bts daudz, ko tad fani run\u0101ja, rakst\u012bja, sprieda un par ko l\u012bksmoja p\u0113c vi\u0146u p\u0113d\u0113j\u0101 koncerta. L\u016bk, karst\u0101kie \u0161\u012bs vasaras pr\u0101tinieku piedz\u012bvojumi medijos!<\/p>\n<p>T\u0113mas<\/p>\n<p>    SAIST\u012aTIE RAKSTI<\/p>\n<p>                            <script async src=\"\/\/www.tiktok.com\/embed.js\"><\/script><\/p>\n","protected":false},"excerpt":{"rendered":"Foto: Sergejs Bi\u017e\u0101ns\/LETA Aizvad\u012btaj\u0101 vasar\u0101 Me\u017eaparka estr\u0101di pieskandin\u0101ja pa\u0161m\u0101ju supergrupa \u201cPr\u0101ta V\u0113tra\u201d, prezent\u0113jot gan jaun\u0101s dziesmas no albuma&hellip;\n","protected":false},"author":2,"featured_media":34607,"comment_status":"","ping_status":"","sticky":false,"template":"","format":"standard","meta":{"footnotes":""},"categories":[19],"tags":[89,90,35,39,38,36,37,34,40],"class_list":{"0":"post-34606","1":"post","2":"type-post","3":"status-publish","4":"format-standard","5":"has-post-thumbnail","7":"category-izklaide","8":"tag-entertainment","9":"tag-izklaide","10":"tag-latvia","11":"tag-latvian","12":"tag-latviesu","13":"tag-latviesu-valoda","14":"tag-latviesuvaloda","15":"tag-latvija","16":"tag-lv"},"share_on_mastodon":{"url":"https:\/\/pubeurope.com\/@lv\/115459184776761343","error":""},"_links":{"self":[{"href":"https:\/\/www.europesays.com\/lv\/wp-json\/wp\/v2\/posts\/34606","targetHints":{"allow":["GET"]}}],"collection":[{"href":"https:\/\/www.europesays.com\/lv\/wp-json\/wp\/v2\/posts"}],"about":[{"href":"https:\/\/www.europesays.com\/lv\/wp-json\/wp\/v2\/types\/post"}],"author":[{"embeddable":true,"href":"https:\/\/www.europesays.com\/lv\/wp-json\/wp\/v2\/users\/2"}],"replies":[{"embeddable":true,"href":"https:\/\/www.europesays.com\/lv\/wp-json\/wp\/v2\/comments?post=34606"}],"version-history":[{"count":0,"href":"https:\/\/www.europesays.com\/lv\/wp-json\/wp\/v2\/posts\/34606\/revisions"}],"wp:featuredmedia":[{"embeddable":true,"href":"https:\/\/www.europesays.com\/lv\/wp-json\/wp\/v2\/media\/34607"}],"wp:attachment":[{"href":"https:\/\/www.europesays.com\/lv\/wp-json\/wp\/v2\/media?parent=34606"}],"wp:term":[{"taxonomy":"category","embeddable":true,"href":"https:\/\/www.europesays.com\/lv\/wp-json\/wp\/v2\/categories?post=34606"},{"taxonomy":"post_tag","embeddable":true,"href":"https:\/\/www.europesays.com\/lv\/wp-json\/wp\/v2\/tags?post=34606"}],"curies":[{"name":"wp","href":"https:\/\/api.w.org\/{rel}","templated":true}]}}