{"id":34614,"date":"2025-10-29T19:56:23","date_gmt":"2025-10-29T19:56:23","guid":{"rendered":"https:\/\/www.europesays.com\/lv\/34614\/"},"modified":"2025-10-29T19:56:23","modified_gmt":"2025-10-29T19:56:23","slug":"ulbrokas-florbolistiem-vel-viena-uzvara-handbolistiem-vel-viens-zaudejums","status":"publish","type":"post","link":"https:\/\/www.europesays.com\/lv\/34614\/","title":{"rendered":"Ulbrokas florbolistiem v\u0113l viena uzvara, handbolistiem v\u0113l viens zaud\u0113jums"},"content":{"rendered":"<p>Latvijas florbola virsl\u012bg\u0101 dev\u012bto uzvaru p\u0113c k\u0101rtas izc\u012bn\u012bju\u0161i \u201cMasters Ulbroka\u201d\/LU florbolsti, kuri l\u012bdz ar to \u010dempion\u0101ta pirmo apli pabeigu\u0161i bez zaud\u0113jumiem. Tre\u0161ais zaud\u0113jums \u010detr\u0101s sp\u0113l\u0113s Ulbrokas sporta kluba handbolistiem.<\/p>\n<p>\u201cMasters Ulbroka\u201d\/LU florbolistu pretinieki otrdien vakar\u0101 Ulbrok\u0101 bija florbola klubs \u201cIrlava\u201d\/\u201dISAM\u201d. V\u0113l otr\u0101s tre\u0161da\u013cas pirmaj\u0101 pus\u0113 vad\u012bb\u0101 bija viesi (1:2), ta\u010du turpin\u0101jum\u0101 bumbi\u0146a lidoja tikai viesu v\u0101rtos \u2013 7:2. Ar \u201chettriku\u201d izc\u0113l\u0101s Valters Lapi\u0146\u0161, \u010detri punkti (1+3) Mat\u012bsa Kristi\u0101na Millera kont\u0101.<\/p>\n<p>Ulbrokas klubs virsl\u012bgas \u010dempion\u0101ta pirmo apli pabeidzis pirmaj\u0101 viet\u0101 ar gandr\u012bz nevainojamu bilanci \u2013 devi\u0146as uzvaras devi\u0146\u0101s sp\u0113l\u0113s un 26 (no 27 iesp\u0113jamiem) punktiem. Attiec\u012bgi sestaj\u0101 un sept\u012btaj\u0101 poz\u012bcij\u0101 ar devi\u0146iem punktiem ir \u201c\u0136ekava\/RB&amp;B\u201d un FBK \u201cS\u0100C\u201d.<\/p>\n<p>Krietni b\u0113d\u012bg\u0101k kl\u0101jas Ulbrokas sporta kluba handbolistiem, kuri virsl\u012bgas \u010dempion\u0101t\u0101 piedz\u012bvoju\u0161i tre\u0161o zaud\u0113jumu \u010detr\u0101s sp\u0113l\u0113s. Ma\u010d\u0101 pret ASK\/MS\u0122 otro komandu iz\u0161\u0137iro\u0161\u0101 izr\u0101d\u012bj\u0101s otr\u0101 puslaika pirm\u0101 puse, kad Murj\u0101\u0146u jaunie handbolisti no 16:16 sp\u0113ja pan\u0101t 21:17 p\u0101rsvaru un nosarg\u0101ja to l\u012bdz beig\u0101m \u2013 29:27.<\/p>\n<p>Ulbrokas kluba lab\u0101 Andris Lazda iemeta asto\u0146us, Raivis Kronis se\u0161us, Gustavs Mednis un D\u0101vis B\u0113rzi\u0146\u0161 pa pieciem v\u0101rtiem.<\/p>\n","protected":false},"excerpt":{"rendered":"Latvijas florbola virsl\u012bg\u0101 dev\u012bto uzvaru p\u0113c k\u0101rtas izc\u012bn\u012bju\u0161i \u201cMasters Ulbroka\u201d\/LU florbolsti, kuri l\u012bdz ar to \u010dempion\u0101ta pirmo apli&hellip;\n","protected":false},"author":2,"featured_media":34615,"comment_status":"","ping_status":"","sticky":false,"template":"","format":"standard","meta":{"footnotes":""},"categories":[17],"tags":[35,39,38,36,37,34,40,443,67],"class_list":{"0":"post-34614","1":"post","2":"type-post","3":"status-publish","4":"format-standard","5":"has-post-thumbnail","7":"category-sports","8":"tag-latvia","9":"tag-latvian","10":"tag-latviesu","11":"tag-latviesu-valoda","12":"tag-latviesuvaloda","13":"tag-latvija","14":"tag-lv","15":"tag-ropazi","16":"tag-sports"},"share_on_mastodon":{"url":"https:\/\/pubeurope.com\/@lv\/115459220004758516","error":""},"_links":{"self":[{"href":"https:\/\/www.europesays.com\/lv\/wp-json\/wp\/v2\/posts\/34614","targetHints":{"allow":["GET"]}}],"collection":[{"href":"https:\/\/www.europesays.com\/lv\/wp-json\/wp\/v2\/posts"}],"about":[{"href":"https:\/\/www.europesays.com\/lv\/wp-json\/wp\/v2\/types\/post"}],"author":[{"embeddable":true,"href":"https:\/\/www.europesays.com\/lv\/wp-json\/wp\/v2\/users\/2"}],"replies":[{"embeddable":true,"href":"https:\/\/www.europesays.com\/lv\/wp-json\/wp\/v2\/comments?post=34614"}],"version-history":[{"count":0,"href":"https:\/\/www.europesays.com\/lv\/wp-json\/wp\/v2\/posts\/34614\/revisions"}],"wp:featuredmedia":[{"embeddable":true,"href":"https:\/\/www.europesays.com\/lv\/wp-json\/wp\/v2\/media\/34615"}],"wp:attachment":[{"href":"https:\/\/www.europesays.com\/lv\/wp-json\/wp\/v2\/media?parent=34614"}],"wp:term":[{"taxonomy":"category","embeddable":true,"href":"https:\/\/www.europesays.com\/lv\/wp-json\/wp\/v2\/categories?post=34614"},{"taxonomy":"post_tag","embeddable":true,"href":"https:\/\/www.europesays.com\/lv\/wp-json\/wp\/v2\/tags?post=34614"}],"curies":[{"name":"wp","href":"https:\/\/api.w.org\/{rel}","templated":true}]}}