{"id":34626,"date":"2025-10-29T20:10:08","date_gmt":"2025-10-29T20:10:08","guid":{"rendered":"https:\/\/www.europesays.com\/lv\/34626\/"},"modified":"2025-10-29T20:10:08","modified_gmt":"2025-10-29T20:10:08","slug":"lidz-sim-nekas-nav-liecinajis-par-asv-gatavosanos-mazinat-karaviru-skaitu-latvija-norada-spruds","status":"publish","type":"post","link":"https:\/\/www.europesays.com\/lv\/34626\/","title":{"rendered":"L\u012bdz \u0161im nekas nav liecin\u0101jis par ASV gatavo\u0161anos mazin\u0101t karav\u012bru skaitu Latvij\u0101, nor\u0101da Spr\u016bds"},"content":{"rendered":"<p>Vi\u0146\u0161 nor\u0101d\u012bja, ka Latvija augstu nov\u0113rt\u0113 <a href=\"https:\/\/www.apollo.lv\/term\/555410\/asv\" class=\"topicLink\" target=\"_blank\" rel=\"nofollow noopener\">ASV<\/a> nep\u0101rtraukto iesaisti un atbalstu m\u016bsu valsts aizsardz\u012bbas sp\u0113ju stiprin\u0101\u0161an\u0101 un att\u012bst\u012bb\u0101, tostarp kop\u012bgas milit\u0101r\u0101s m\u0101c\u012bbas un milit\u0101r\u0101s pal\u012bdz\u012bbas finans\u0113jumu Baltijas valst\u012bm. ASV un Eiropa nemain\u012bgi ir cie\u0161i sabiedrotie. ASV administr\u0101cija ir atk\u0101rtoti apstiprin\u0101jusi stingru un nelok\u0101mu atbalstu NATO un akt\u012bvai ASV iesaistei alianses kolekt\u012bv\u0101s dro\u0161\u012bbas stiprin\u0101\u0161an\u0101.<\/p>\n<p>ASV administr\u0101cija ir bijusi cie\u0161\u0101 dialog\u0101 ar Latviju un p\u0101r\u0113jiem sabiedrotajiem par nepiecie\u0161am\u012bbu sal\u0101got ASV milit\u0101ro sp\u0113ju vajadz\u012bbas, \u0146emot v\u0113r\u0101 gan turpino\u0161os Krievijas agresiju, gan pieaugo\u0161os dro\u0161\u012bbas izaicin\u0101jumus \u0101rpus Eiropas kontinenta.<\/p>\n<p>&#8220;L\u012bdz\u0161in\u0113j\u0101 komunik\u0101cij\u0101 ar ASV nav biju\u0161as indik\u0101cijas par ASV gatavo\u0161anos samazin\u0101t ASV karav\u012bru skaitu Latvij\u0101. ASV karav\u012bri ar\u012b turpm\u0101k b\u016bs da\u013ca no NATO milit\u0101r\u0101s kl\u0101tb\u016btnes Latvij\u0101 un Baltij\u0101, tostarp piedal\u012bsies kop\u012bg\u0101s m\u0101c\u012bb\u0101s Eirop\u0101, ko uztveram k\u0101 nov\u0113rt\u0113jumu par Latvijas iev\u0113rojamo ieguld\u012bjumu savas un NATO dro\u0161\u012bbas stiprin\u0101\u0161an\u0101. Alianse \u0161odien ir sp\u0113c\u012bg\u0101ka un vienot\u0101ka nek\u0101 jebkad agr\u0101k,&#8221; uzsv\u0113ra ministrs.<\/p>\n<p>Jau zi\u0146ots, ka ASV inform\u0113ju\u0161as NATO sabiedrotos par ASV karav\u012bru skaita samazin\u0101\u0161anu Eiropas austrumu flang\u0101, tai skait\u0101 Rum\u0101nij\u0101, kur bija pl\u0101nota amerik\u0101\u0146u karav\u012bru izvieto\u0161ana Mihaila Kogelni\u010djanu gaisa sp\u0113ku b\u0101z\u0113, tre\u0161dien pazi\u0146oja Rum\u0101nijas Aizsardz\u012bbas ministrija.<\/p>\n","protected":false},"excerpt":{"rendered":"Vi\u0146\u0161 nor\u0101d\u012bja, ka Latvija augstu nov\u0113rt\u0113 ASV nep\u0101rtraukto iesaisti un atbalstu m\u016bsu valsts aizsardz\u012bbas sp\u0113ju stiprin\u0101\u0161an\u0101 un att\u012bst\u012bb\u0101,&hellip;\n","protected":false},"author":2,"featured_media":28134,"comment_status":"","ping_status":"","sticky":false,"template":"","format":"standard","meta":{"footnotes":""},"categories":[14],"tags":[23,574,463,57,292,28,29,32,33,22,30,31,35,39,38,36,37,34,40,20,26,27,24,25,54,55,56,21,58],"class_list":{"0":"post-34626","1":"post","2":"type-post","3":"status-publish","4":"format-standard","5":"has-post-thumbnail","7":"category-zinas-no-arvalstim","8":"tag-aktualitates","9":"tag-andris-spruds","10":"tag-armija","11":"tag-arvalstim","12":"tag-asv","13":"tag-breaking-news","14":"tag-breakingnews","15":"tag-featured-news","16":"tag-featurednews","17":"tag-headlines","18":"tag-latest-news","19":"tag-latestnews","20":"tag-latvia","21":"tag-latvian","22":"tag-latviesu","23":"tag-latviesu-valoda","24":"tag-latviesuvaloda","25":"tag-latvija","26":"tag-lv","27":"tag-news","28":"tag-popularakas-zinas","29":"tag-popularakaszinas","30":"tag-top-stories","31":"tag-topstories","32":"tag-world","33":"tag-world-news","34":"tag-worldnews","35":"tag-zinas","36":"tag-zinas-no-arvalstim"},"share_on_mastodon":{"url":"https:\/\/pubeurope.com\/@lv\/115459275099808679","error":""},"_links":{"self":[{"href":"https:\/\/www.europesays.com\/lv\/wp-json\/wp\/v2\/posts\/34626","targetHints":{"allow":["GET"]}}],"collection":[{"href":"https:\/\/www.europesays.com\/lv\/wp-json\/wp\/v2\/posts"}],"about":[{"href":"https:\/\/www.europesays.com\/lv\/wp-json\/wp\/v2\/types\/post"}],"author":[{"embeddable":true,"href":"https:\/\/www.europesays.com\/lv\/wp-json\/wp\/v2\/users\/2"}],"replies":[{"embeddable":true,"href":"https:\/\/www.europesays.com\/lv\/wp-json\/wp\/v2\/comments?post=34626"}],"version-history":[{"count":0,"href":"https:\/\/www.europesays.com\/lv\/wp-json\/wp\/v2\/posts\/34626\/revisions"}],"wp:featuredmedia":[{"embeddable":true,"href":"https:\/\/www.europesays.com\/lv\/wp-json\/wp\/v2\/media\/28134"}],"wp:attachment":[{"href":"https:\/\/www.europesays.com\/lv\/wp-json\/wp\/v2\/media?parent=34626"}],"wp:term":[{"taxonomy":"category","embeddable":true,"href":"https:\/\/www.europesays.com\/lv\/wp-json\/wp\/v2\/categories?post=34626"},{"taxonomy":"post_tag","embeddable":true,"href":"https:\/\/www.europesays.com\/lv\/wp-json\/wp\/v2\/tags?post=34626"}],"curies":[{"name":"wp","href":"https:\/\/api.w.org\/{rel}","templated":true}]}}