{"id":34627,"date":"2025-10-29T20:11:07","date_gmt":"2025-10-29T20:11:07","guid":{"rendered":"https:\/\/www.europesays.com\/lv\/34627\/"},"modified":"2025-10-29T20:11:07","modified_gmt":"2025-10-29T20:11:07","slug":"avarija-virziena-rezekne-ludza-nra-lv","status":"publish","type":"post","link":"https:\/\/www.europesays.com\/lv\/34627\/","title":{"rendered":"Av\u0101rija virzien\u0101 R\u0113zekne\u2013Ludza &#8211; nra.lv"},"content":{"rendered":"<p class=\"descr\">Smaga av\u0101rija notikusi uz A12 \u0161osejas (R\u0113zekne\u2013Ludza), v\u0113sta &#8220;Sadursme&#8221;.<\/p>\n<p>\u0160ovakar uz A12 \u0161osejas, virzien\u0101 R\u0113zekne-Ludza, notikusi smaga vair\u0101ku automa\u0161\u012bnu sadursme. Notikuma viet\u0101 str\u0101d\u0101 VUGD, NMPD un Valsts policija.<\/p>\n<p>K\u0101 zi\u0146o &#8220;Degpunkt\u0101&#8221;, cietu\u0161i se\u0161i cilv\u0113ki, viens g\u0101jis boj\u0101. Miru\u0161ais ir nepilngad\u012bgais. Par vi\u0146a dz\u012bv\u012bbu medi\u0137i c\u012bn\u012bj\u0101s ilgi, bet tom\u0113r c\u012b\u0146u zaud\u0113ja.<\/p>\n<p>\t\t\t\t\t\tinfo<\/p>\n<p>Uzzini pirmais<br \/>kas interesants noticis Latvij\u0101 un pasaul\u0113,<br \/>pievienojoties mums <a href=\"https:\/\/t.me\/neatkariga\" rel=\"nofollow\">Telegram<\/a> vai <a href=\"https:\/\/whatsapp.com\/channel\/0029VaMLFUH5K3zLU5s4wm3y\" rel=\"nofollow noopener\" target=\"_blank\">Whatsapp<\/a> kan\u0101l\u0101<\/p>\n","protected":false},"excerpt":{"rendered":"Smaga av\u0101rija notikusi uz A12 \u0161osejas (R\u0113zekne\u2013Ludza), v\u0113sta &#8220;Sadursme&#8221;. \u0160ovakar uz A12 \u0161osejas, virzien\u0101 R\u0113zekne-Ludza, notikusi smaga vair\u0101ku&hellip;\n","protected":false},"author":2,"featured_media":34628,"comment_status":"","ping_status":"","sticky":false,"template":"","format":"standard","meta":{"footnotes":""},"categories":[12],"tags":[23,28,29,32,33,22,30,31,35,39,38,36,37,34,40,20,26,27,24,25,21],"class_list":{"0":"post-34627","1":"post","2":"type-post","3":"status-publish","4":"format-standard","5":"has-post-thumbnail","7":"category-latvija","8":"tag-aktualitates","9":"tag-breaking-news","10":"tag-breakingnews","11":"tag-featured-news","12":"tag-featurednews","13":"tag-headlines","14":"tag-latest-news","15":"tag-latestnews","16":"tag-latvia","17":"tag-latvian","18":"tag-latviesu","19":"tag-latviesu-valoda","20":"tag-latviesuvaloda","21":"tag-latvija","22":"tag-lv","23":"tag-news","24":"tag-popularakas-zinas","25":"tag-popularakaszinas","26":"tag-top-stories","27":"tag-topstories","28":"tag-zinas"},"share_on_mastodon":{"url":"https:\/\/pubeurope.com\/@lv\/115459279016154469","error":""},"_links":{"self":[{"href":"https:\/\/www.europesays.com\/lv\/wp-json\/wp\/v2\/posts\/34627","targetHints":{"allow":["GET"]}}],"collection":[{"href":"https:\/\/www.europesays.com\/lv\/wp-json\/wp\/v2\/posts"}],"about":[{"href":"https:\/\/www.europesays.com\/lv\/wp-json\/wp\/v2\/types\/post"}],"author":[{"embeddable":true,"href":"https:\/\/www.europesays.com\/lv\/wp-json\/wp\/v2\/users\/2"}],"replies":[{"embeddable":true,"href":"https:\/\/www.europesays.com\/lv\/wp-json\/wp\/v2\/comments?post=34627"}],"version-history":[{"count":0,"href":"https:\/\/www.europesays.com\/lv\/wp-json\/wp\/v2\/posts\/34627\/revisions"}],"wp:featuredmedia":[{"embeddable":true,"href":"https:\/\/www.europesays.com\/lv\/wp-json\/wp\/v2\/media\/34628"}],"wp:attachment":[{"href":"https:\/\/www.europesays.com\/lv\/wp-json\/wp\/v2\/media?parent=34627"}],"wp:term":[{"taxonomy":"category","embeddable":true,"href":"https:\/\/www.europesays.com\/lv\/wp-json\/wp\/v2\/categories?post=34627"},{"taxonomy":"post_tag","embeddable":true,"href":"https:\/\/www.europesays.com\/lv\/wp-json\/wp\/v2\/tags?post=34627"}],"curies":[{"name":"wp","href":"https:\/\/api.w.org\/{rel}","templated":true}]}}