{"id":34647,"date":"2025-10-29T20:38:10","date_gmt":"2025-10-29T20:38:10","guid":{"rendered":"https:\/\/www.europesays.com\/lv\/34647\/"},"modified":"2025-10-29T20:38:10","modified_gmt":"2025-10-29T20:38:10","slug":"vef-riga-zaude-ari-fiba-cempionu-ligas-tresaja-spele","status":"publish","type":"post","link":"https:\/\/www.europesays.com\/lv\/34647\/","title":{"rendered":"&#8220;VEF R\u012bga&#8221; zaud\u0113 ar\u012b FIBA \u010cempionu l\u012bgas tre\u0161aj\u0101 sp\u0113l\u0113"},"content":{"rendered":"<p>R\u012bdzinieki viesos ar rezult\u0101tu 76:77 (19:16, 20:26, 17:24, 20:11) zaud\u0113ja Ung\u0101rijas komandai &#8220;Szolnoki&#8221;.<\/p>\n<p>Viesiem pa 18 punktiem guva Zahirs Porters un I\u013cja Sidorovs, bet 14 punkti un 14 atl\u0113ku\u0161\u0101s bumbas bija Arnaldo Toro. Uzvar\u0113t\u0101jiem ar 21 punktu rezultat\u012bv\u0101kais bija Tam\u0101\u0161s Pallai, kam\u0113r 17 punktus guva un 12 rezultat\u012bvas piesp\u0113les atdeva \u0100dams \u0160omo\u0123i.<\/p>\n<p>&#8220;VEF R\u012bga&#8221; tre\u0161aj\u0101 ceturtda\u013c\u0101 paman\u012bj\u0101s non\u0101kt iedzin\u0113jos ar m\u012bnus 13 punktiem, ta\u010du atsp\u0113l\u0113j\u0101s un nepilnas tr\u012bs min\u016btes pirms pamatlaika beig\u0101m Porters pirmo reizi otraj\u0101 puslaik\u0101 nodro\u0161in\u0101ja vad\u012bbu viesiem. M\u0101jinieki ar soda metieniem pan\u0101ca izl\u012bdzin\u0101jumu un v\u0113l\u0101k ar\u012b atguva vad\u012bbu.<\/p>\n<p>50 sekundes pirms pamatlaika beig\u0101m Rostislavam Novickim ar soda metieniem bija iesp\u0113ja pan\u0101kt neiz\u0161\u0137irtu, ta\u010du pirmais vi\u0146a metiens nesasniedza m\u0113r\u0137i, t\u0101d\u0113j\u0101di &#8220;Szolnoki&#8221; palika vad\u012bb\u0101. P\u0113d\u0113j\u0101s sekund\u0113s m\u0101jinieki liedza &#8220;VEF R\u012bga&#8221; komandai izraut uzvaru.<\/p>\n<p>F grup\u0101 p\u0113c tr\u012bs sp\u0113l\u0113m At\u0113nu AEK ir tr\u012bs uzvaras, &#8220;Szolnoki&#8221; guvu\u0161i divus pan\u0101kumus, Levices &#8220;Patrioti&#8221; uzvar\u0113jusi vien\u0101 ma\u010d\u0101, bet &#8220;VEF R\u012bga&#8221; cietusi tr\u012bs zaud\u0113jumus.<\/p>\n<p>Pirmaj\u0101 F grupas c\u012b\u0146\u0101 sav\u0101 laukum\u0101 &#8220;vefie\u0161i&#8221; ar 53:69 piek\u0101p\u0101s At\u0113nu AEK, bet otraj\u0101 ar 73:92 zaud\u0113ja kvalifik\u0101ciju p\u0101rvar\u0113ju\u0161ajai Slov\u0101kijas vien\u012bbai Levices &#8220;Patrioti&#8221;.<\/p>\n","protected":false},"excerpt":{"rendered":"R\u012bdzinieki viesos ar rezult\u0101tu 76:77 (19:16, 20:26, 17:24, 20:11) zaud\u0113ja Ung\u0101rijas komandai &#8220;Szolnoki&#8221;. Viesiem pa 18 punktiem guva&hellip;\n","protected":false},"author":2,"featured_media":34648,"comment_status":"","ping_status":"","sticky":false,"template":"","format":"standard","meta":{"footnotes":""},"categories":[17],"tags":[2178,2480,35,39,38,36,37,34,40,67,1618],"class_list":{"0":"post-34647","1":"post","2":"type-post","3":"status-publish","4":"format-standard","5":"has-post-thumbnail","7":"category-sports","8":"tag-fiba","9":"tag-fiba-cempionu-liga","10":"tag-latvia","11":"tag-latvian","12":"tag-latviesu","13":"tag-latviesu-valoda","14":"tag-latviesuvaloda","15":"tag-latvija","16":"tag-lv","17":"tag-sports","18":"tag-vef-riga"},"share_on_mastodon":{"url":"https:\/\/pubeurope.com\/@lv\/115459385178202505","error":""},"_links":{"self":[{"href":"https:\/\/www.europesays.com\/lv\/wp-json\/wp\/v2\/posts\/34647","targetHints":{"allow":["GET"]}}],"collection":[{"href":"https:\/\/www.europesays.com\/lv\/wp-json\/wp\/v2\/posts"}],"about":[{"href":"https:\/\/www.europesays.com\/lv\/wp-json\/wp\/v2\/types\/post"}],"author":[{"embeddable":true,"href":"https:\/\/www.europesays.com\/lv\/wp-json\/wp\/v2\/users\/2"}],"replies":[{"embeddable":true,"href":"https:\/\/www.europesays.com\/lv\/wp-json\/wp\/v2\/comments?post=34647"}],"version-history":[{"count":0,"href":"https:\/\/www.europesays.com\/lv\/wp-json\/wp\/v2\/posts\/34647\/revisions"}],"wp:featuredmedia":[{"embeddable":true,"href":"https:\/\/www.europesays.com\/lv\/wp-json\/wp\/v2\/media\/34648"}],"wp:attachment":[{"href":"https:\/\/www.europesays.com\/lv\/wp-json\/wp\/v2\/media?parent=34647"}],"wp:term":[{"taxonomy":"category","embeddable":true,"href":"https:\/\/www.europesays.com\/lv\/wp-json\/wp\/v2\/categories?post=34647"},{"taxonomy":"post_tag","embeddable":true,"href":"https:\/\/www.europesays.com\/lv\/wp-json\/wp\/v2\/tags?post=34647"}],"curies":[{"name":"wp","href":"https:\/\/api.w.org\/{rel}","templated":true}]}}