{"id":34667,"date":"2025-10-29T21:25:13","date_gmt":"2025-10-29T21:25:13","guid":{"rendered":"https:\/\/www.europesays.com\/lv\/34667\/"},"modified":"2025-10-29T21:25:13","modified_gmt":"2025-10-29T21:25:13","slug":"lai-nu-kam-bet-tiesi-man-ir-tiesibas-mielavs-pievienojas-hermana-bezpartiju-kustibai","status":"publish","type":"post","link":"https:\/\/www.europesays.com\/lv\/34667\/","title":{"rendered":"\u00abLai nu kam, bet tie\u0161i man ir ties\u012bbas!\u00bb \u2013 Mielavs pievienojas Herma\u0146a bezpartiju kust\u012bbai"},"content":{"rendered":"<p style=\"text-align: justify;\">Ainars Mielavs. Foto: Facebook @Ainars Mielavs<\/p>\n<p style=\"text-align: justify;\">\u201cGandr\u012bz neko sav\u0101 dz\u012bv\u0113 neesmu izdar\u012bjis pareizi ar pirmo reizi. K\u013c\u016bd\u012bjos, k\u013c\u016bdas atzinu un m\u0101c\u012bjos,\u201d vietn\u0113 \u201cFacebook\u201d ierakst\u012bjis m\u016bzi\u0137is Ainars Mielavs, kur\u0161 savulaik izpeln\u012bjies kritiku par uzst\u0101\u0161anos pie Uzvaras pieminek\u013ca, pazi\u0146odams, ka pievienojas re\u017eisora Alvja Herma\u0146a kust\u012bbai \u201cBez partij\u0101m.\u201d<\/p>\n<p style=\"text-align: justify;\">\u201cManu valsti jau vair\u0101kus gadus p\u0101rvalda cilv\u0113ki, kuri blie\u017e pa nagiem atkal un atkal \u2013 pa\u0161apmierin\u0101ti un finansi\u0101li nodro\u0161in\u0101ti mazohisti, K\u0101 prec\u012bzi rakst\u012bja Alvis Hermanis \u2013 politi\u0137i, kas par t\u0101diem k\u013cuvu\u0161i p\u0101rsvar\u0101 tikai t\u0101p\u0113c, ka nesp\u0113j atrast god\u012bgu darbu kur citur. Da\u017ei klaig\u0101, ka politika esot profesija. Tie\u0161\u0101m? Neviens no 100 \u201ctautas kalpiem\u201d nevar uzr\u0101d\u012bt attiec\u012bgu izgl\u012bt\u012bbas sertifik\u0101tu. Ar\u012b es. Mans diploms ir mani darbi \u2013 dziesmas un t\u012brumos nobriedu\u0161ie aug\u013ci,\u201d raksta Mielavs.<\/p>\n<blockquote>\n<p style=\"text-align: center;\">Soci\u0101laj\u0101 t\u012bkl\u0101 public\u0113taj\u0101 ierakst\u0101 m\u016bzi\u0137is nor\u0101da: \u201cEs pievienojos \u201cBez partij\u0101m\u201d. Jo nevaru sav\u0101d\u0101k. Jo neb\u016bs man miera, ja palik\u0161u mal\u0101. Jo kop\u0101 ar Alvi esam g\u0101ju\u0161i izl\u016bkos. Jo abi esam atgriezu\u0161ies, viens otru neatst\u0101jot aiz frontes l\u012bnijas.\u201d<\/p>\n<\/blockquote>\n<p style=\"text-align: justify;\">\u201cEs jau gara ac\u012bm redzu \u2013 dzirdu: \u201cKrem\u013ca lakst\u012bgala! Okupek\u013ca dzied\u0101t\u0101js! K\u0101das tev visp\u0101r ties\u012bbas \u0161aj\u0101 sakar\u0101 kaut ko teikt?\u201d. Lai nu kam, bet tie\u0161i man ir ties\u012bbas! Nevienam citam, bet man savulaik pietika drosmes ar palmas zaru rok\u0101 doties Latvijas krievu midzen\u012b ar cer\u012bbu, ka dziesma un v\u0101rds pal\u012bdz\u0113s vi\u0146us padar\u012bt loj\u0101lus zemei, kur\u0101 vi\u0146i dz\u012bvo. Varb\u016bt par v\u0113lu, t\u0101p\u0113c nesan\u0101ca. Bet es vismaz m\u0113\u0123in\u0101ju. Un ar to lepojos joproj\u0101m,\u201d uzsver Mielavs, savu ierakstu nosl\u0113dzot ar v\u0101rdiem \u201cDievs sv\u0113t\u012b Latviju!\u201d.<\/p>\n<p style=\"text-align: justify;\">Kust\u012bbu\u00a0ar pagaidu nosaukumu \u201cBez partij\u0101m\u201d\u00a0dibin\u0101ju\u0161i\u00a0re\u017eisors Alvis Hermanis, deput\u0101ts Didzis \u0160mits, uz\u0146\u0113m\u0113js Armands Broks, m\u0101c\u012bt\u0101js P\u0113teris Spro\u0123is un ekonomists Guntars V\u012btols. Kust\u012bbas m\u0113r\u0137is ir mazin\u0101t partiju dominanci\u00a0un piev\u0113rsties\u00a0v\u0113l\u0113\u0161anu sist\u0113mas reformas idejai.\u00a0Kust\u012bbas ideja paredz, ka v\u0113l\u0113t\u0101ji\u00a0balsotu nevis\u00a0tikai par partiju sarakstiem, bet gan individu\u0101liem kandid\u0101tiem, t\u0101d\u0113j\u0101di palielinot person\u012bbu noz\u012bmi politik\u0101\u00a0un mazinot\u00a0tradicion\u0101lo partiju monopolu.<\/p>\n<p style=\"text-align: justify;\">Kust\u012bba cer start\u0113t n\u0101kamaj\u0101s Saeima v\u0113l\u0113\u0161an\u0101s, ta\u010du pagaid\u0101m tas v\u0113l nav iesp\u0113jams, jo\u00a0kust\u012bba v\u0113l nav pilnv\u0113rt\u012bga partija.<\/p>\n<p style=\"text-align: justify;\">Lasiet ar\u012b:\u00a0<\/p>\n<p style=\"text-align: justify;\"><a style=\"color: #800000;\" href=\"https:\/\/ritakafija.lv\/2025\/10\/28\/latvija-atmaskota-dedzinataju-grupa-kas-darbojusies-krievijas-specdienesta-intereses\/\" target=\"_blank\" rel=\"noopener nofollow\">Latvij\u0101 atmaskota dedzin\u0101t\u0101ju grupa, kas darbojusies Krievijas specdienesta interes\u0113s<\/a><\/p>\n<p style=\"text-align: justify;\"><a style=\"color: #800000;\" href=\"https:\/\/ritakafija.lv\/2025\/10\/28\/plans-izgazies-izluki-atklaj-ko-putins-cerejis-panakt-lidz-oktobra-vidum-bet-nav-ieguvis\/\" target=\"_blank\" rel=\"noopener nofollow\">Pl\u0101ns izg\u0101zies \u2013 izl\u016bki atkl\u0101j, ko Putins cer\u0113jis pan\u0101kt l\u012bdz oktobra vidum, bet nav ieguvis<\/a><\/p>\n<p style=\"text-align: justify;\"><a style=\"color: #800000;\" href=\"https:\/\/ritakafija.lv\/2025\/10\/28\/ar-katliem-pannam-un-karotem-protestes-pret-izstasanos-no-stambulas-konvencijas\/\" target=\"_blank\" rel=\"noopener nofollow\">Ar katliem, pann\u0101m un karot\u0113m protest\u0113s pret izst\u0101\u0161anos no Stambulas konvencijas<\/a><\/p>\n<p style=\"text-align: justify;\"><a style=\"color: #800000;\" href=\"https:\/\/ritakafija.lv\/2025\/10\/28\/skorpiona-ietekme-cetram-zodiaka-zimem-sakas-gada-labakais-periods\/\" target=\"_blank\" rel=\"noopener nofollow\">Skorpiona ietekm\u0113 \u010detr\u0101m zodiaka z\u012bm\u0113m s\u0101kas gada lab\u0101kais periods<\/a><\/p>\n<p style=\"text-align: justify;\"><a style=\"color: #800000;\" href=\"https:\/\/ritakafija.lv\/2025\/10\/28\/foto-sabiedribas-krejums-pulcejas-uz-andreja-eka-psihologiska-trillera-pirmizradi\/\" target=\"_blank\" rel=\"noopener nofollow\">FOTO | Sabiedr\u012bbas kr\u0113jums pulc\u0113jas uz Andreja \u0112\u0137a psiholo\u0123isk\u0101\u00a0trillera pirmizr\u0101di<\/a><\/p>\n<p style=\"text-align: justify;\"><a href=\"https:\/\/ritakafija.lv\/2025\/10\/24\/saeima-konceptuali-atbalsta-latvijas-izstasanos-no-stambulas-konvencijas\/\" rel=\"nofollow noopener\" target=\"_blank\">Seko mums ar\u012b\u00a0Facebook,X,\u00a0Instagram\u00a0un\u00a0Draugiem<\/a><\/p>\n","protected":false},"excerpt":{"rendered":"Ainars Mielavs. Foto: Facebook @Ainars Mielavs \u201cGandr\u012bz neko sav\u0101 dz\u012bv\u0113 neesmu izdar\u012bjis pareizi ar pirmo reizi. K\u013c\u016bd\u012bjos, k\u013c\u016bdas&hellip;\n","protected":false},"author":2,"featured_media":34668,"comment_status":"","ping_status":"","sticky":false,"template":"","format":"standard","meta":{"footnotes":""},"categories":[19],"tags":[9392,5992,10246,8663,10247,7237,8665,10248,89,10249,90,35,39,38,36,37,34,40,10250,10251,3794,10252],"class_list":{"0":"post-34667","1":"post","2":"type-post","3":"status-publish","4":"format-standard","5":"has-post-thumbnail","7":"category-izklaide","8":"tag-ainars-mielavs","9":"tag-alvis-hermanis","10":"tag-armands-broks","11":"tag-bez-partijam","12":"tag-bezpartiju-kustiba","13":"tag-deputats","14":"tag-didzis-smits","15":"tag-ekonomists","16":"tag-entertainment","17":"tag-guntars-vitols","18":"tag-izklaide","19":"tag-latvia","20":"tag-latvian","21":"tag-latviesu","22":"tag-latviesu-valoda","23":"tag-latviesuvaloda","24":"tag-latvija","25":"tag-lv","26":"tag-macitajs","27":"tag-peteris-sprogis","28":"tag-rezisors","29":"tag-uznemejs"},"share_on_mastodon":{"url":"https:\/\/pubeurope.com\/@lv\/115459570081800214","error":""},"_links":{"self":[{"href":"https:\/\/www.europesays.com\/lv\/wp-json\/wp\/v2\/posts\/34667","targetHints":{"allow":["GET"]}}],"collection":[{"href":"https:\/\/www.europesays.com\/lv\/wp-json\/wp\/v2\/posts"}],"about":[{"href":"https:\/\/www.europesays.com\/lv\/wp-json\/wp\/v2\/types\/post"}],"author":[{"embeddable":true,"href":"https:\/\/www.europesays.com\/lv\/wp-json\/wp\/v2\/users\/2"}],"replies":[{"embeddable":true,"href":"https:\/\/www.europesays.com\/lv\/wp-json\/wp\/v2\/comments?post=34667"}],"version-history":[{"count":0,"href":"https:\/\/www.europesays.com\/lv\/wp-json\/wp\/v2\/posts\/34667\/revisions"}],"wp:featuredmedia":[{"embeddable":true,"href":"https:\/\/www.europesays.com\/lv\/wp-json\/wp\/v2\/media\/34668"}],"wp:attachment":[{"href":"https:\/\/www.europesays.com\/lv\/wp-json\/wp\/v2\/media?parent=34667"}],"wp:term":[{"taxonomy":"category","embeddable":true,"href":"https:\/\/www.europesays.com\/lv\/wp-json\/wp\/v2\/categories?post=34667"},{"taxonomy":"post_tag","embeddable":true,"href":"https:\/\/www.europesays.com\/lv\/wp-json\/wp\/v2\/tags?post=34667"}],"curies":[{"name":"wp","href":"https:\/\/api.w.org\/{rel}","templated":true}]}}