{"id":34689,"date":"2025-10-29T21:46:08","date_gmt":"2025-10-29T21:46:08","guid":{"rendered":"https:\/\/www.europesays.com\/lv\/34689\/"},"modified":"2025-10-29T21:46:08","modified_gmt":"2025-10-29T21:46:08","slug":"visvairak-balsu-niderlandes-parlamenta-velesanas-sanemusi-centristi-liecina-veletaju-aptauja","status":"publish","type":"post","link":"https:\/\/www.europesays.com\/lv\/34689\/","title":{"rendered":"Visvair\u0101k balsu N\u012bderlandes parlamenta v\u0113l\u0113\u0161an\u0101s sa\u0146\u0113mu\u0161i centristi, liecina v\u0113l\u0113t\u0101ju aptauja"},"content":{"rendered":"<p>PVV, kas gadiem ilgi atrad\u0101s opoz\u012bcij\u0101, p\u0113c uzvaras 2023. gada v\u0113l\u0113\u0161an\u0101s non\u0101ca valdo\u0161aj\u0101 koal\u012bcij\u0101, ta\u010du \u0161\u0101 gada j\u016bnij\u0101 to pameta, jo nesp\u0113ja pan\u0101kt pietiekami stingras imigr\u0101cijas politikas \u012bsteno\u0161anu. Tas noveda pie Dika Shofa vad\u012bt\u0101s vald\u012bbas kri\u0161anas un pirmstermi\u0146a v\u0113l\u0113\u0161anu izsludin\u0101\u0161anas. Sarunas par n\u0101kam\u0101s koal\u012bcijas izveidi p\u0113c \u0101rk\u0101rtas v\u0113l\u0113\u0161an\u0101m, dom\u0101jams, b\u016bs smagas un atkal ilgs m\u0113ne\u0161iem.<\/p>\n","protected":false},"excerpt":{"rendered":"PVV, kas gadiem ilgi atrad\u0101s opoz\u012bcij\u0101, p\u0113c uzvaras 2023. gada v\u0113l\u0113\u0161an\u0101s non\u0101ca valdo\u0161aj\u0101 koal\u012bcij\u0101, ta\u010du \u0161\u0101 gada j\u016bnij\u0101&hellip;\n","protected":false},"author":2,"featured_media":34690,"comment_status":"","ping_status":"","sticky":false,"template":"","format":"standard","meta":{"footnotes":""},"categories":[14],"tags":[23,57,28,29,32,33,22,30,31,35,39,38,36,37,34,40,20,26,27,24,25,54,55,56,21,58],"class_list":{"0":"post-34689","1":"post","2":"type-post","3":"status-publish","4":"format-standard","5":"has-post-thumbnail","7":"category-zinas-no-arvalstim","8":"tag-aktualitates","9":"tag-arvalstim","10":"tag-breaking-news","11":"tag-breakingnews","12":"tag-featured-news","13":"tag-featurednews","14":"tag-headlines","15":"tag-latest-news","16":"tag-latestnews","17":"tag-latvia","18":"tag-latvian","19":"tag-latviesu","20":"tag-latviesu-valoda","21":"tag-latviesuvaloda","22":"tag-latvija","23":"tag-lv","24":"tag-news","25":"tag-popularakas-zinas","26":"tag-popularakaszinas","27":"tag-top-stories","28":"tag-topstories","29":"tag-world","30":"tag-world-news","31":"tag-worldnews","32":"tag-zinas","33":"tag-zinas-no-arvalstim"},"share_on_mastodon":{"url":"https:\/\/pubeurope.com\/@lv\/115459652444211413","error":""},"_links":{"self":[{"href":"https:\/\/www.europesays.com\/lv\/wp-json\/wp\/v2\/posts\/34689","targetHints":{"allow":["GET"]}}],"collection":[{"href":"https:\/\/www.europesays.com\/lv\/wp-json\/wp\/v2\/posts"}],"about":[{"href":"https:\/\/www.europesays.com\/lv\/wp-json\/wp\/v2\/types\/post"}],"author":[{"embeddable":true,"href":"https:\/\/www.europesays.com\/lv\/wp-json\/wp\/v2\/users\/2"}],"replies":[{"embeddable":true,"href":"https:\/\/www.europesays.com\/lv\/wp-json\/wp\/v2\/comments?post=34689"}],"version-history":[{"count":0,"href":"https:\/\/www.europesays.com\/lv\/wp-json\/wp\/v2\/posts\/34689\/revisions"}],"wp:featuredmedia":[{"embeddable":true,"href":"https:\/\/www.europesays.com\/lv\/wp-json\/wp\/v2\/media\/34690"}],"wp:attachment":[{"href":"https:\/\/www.europesays.com\/lv\/wp-json\/wp\/v2\/media?parent=34689"}],"wp:term":[{"taxonomy":"category","embeddable":true,"href":"https:\/\/www.europesays.com\/lv\/wp-json\/wp\/v2\/categories?post=34689"},{"taxonomy":"post_tag","embeddable":true,"href":"https:\/\/www.europesays.com\/lv\/wp-json\/wp\/v2\/tags?post=34689"}],"curies":[{"name":"wp","href":"https:\/\/api.w.org\/{rel}","templated":true}]}}